{"id":313,"date":"2022-06-23T19:02:00","date_gmt":"2022-06-23T19:02:00","guid":{"rendered":"https:\/\/www.dp.lu\/betzder\/?p=313"},"modified":"2023-02-01T14:47:02","modified_gmt":"2023-02-01T14:47:02","slug":"neie-coordinateur-sekretar","status":"publish","type":"post","link":"https:\/\/www.dp.lu\/betzder\/neie-coordinateur-sekretar\/","title":{"rendered":"Neie Coordinateur\/Sekret\u00e4r"},"content":{"rendered":"\n<figure class=\"wp-block-image size-large\"><img fetchpriority=\"high\" decoding=\"async\" width=\"1024\" height=\"683\" src=\"https:\/\/www.dp.lu\/betzder\/wp-content\/uploads\/sites\/47\/2023\/01\/kongressss-1024x683.jpg\" alt=\"\" class=\"wp-image-314\" srcset=\"https:\/\/www.dp.lu\/betzder\/wp-content\/uploads\/sites\/47\/2023\/01\/kongressss-1024x683.jpg 1024w, https:\/\/www.dp.lu\/betzder\/wp-content\/uploads\/sites\/47\/2023\/01\/kongressss-300x200.jpg 300w, https:\/\/www.dp.lu\/betzder\/wp-content\/uploads\/sites\/47\/2023\/01\/kongressss-768x512.jpg 768w, https:\/\/www.dp.lu\/betzder\/wp-content\/uploads\/sites\/47\/2023\/01\/kongressss-1536x1024.jpg 1536w, https:\/\/www.dp.lu\/betzder\/wp-content\/uploads\/sites\/47\/2023\/01\/kongressss.jpg 2048w\" sizes=\"(max-width: 1024px) 100vw, 1024px\" \/><figcaption class=\"wp-element-caption\">DP-Kongress 2022<\/figcaption><\/figure>\n\n\n\n<p><em><strong>LUX:<\/strong><\/em> D&#8217;Demokratesch Partei &#8211; Sektioun Betzder ass houfreg Iech matzedeelen dass den <strong>Hugo Da Costa<\/strong> hire&nbsp;neie Coordinateur\/Sekret\u00e4r ass. Den Hugo, och wann e&nbsp;r\u00e9ischt 17 Joer al ass, huet&nbsp;schonn e&nbsp;laangj\u00e4regt politescht Engagement hannert sech. Hie war op alle Niveauen aktiv. National, war hie President vum Jugendparlament, wat eng grouss&nbsp;B\u00fcn ass fir mat Ministeren an Deput\u00e9ierten ze diskut\u00e9ieren. Europ\u00e4esch, war hien op verschidden &#8220;Model European Parliaments&#8221; &#8211; en europ\u00e4escht Parlament fir Jugendlecher, deen hien och Presid\u00e9iert huet. Lokal ass en och a&nbsp;verschidde Ver\u00e4iner aktiv. Aktuell, ass hien also bei eis an der DP Betzder aktiv, en ass Member am Regionalcomit\u00e9 vun der DP-Osten an en ass gewielte Member vum Comit\u00e9 Directeur vun der DP, den h\u00e9chste Gremium vun der Partei. Seng&nbsp;Passioune sinn Tennis, Aktualit\u00e9it, Kino&nbsp;a virun allem Politik. Mir sinn iwwerzeegt dass den Hugo d\u00e9i richteg Persoun op der richteger Platz ass.<\/p>\n\n\n\n<p>Firwat engag\u00e9iert hie sech?<\/p>\n\n\n\n<ul class=\"wp-block-list\">\n<li>Fir d&#8217;Participatioun vun de Matbierger<\/li>\n\n\n\n<li>Fir sozial Gerechtegkeet<\/li>\n\n\n\n<li>Fir den Zesummenhalt<\/li>\n\n\n\n<li>Fir Europa<\/li>\n\n\n\n<li>Fir d&#8217;W\u00e4erter vun Demokratie, Fr\u00e4iheet a Gl\u00e4ichheet<\/li>\n<\/ul>\n\n\n\n<p>Dir k\u00ebnnt him op Folgenden Medien suiv\u00e9ieren:<\/p>\n\n\n\n<p>Facebook: Hugo Da Costa \/ Instagram: hugo_da.costa<\/p>\n\n\n\n<p><em><strong>FR:<\/strong><\/em> Le Parti d\u00e9mocratique &#8211; Section Betzdorf est fier d&#8217;annoncer la nomination de Hugo Da Costa comme son nouveau coordinateur\/secr\u00e9taire. Bien que Hugo n&#8217;ait que 17 ans, il a un long parcours politique. Il a \u00e9t\u00e9 actif \u00e0 tous les niveaux. Au niveau national, il a \u00e9t\u00e9 pr\u00e9sident du Parlement des jeunes, ce qui est une excellente occasion de discuter avec des ministres et des d\u00e9put\u00e9s. Au niveau europ\u00e9en, il a \u00e9t\u00e9 membre de plusieurs &#8220;Model European Parliaments&#8221; &#8211; un Parlement europ\u00e9en pour les jeunes, qu&#8217;il a \u00e9galement pr\u00e9sid\u00e9. Il est \u00e9galement actif \u00e0 Betzdorf dans diff\u00e9rentes associations. Actuellement, il est actif chez nous au sein du DP Betzder, il est membre du comit\u00e9 r\u00e9gional du DP Est et il est membre \u00e9lu du comit\u00e9 directeur du DP, la plus haute instance du parti. Ses passions sont le tennis, l&#8217;actualit\u00e9, le cin\u00e9ma et surtout la politique. Nous sommes convaincus qu&#8217;Hugo est la bonne personne au bon endroit.<\/p>\n\n\n\n<p>Pourquoi s&#8217;engage-t-il ?<\/p>\n\n\n\n<ul class=\"wp-block-list\">\n<li>&nbsp;&nbsp;&nbsp; Pour la participation des citoyens<\/li>\n\n\n\n<li>&nbsp;&nbsp;&nbsp; Pour la justice sociale<\/li>\n\n\n\n<li>&nbsp;&nbsp;&nbsp; Pour la coh\u00e9sion<\/li>\n\n\n\n<li>&nbsp;&nbsp;&nbsp; Pour l&#8217;Europe<\/li>\n\n\n\n<li>&nbsp;&nbsp;&nbsp; Pour les valeurs de d\u00e9mocratie, de libert\u00e9 et d&#8217;\u00e9galit\u00e9<\/li>\n<\/ul>\n\n\n\n<p>Vous pouvez le suivre sur les m\u00e9dias suivants :<\/p>\n\n\n\n<p>Facebook: Hugo Da Costa \/ Instagram: hugo_da.costa<\/p>\n\n\n\n<p><em><strong>ENG:&nbsp; <\/strong><\/em>The Democratic Party &#8211; Betzder Section is proud to announce the appointment of Hugo Da Costa as its new Coordinator\/Secretary. Although Hugo is only 17 years old, he has a long political background. He has been active at all levels. Nationally, he was President of the Youth Parliament, which is a great opportunity to discuss with ministers and MPs. On the European level, he has been in several &#8220;Model European Parliaments&#8221; &#8211; a European Parliament for Youth, which he also chaired. He is also active in various associations in Betzdorf. Currently, he is active in the DP Betzder, he is a member of the regional board of the DP East and he is an elected member of the Comit\u00e9 Directeur of the DP, the highest body of the party. His passions are tennis, current affairs, cinema and above all politics. We are convinced that Hugo is the right person in the right place.<\/p>\n\n\n\n<p>Why is he involved?<\/p>\n\n\n\n<ul class=\"wp-block-list\">\n<li>&nbsp;&nbsp;&nbsp; For citizen participation<\/li>\n\n\n\n<li>&nbsp;&nbsp;&nbsp; For social justice<\/li>\n\n\n\n<li>&nbsp;&nbsp;&nbsp; For cohesion<\/li>\n\n\n\n<li>&nbsp;&nbsp;&nbsp; For Europe<\/li>\n\n\n\n<li>&nbsp;&nbsp;&nbsp; For the values of democracy, freedom and equality<\/li>\n<\/ul>\n\n\n\n<p>You can follow him on the following media:<\/p>\n\n\n\n<p>Facebook: Hugo Da Costa \/ Instagram: hugo_da.costa<\/p>\n\n\n\n<p><strong><em>POR:&nbsp; <\/em><\/strong>O Partido Democr\u00e1tico &#8211; Sec\u00e7\u00e3o Betzder orgulha-se de anunciar a nomea\u00e7\u00e3o de Hugo da Costa como seu novo Coordenador\/Secret\u00e1rio. Embora Hugo tenha apenas 17 anos de idade, ele tem um longo passado pol\u00edtico. Ele tem estado activo a todos os n\u00edveis. A n\u00edvel nacional, foi Presidente do Parlamento dos Jov\u00e9ns, o que constitui uma grande oportunidade para discutir com ministros e deputados. A n\u00edvel europ\u00e9u, esteve em v\u00e1rios &#8220;Model European Parliament&#8221; &#8211; um Parlamento Europeu para a Juventude, a que tamb\u00e9m presidiu. Est\u00e1 tamb\u00e9m activo em v\u00e1rias associa\u00e7\u00f5es em Betzdorf. Actualmente, est\u00e1 activo na DP Betzder, \u00e9 membro da direc\u00e7\u00e3o regional da DP Leste e \u00e9 membro eleito do Comit\u00e9 Directeur da DP, o \u00f3rg\u00e3o m\u00e1ximo do partido. As suas paix\u00f5es s\u00e3o o t\u00e9nis, os assuntos correntes, o cinema e sobretudo a pol\u00edtica. Estamos convencidos de que Hugo \u00e9 a pessoa certa no lugar certo.<\/p>\n\n\n\n<p>Porque \u00e9 que ele est\u00e1 envolvido?<\/p>\n\n\n\n<ul class=\"wp-block-list\">\n<li>&nbsp;&nbsp;&nbsp; Para a participa\u00e7\u00e3o dos cidad\u00e3os<\/li>\n\n\n\n<li>&nbsp;&nbsp;&nbsp; Pela justi\u00e7a social<\/li>\n\n\n\n<li>&nbsp;&nbsp;&nbsp; Para a coes\u00e3o<\/li>\n\n\n\n<li>&nbsp;&nbsp;&nbsp; Para a Europa<\/li>\n\n\n\n<li>&nbsp;&nbsp;&nbsp; Para os valores da democracia, liberdade e igualdade<\/li>\n<\/ul>\n\n\n\n<p>Pode segui-lo nos seguintes meios de comunica\u00e7\u00e3o social:<\/p>\n\n\n\n<p>Facebook: Hugo Da Costa \/ Instagram: hugo_da.costa<\/p>\n","protected":false},"excerpt":{"rendered":"<p>D&#8217;Demokratesch Partei &#8211; Sektioun Betzder ass houfreg Iech matzedeelen dass den Hugo Da Costa hire\u00a0neie Coordinateur\/Sekret\u00e4r as<\/p>\n","protected":false},"author":40,"featured_media":314,"comment_status":"closed","ping_status":"closed","sticky":false,"template":"","format":"standard","meta":{"footnotes":""},"categories":[1],"tags":[20],"class_list":["post-313","post","type-post","status-publish","format-standard","has-post-thumbnail","hentry","category-news","tag-hugo-da-costa","wpbf-post"],"_links":{"self":[{"href":"https:\/\/www.dp.lu\/betzder\/wp-json\/wp\/v2\/posts\/313","targetHints":{"allow":["GET"]}}],"collection":[{"href":"https:\/\/www.dp.lu\/betzder\/wp-json\/wp\/v2\/posts"}],"about":[{"href":"https:\/\/www.dp.lu\/betzder\/wp-json\/wp\/v2\/types\/post"}],"author":[{"embeddable":true,"href":"https:\/\/www.dp.lu\/betzder\/wp-json\/wp\/v2\/users\/40"}],"replies":[{"embeddable":true,"href":"https:\/\/www.dp.lu\/betzder\/wp-json\/wp\/v2\/comments?post=313"}],"version-history":[{"count":2,"href":"https:\/\/www.dp.lu\/betzder\/wp-json\/wp\/v2\/posts\/313\/revisions"}],"predecessor-version":[{"id":394,"href":"https:\/\/www.dp.lu\/betzder\/wp-json\/wp\/v2\/posts\/313\/revisions\/394"}],"wp:featuredmedia":[{"embeddable":true,"href":"https:\/\/www.dp.lu\/betzder\/wp-json\/wp\/v2\/media\/314"}],"wp:attachment":[{"href":"https:\/\/www.dp.lu\/betzder\/wp-json\/wp\/v2\/media?parent=313"}],"wp:term":[{"taxonomy":"category","embeddable":true,"href":"https:\/\/www.dp.lu\/betzder\/wp-json\/wp\/v2\/categories?post=313"},{"taxonomy":"post_tag","embeddable":true,"href":"https:\/\/www.dp.lu\/betzder\/wp-json\/wp\/v2\/tags?post=313"}],"curies":[{"name":"wp","href":"https:\/\/api.w.org\/{rel}","templated":true}]}}