{"id":316,"date":"2022-07-03T19:59:00","date_gmt":"2022-07-03T19:59:00","guid":{"rendered":"https:\/\/www.dp.lu\/betzder\/?p=316"},"modified":"2023-02-01T14:34:09","modified_gmt":"2023-02-01T14:34:09","slug":"fro-un-de-schafferot-no-1-nightlifebus-22-06-2022","status":"publish","type":"post","link":"https:\/\/www.dp.lu\/betzder\/fro-un-de-schafferot-no-1-nightlifebus-22-06-2022\/","title":{"rendered":"Fro un de Sch\u00e4fferot (No.1): Nightlifebus 22.06.2022"},"content":{"rendered":"\n<figure class=\"wp-block-image size-large\"><img fetchpriority=\"high\" decoding=\"async\" width=\"1024\" height=\"683\" src=\"https:\/\/www.dp.lu\/betzder\/wp-content\/uploads\/sites\/47\/2023\/01\/People-in-a-bus-173274-pixahive-1024x683.jpg\" alt=\"\" class=\"wp-image-317\" srcset=\"https:\/\/www.dp.lu\/betzder\/wp-content\/uploads\/sites\/47\/2023\/01\/People-in-a-bus-173274-pixahive-1024x683.jpg 1024w, https:\/\/www.dp.lu\/betzder\/wp-content\/uploads\/sites\/47\/2023\/01\/People-in-a-bus-173274-pixahive-300x200.jpg 300w, https:\/\/www.dp.lu\/betzder\/wp-content\/uploads\/sites\/47\/2023\/01\/People-in-a-bus-173274-pixahive-768x512.jpg 768w, https:\/\/www.dp.lu\/betzder\/wp-content\/uploads\/sites\/47\/2023\/01\/People-in-a-bus-173274-pixahive-1536x1024.jpg 1536w, https:\/\/www.dp.lu\/betzder\/wp-content\/uploads\/sites\/47\/2023\/01\/People-in-a-bus-173274-pixahive-2048x1366.jpg 2048w\" sizes=\"(max-width: 1024px) 100vw, 1024px\" \/><\/figure>\n\n\n\n<p>H\u00e4r Buergermeeschter, H\u00e4r a Madame Sch\u00e4ffen,<\/p>\n\n\n\n<p>Mir hunn hei d\u2019\u00c9ier Iech matzedeelen, dass mir dem Buergermeeschter- a Sch\u00e4ffenrot, am Aklang mam Artikel 25 vum ge\u00e4nnerten Gemengegesetz vum 13. Dezember 1988, folgend Froen stellen w\u00ebllen.<\/p>\n\n\n\n<p>Nom Virowend vum Nationalfeierdag waren e puer Bierger aus der Gemeng iwwerrascht, datt den &#8220;NightLifeBus&#8221; um 1.25 Auer um Arr\u00eat Alphonse Weicker um Kierchbierg s\u00e4i leschte Laf hat, wat zu engem ganz vollen Bus gefouert huet. \u00cbmsou m\u00e9i erstaunlech ass ze w\u00ebssen, datt aner Gemengen, d\u00e4itlech m\u00e9i kleng w\u00e9i eis, m\u00e9i NLB-Course bis sp\u00e9it de Moien haten.<\/p>\n\n\n\n<p>\u25cf War de Buergermeeschter- a Sch\u00e4ffenrot sech bewosst, datt d&#8217;NLB&#8217;en net un d&#8217;Envergure vum Virowend vum Nationalfeierdag ugepasst waren?<\/p>\n\n\n\n<p>     \u25cb Wa jo, huet de Buergermeeschter- a Sch\u00e4ffenrot speziell fir den Dag virum Nationalfeierdag eng Erh\u00e9ijung vun der Frequenz vun de Coursen ugefrot?<\/p>\n\n\n\n<p>     \u25cb Wann net, firwat hunn de Buergermeeschter an de Sch\u00e4fferot net d&#8217;Noutwendegkeet gesinn, den Owend eng Erh\u00e9ijung vun der Frequenz vun de Coursen vum NLB ze froen?<\/p>\n\n\n\n<p>\u25cf W\u00ebllt de Buergermeeschter- a Sch\u00e4ffenrot seng Strategie fir zuk\u00fcnfteg grouss, gutt besichten Eventer \u00e4nneren?<\/p>\n\n\n\n<hr class=\"wp-block-separator has-alpha-channel-opacity\" \/>\n\n\n\n<p>Patrick Lamh\u00e8ne, Gemengerot vun der Demokratescher Partei<\/p>\n\n\n\n<p>Hugo Da Costa, Coordinateur DP Betzdorf<\/p>\n\n\n\n<p><em><strong>FR:<\/strong><\/em><\/p>\n\n\n\n<p>Monsieur le Bourgmestre, Madame et Monsieur les \u00e9chevins,<\/p>\n\n\n\n<p>Par la pr\u00e9sente, nous avons l&#8217;honneur de vous informer que, conform\u00e9ment \u00e0 l&#8217;article 25 de la loi communale modifi\u00e9e du 13 d\u00e9cembre 1988, nous souhaitons poser les questions suivantes au coll\u00e8ge des bourgmestre et \u00e9chevins (CBE) :<\/p>\n\n\n\n<p>Suite \u00e0 la veille de la f\u00eate nationale, certains citoyens de la commune se sont \u00e9tonn\u00e9s que le \u201cNightLifeBus\u201d ait eu sa derni\u00e8re course \u00e0 1h25 \u00e0 l\u2019arr\u00eat Alphonse Weicker au Kirchberg, ce qui a conduit \u00e0 avoir un bus tr\u00e8s rempli. Il est d\u2019autant plus \u00e9tonnant de savoir, que d\u2019autres communes, nettement plus petites que la n\u00f4tre, ont eu plus de courses du NLB allant jusqu\u2019\u00e0 plus tard dans la matin\u00e9e.<\/p>\n\n\n\n<p>\u25cf Le coll\u00e8ge des bourgmestre et \u00e9chevins \u00e9tait-il au courant que les NightLifeBus n\u2019avaient pas \u00e9t\u00e9 adapt\u00e9s \u00e0 l\u2019envergure de la f\u00eate nationale?<\/p>\n\n\n\n<p>     \u25cb Dans l\u2019affirmative, est-ce que le coll\u00e8ge des bourgmestre et \u00e9chevins a demand\u00e9 une augmentation de la cadence des courses sp\u00e9cialement pour la veille de la f\u00eate nationale?<\/p>\n\n\n\n<p>     \u25cb Dans la n\u00e9gative, pour quelle raison le coll\u00e8ge des bourgmestre et \u00e9chevins n\u2019a pas jug\u00e9 bon demander une augmentation de la cadence des courses du NLB pour cette soir\u00e9e?<\/p>\n\n\n\n<p>\u25cf Le coll\u00e8ge des bourgmestre et \u00e9chevins compte-t-il changer de strat\u00e9gie pour les prochains \u00e9v\u00e8nements majeurs, attirant beaucoup de monde?<\/p>\n\n\n\n<p>En vous remerciant d\u2019avance, je vous prie d\u2019agr\u00e9er, Monsieur le Bourgmestre, Madame et Monsieur les \u00e9chevins, nos meilleures salutations.<\/p>\n\n\n\n<hr class=\"wp-block-separator has-alpha-channel-opacity\" \/>\n\n\n\n<p>Patrick Lamh\u00e8ne, Conseiller communal du Parti D\u00e9mocratique&nbsp;<\/p>\n\n\n\n<p>Hugo Da Costa, Coordinateur DP Betzdorf<\/p>\n\n\n\n<p><em><strong>ENG:<\/strong><\/em><\/p>\n\n\n\n<p>Dear Mr. Mayor and Mr. and Mrs. Aldermen<\/p>\n\n\n\n<p>We hereby have the honour of informing you that, in accordance with Article 25 of the amended municipal law of 13 December 1988, we wish to ask the College of Mayor and Aldermen the following questions<\/p>\n\n\n\n<p>Following the eve of the National Holiday, some citizens of the municipality were surprised that the &#8220;NightLifeBus&#8221; had its last run at 1.25 a.m. at the Alphonse Weicker stop in Kirchberg, which resulted in a very full bus. It is all the more astonishing to know, that other communes, clearly smaller than ours, had more NLB runs going until later in the morning.<\/p>\n\n\n\n<p>\u25cf Was the College of Mayor and Aldermen aware that the NightLifeBuses had not been adapted to the scale of the National Holiday?<\/p>\n\n\n\n<p>     \u25cb If so, did the College of Mayor and Aldermen request an increase in the frequency of the runs especially for the day before the National Holiday?<\/p>\n\n\n\n<p>     \u25cb If not, why did the Mayor&#8217;s and Aldermen&#8217;s council not see the need to request an increase in the frequency of the NLB&#8217;s races on this evening?<\/p>\n\n\n\n<p>\u25cf Does the College of Mayor and Aldermen intend to change its strategy for future major, well-attended events?<\/p>\n\n\n\n<p>Thanking you in advance, please accept, Mr. Mayor and Mr. and Mrs. Aldermen, our best regards.<\/p>\n\n\n\n<hr class=\"wp-block-separator has-alpha-channel-opacity\" \/>\n\n\n\n<p>Patrick Lamh\u00e8ne, Municipal Councillor of the Democratic Party<\/p>\n\n\n\n<p>Hugo Da Costa, Coordinator DP Betzdorf<\/p>\n\n\n\n<div data-wp-interactive=\"core\/file\" class=\"wp-block-file\"><object data-wp-bind--hidden=\"!state.hasPdfPreview\" hidden class=\"wp-block-file__embed\" data=\"https:\/\/www.dp.lu\/betzder\/wp-content\/uploads\/sites\/47\/2023\/01\/Fro_Schafferot_N.1_NLB.pdf\" type=\"application\/pdf\" style=\"width:100%;height:600px\" aria-label=\"Embed of Fro_Schafferot_N.1_NLB.\"><\/object><a id=\"wp-block-file--media-71df89a1-a7a2-4fbb-bb1a-6930843e2144\" href=\"https:\/\/www.dp.lu\/betzder\/wp-content\/uploads\/sites\/47\/2023\/01\/Fro_Schafferot_N.1_NLB.pdf\">Fro_Schafferot_N.1_NLB<\/a><a href=\"https:\/\/www.dp.lu\/betzder\/wp-content\/uploads\/sites\/47\/2023\/01\/Fro_Schafferot_N.1_NLB.pdf\" class=\"wp-block-file__button wp-element-button\" download aria-describedby=\"wp-block-file--media-71df89a1-a7a2-4fbb-bb1a-6930843e2144\">Download<\/a><\/div>\n","protected":false},"excerpt":{"rendered":"<p>Den 22.06.2022 huet eise Gemengeconseiller Patrick Lamh\u00e8ne eng schr\u00ebftlech Fro un de Sch\u00e4fferot zu den Nightlifebusser vun der Gemeng gestallt. Liest eis Fro<\/p>\n","protected":false},"author":40,"featured_media":317,"comment_status":"closed","ping_status":"closed","sticky":false,"template":"","format":"standard","meta":{"footnotes":""},"categories":[1],"tags":[20,21],"class_list":["post-316","post","type-post","status-publish","format-standard","has-post-thumbnail","hentry","category-news","tag-hugo-da-costa","tag-patrick-lamhene","wpbf-post"],"_links":{"self":[{"href":"https:\/\/www.dp.lu\/betzder\/wp-json\/wp\/v2\/posts\/316","targetHints":{"allow":["GET"]}}],"collection":[{"href":"https:\/\/www.dp.lu\/betzder\/wp-json\/wp\/v2\/posts"}],"about":[{"href":"https:\/\/www.dp.lu\/betzder\/wp-json\/wp\/v2\/types\/post"}],"author":[{"embeddable":true,"href":"https:\/\/www.dp.lu\/betzder\/wp-json\/wp\/v2\/users\/40"}],"replies":[{"embeddable":true,"href":"https:\/\/www.dp.lu\/betzder\/wp-json\/wp\/v2\/comments?post=316"}],"version-history":[{"count":2,"href":"https:\/\/www.dp.lu\/betzder\/wp-json\/wp\/v2\/posts\/316\/revisions"}],"predecessor-version":[{"id":391,"href":"https:\/\/www.dp.lu\/betzder\/wp-json\/wp\/v2\/posts\/316\/revisions\/391"}],"wp:featuredmedia":[{"embeddable":true,"href":"https:\/\/www.dp.lu\/betzder\/wp-json\/wp\/v2\/media\/317"}],"wp:attachment":[{"href":"https:\/\/www.dp.lu\/betzder\/wp-json\/wp\/v2\/media?parent=316"}],"wp:term":[{"taxonomy":"category","embeddable":true,"href":"https:\/\/www.dp.lu\/betzder\/wp-json\/wp\/v2\/categories?post=316"},{"taxonomy":"post_tag","embeddable":true,"href":"https:\/\/www.dp.lu\/betzder\/wp-json\/wp\/v2\/tags?post=316"}],"curies":[{"name":"wp","href":"https:\/\/api.w.org\/{rel}","templated":true}]}}