{"id":320,"date":"2023-01-09T20:07:02","date_gmt":"2023-01-09T20:07:02","guid":{"rendered":"https:\/\/www.dp.lu\/betzder\/?p=320"},"modified":"2023-02-01T14:32:55","modified_gmt":"2023-02-01T14:32:55","slug":"newsletter-vun-der-sektioun-dp-betzder","status":"publish","type":"post","link":"https:\/\/www.dp.lu\/betzder\/newsletter-vun-der-sektioun-dp-betzder\/","title":{"rendered":"Newsletter vun der Sektioun DP Betzder"},"content":{"rendered":"\n<div class=\"wp-block-columns is-layout-flex wp-container-core-columns-is-layout-28f84493 wp-block-columns-is-layout-flex\">\n<div class=\"wp-block-column is-vertically-aligned-center is-layout-flow wp-block-column-is-layout-flow\">\n<figure class=\"wp-block-image aligncenter size-full\"><a href=\"#LU\"><img decoding=\"async\" width=\"45\" height=\"30\" src=\"https:\/\/www.dp.lu\/betzder\/wp-content\/uploads\/sites\/47\/2023\/01\/flag_lu.jpg\" alt=\"\" class=\"wp-image-371\" \/><\/a><\/figure>\n<\/div>\n\n\n\n<div class=\"wp-block-column is-vertically-aligned-center is-layout-flow wp-block-column-is-layout-flow\">\n<figure class=\"wp-block-image aligncenter size-full\"><a href=\"#DE\"><img decoding=\"async\" width=\"45\" height=\"30\" src=\"https:\/\/www.dp.lu\/betzder\/wp-content\/uploads\/sites\/47\/2023\/01\/flag_de.jpg\" alt=\"\" class=\"wp-image-369\" \/><\/a><\/figure>\n<\/div>\n\n\n\n<div class=\"wp-block-column is-vertically-aligned-center is-layout-flow wp-block-column-is-layout-flow\">\n<figure class=\"wp-block-image aligncenter size-full\"><img decoding=\"async\" width=\"45\" height=\"30\" src=\"https:\/\/www.dp.lu\/betzder\/wp-content\/uploads\/sites\/47\/2023\/01\/flag_fr.jpg\" alt=\"\" class=\"wp-image-370\" \/><\/figure>\n<\/div>\n\n\n\n<div class=\"wp-block-column is-vertically-aligned-center is-layout-flow wp-block-column-is-layout-flow\">\n<figure class=\"wp-block-image aligncenter size-full\"><a href=\"#EN\"><img loading=\"lazy\" decoding=\"async\" width=\"45\" height=\"30\" src=\"https:\/\/www.dp.lu\/betzder\/wp-content\/uploads\/sites\/47\/2023\/01\/flag_uk.jpg\" alt=\"\" class=\"wp-image-373\" \/><\/a><\/figure>\n<\/div>\n\n\n\n<div class=\"wp-block-column is-vertically-aligned-center is-layout-flow wp-block-column-is-layout-flow\">\n<figure class=\"wp-block-image aligncenter size-full\"><a href=\"#PT\"><img loading=\"lazy\" decoding=\"async\" width=\"45\" height=\"30\" src=\"https:\/\/www.dp.lu\/betzder\/wp-content\/uploads\/sites\/47\/2023\/01\/flag_pt.jpg\" alt=\"\" class=\"wp-image-372\" \/><\/a><\/figure>\n<\/div>\n<\/div>\n\n\n\n<hr class=\"wp-block-separator has-text-color has-alpha-channel-opacity has-background is-style-wide\" style=\"background-color:#aab500;color:#aab500\" \/>\n\n\n\n<div style=\"height:20px\" aria-hidden=\"true\" class=\"wp-block-spacer\"><\/div>\n\n\n\n<h1 class=\"has-text-align-center has-text-color wp-block-heading\" id=\"LU\" style=\"color:#aab500\">L\u00ebtzebuerger Versioun<\/h1>\n\n\n<div class=\"_3d-flip-book  fb3d-fullscreen-mode full-size\" data-id=\"374\" data-mode=\"fullscreen\" data-title=\"false\" data-template=\"short-white-book-view\" data-lightbox=\"dark-shadow\" data-urlparam=\"fb3d-page\" data-page-n=\"0\" data-pdf=\"\" data-tax=\"null\" data-thumbnail=\"\" data-cols=\"3\" data-book-template=\"default\" data-trigger=\"\"><\/div><script type=\"text\/javascript\">window.FB3D_CLIENT_DATA = window.FB3D_CLIENT_DATA || [];FB3D_CLIENT_DATA.push('eyJwb3N0cyI6eyIzNzQiOnsiSUQiOjM3NCwidGl0bGUiOiJOZXdzbGV0dGVyIE5vdmVtYmVyIDIwMjIiLCJ0eXBlIjoicGRmIiwicmVhZHlfZnVuY3Rpb24iOiIiLCJib29rX3N0eWxlIjoiZmxhdCIsImJvb2tfdGVtcGxhdGUiOiJub25lIiwib3V0bGluZSI6W10sImRhdGEiOnsicG9zdF9JRCI6IjMyMiIsImd1aWQiOiJodHRwczpcL1wvd3d3LmRwLmx1XC9iZXR6ZGVyXC93cC1jb250ZW50XC91cGxvYWRzXC9zaXRlc1wvNDdcLzIwMjNcLzAxXC9EUC1CZXR6ZGVyLU5ld3NsZXR0ZXItTm92ZW1iZXItMjAyMi5wZGYiLCJwZGZfcGFnZXMiOiI0IiwicGFnZXNfY3VzdG9taXphdGlvbiI6Im5vbmUifSwidGh1bWJuYWlsIjp7ImRhdGEiOnsicG9zdF9JRCI6IjAifSwidHlwZSI6ImF1dG8ifSwicHJvcHMiOnsiY2FjaGVkUGFnZXMiOiJhdXRvIiwicmVuZGVySW5hY3RpdmVQYWdlcyI6ImF1dG8iLCJyZW5kZXJJbmFjdGl2ZVBhZ2VzT25Nb2JpbGUiOiJhdXRvIiwicmVuZGVyV2hpbGVGbGlwcGluZyI6ImF1dG8iLCJwcmVsb2FkUGFnZXMiOiJhdXRvIiwiYXV0b1BsYXlEdXJhdGlvbiI6ImF1dG8iLCJydGwiOiJhdXRvIiwiaW50ZXJhY3RpdmVDb3JuZXJzIjoiYXV0byIsInNoZWV0Ijp7InN0YXJ0VmVsb2NpdHkiOiJhdXRvIiwid2F2ZSI6ImF1dG8iLCJzaGFwZSI6ImF1dG8iLCJ3aWR0aFRleGVscyI6ImF1dG8iLCJjb2xvciI6ImF1dG8iLCJzaWRlIjoiYXV0byIsImNvcm5lckRldmlhdGlvbiI6ImF1dG8iLCJmbGV4aWJpbGl0eSI6ImF1dG8iLCJmbGV4aWJsZUNvcm5lciI6ImF1dG8iLCJiZW5kaW5nIjoiYXV0byIsImhlaWdodFRleGVscyI6ImF1dG8ifSwiY292ZXIiOnsid2F2ZSI6ImF1dG8iLCJjb2xvciI6ImF1dG8iLCJiaW5kZXJUZXh0dXJlIjoiYXV0byIsImRlcHRoIjoiYXV0byIsInBhZGRpbmciOiJhdXRvIiwic3RhcnRWZWxvY2l0eSI6ImF1dG8iLCJmbGV4aWJpbGl0eSI6ImF1dG8iLCJmbGV4aWJsZUNvcm5lciI6ImF1dG8iLCJiZW5kaW5nIjoiYXV0byIsIndpZHRoVGV4ZWxzIjoiYXV0byIsImhlaWdodFRleGVscyI6ImF1dG8iLCJtYXNzIjoiYXV0byIsInNpZGUiOiJhdXRvIiwic2hhcGUiOiJhdXRvIn0sInBhZ2UiOnsid2F2ZSI6ImF1dG8iLCJjb2xvciI6ImF1dG8iLCJkZXB0aCI6ImF1dG8iLCJzdGFydFZlbG9jaXR5IjoiYXV0byIsImZsZXhpYmlsaXR5IjoiYXV0byIsImZsZXhpYmxlQ29ybmVyIjoiYXV0byIsImJlbmRpbmciOiJhdXRvIiwid2lkdGhUZXhlbHMiOiJhdXRvIiwiaGVpZ2h0VGV4ZWxzIjoiYXV0byIsIm1hc3MiOiJhdXRvIiwic2lkZSI6ImF1dG8iLCJzaGFwZSI6ImF1dG8ifSwiaGVpZ2h0IjoiYXV0byIsIndpZHRoIjoiYXV0byIsImdyYXZpdHkiOiJhdXRvIiwicGFnZXNGb3JQcmVkaWN0aW5nIjoiYXV0byJ9LCJjb250cm9sUHJvcHMiOnsiYWN0aW9ucyI6eyJjbWRUb2MiOnsiZW5hYmxlZCI6ImF1dG8iLCJlbmFibGVkSW5OYXJyb3ciOiJhdXRvIiwiYWN0aXZlIjoiYXV0byIsImRlZmF1bHRUYWIiOiJhdXRvIn0sImNtZEF1dG9QbGF5Ijp7ImVuYWJsZWQiOiJhdXRvIiwiZW5hYmxlZEluTmFycm93IjoiYXV0byIsImFjdGl2ZSI6ImF1dG8ifSwiY21kU2F2ZSI6eyJlbmFibGVkIjoiYXV0byIsImVuYWJsZWRJbk5hcnJvdyI6ImF1dG8ifSwiY21kUHJpbnQiOnsiZW5hYmxlZCI6ImF1dG8iLCJlbmFibGVkSW5OYXJyb3ciOiJhdXRvIn0sImNtZFNpbmdsZVBhZ2UiOnsiZW5hYmxlZCI6ImF1dG8iLCJlbmFibGVkSW5OYXJyb3ciOiJhdXRvIiwiYWN0aXZlIjoiYXV0byIsImFjdGl2ZUZvck1vYmlsZSI6ImF1dG8ifSwid2lkVG9vbGJhciI6eyJlbmFibGVkIjoiYXV0byIsImVuYWJsZWRJbk5hcnJvdyI6ImF1dG8ifX19LCJhdXRvVGh1bWJuYWlsIjoiaHR0cHM6XC9cL3d3dy5kcC5sdVwvYmV0emRlclwvd3AtY29udGVudFwvdXBsb2Fkc1wvc2l0ZXNcLzQ3XC8zZC1mbGlwLWJvb2tcL2F1dG8tdGh1bWJuYWlsc1wvMzc0LnBuZyIsInBvc3RfbmFtZSI6Im5ld3NsZXR0ZXItbm92ZW1iZXItMjAyMiIsInBvc3RfdHlwZSI6IjNkLWZsaXAtYm9vayJ9fSwicGFnZXMiOltdLCJmaXJzdFBhZ2VzIjpbXX0=');window.FB3D_CLIENT_LOCALE && FB3D_CLIENT_LOCALE.render && FB3D_CLIENT_LOCALE.render();<\/script>\n\n\n\n<hr class=\"wp-block-separator has-text-color has-alpha-channel-opacity has-background is-style-wide\" style=\"background-color:#aab500;color:#aab500\" \/>\n\n\n\n<div style=\"height:50px\" aria-hidden=\"true\" class=\"wp-block-spacer\"><\/div>\n\n\n\n<h1 class=\"has-text-align-center has-text-color wp-block-heading\" id=\"DE\" style=\"color:#aab500\">Deutsche Version<\/h1>\n\n\n\n<p>Es ist uns eine Freude und Ehre, Ihnen ein vielversprechendes Mitglied unseres Teams vorzustellen. Hugo Da Costa ist 18 Jahre alt und lebt in Roodt\/Syr. Er hat seine gesamte Kindheit in der Gemeinde verbracht, ist also hier aufgewachsen.<\/p>\n\n\n\n<p>Sein politisches Engagement beginnt schon sehr fr\u00fch. Schon in der Grundschule setzte er sich f\u00fcr mehr Partizipation der Sch\u00fcler ein.<\/p>\n\n\n\n<p>Er hatte auch eine beeindruckende Karriere im Gymnasium. Mitglied des Sch\u00fclercomit\u00e9, Kassenverwalter, Mitglied der Nationalen Sch\u00fclerkonferenz und Vorsitzender des Sch\u00fclercomit\u00e9. All dies im Rahmen eines Mandats.<\/p>\n\n\n\n<p>National war er auch Pr\u00e4sident des Jugendparlaments, das war der erste direkte Kontakt mit Politikern und mit konkreten Ideen. Auch auf europ\u00e4ischer Ebene war er aktiv, unter anderem beim Model European Parliament, einer Simulation des EU-Parlaments f\u00fcr junge Menschen, das er auch 2022 leitete. F\u00fcr sein junges Alter ist Hugo bereits sehr gut in die Demokratische Partei und die Jungdemokraten integriert.<\/p>\n\n\n\n<p>&nbsp;Er ist:<\/p>\n\n\n\n<ul class=\"wp-block-list\">\n<li>Pr\u00e4sident der Arbeitsgruppe Sch\u00fcler und Studenten der JDL<\/li>\n\n\n\n<li>Koordinator der DP Betzder<\/li>\n\n\n\n<li>Vizepr\u00e4sident der DP Syrdall<\/li>\n\n\n\n<li>Mitglied im Regionalausschuss DP Ost<\/li>\n\n\n\n<li>Mitglied des Vorstandes der DP<\/li>\n<\/ul>\n\n\n\n<p>Wie sein Lebenslauf zeigt, setzt sich Hugo leidenschaftlich daf\u00fcr ein, etwas f\u00fcr seine Mitmenschen zu tun. Er verpflichtet sich:<\/p>\n\n\n\n<ul class=\"wp-block-list\">\n<li>F\u00fcr die Beteiligung von Mitb\u00fcrgern<\/li>\n\n\n\n<li>F\u00fcr soziale Gerechtigkeit<\/li>\n\n\n\n<li>F\u00fcr Zusammenhalt<\/li>\n\n\n\n<li>F\u00fcr Europa<\/li>\n\n\n\n<li>F\u00fcr die Werte der Demokratie, Freiheit und Gleichheit.<\/li>\n<\/ul>\n\n\n\n<p>Sie sehen, mit Hugo st\u00e4rken wir uns substanziell zum Wohle unserer Gemeinde und unserer B\u00fcrger. Und wir freuen uns schon jetzt darauf, mit ihm und Ihnen gemeinsam den Weg der partizipativen Politik zu gehen.<\/p>\n\n\n\n<p>Patrick Lamhene<br>Pr\u00e4sident DP Betzdorf<\/p>\n\n\n\n<h2 class=\"wp-block-heading\">B\u00fcrgerbeteiligung geht anders!<\/h2>\n\n\n\n<p>Als nach den letzten Wahlen die beratenden Kommissionen neu besetzt wurden, war die aktuelle Koalition darum bem\u00fcht, mit geschlossener Blockabstimmung, die Pr\u00e4sidentenposten mit getreuen Parteimitgliedern zu besetzen. Vorherige Erfahrung oder Engagement in den verschiedenen Themenbereichen spielten dabei keine Rolle. F\u00fcr die Posten des Sekret\u00e4rs fanden sich in den eigenen Reihen aber eher keine Freiwilligen\u2026 Resultat an einem Beispiel : eine Bautenkommission die sehr unregelm\u00e4\u00dfig zusammenkommt, nur mit einem Bruchteil der Anfragen befasst wird, sowie<\/p>\n\n\n\n<p>Sitzungsberichte die anfangs gar nicht und mittlerweile sp\u00e4t und teils l\u00fcckenhaft verfasst werden. Und falls dann doch einmal kritische R\u00fcckmeldungen zu Bauvorhaben der Gemeinde aus der Kommission an den Sch\u00f6ffenrat weitergeleitet werden, mit teils konkreten L\u00f6sungsvorschl\u00e4gen, finden diese gar keine oder nur zum Schein Beachtung. So geschehen mit den kommunalen Bauprojekten \u201eAal Schoul\u201c und \u201ePompjeesbau\u201c in Mensdorf, sowie \u201eIntergenerationelles Wohnen\u201c in Betzdorf. Auch wenn die Projekte an sich, insbesondere in der heutigen Wohnungsmarktsituation, sinnvoll und unterst\u00fctzenswert sind, sollten diese doch so ausgelegt und geplant werden, dass die Lebensqualit\u00e4t der Anrainer gewahrt wird und vorhersehbare Probleme im t\u00e4glichen Zusammenleben vermieden werden. Stichw\u00f6rter Parkraum und Abfallmanagement. Dass diese Probleme nicht mehr die Sorge der aktuellen Mehrheit sein werden, daf\u00fcr k\u00f6nnen Sie sorgen, mit Ihrer Stimme, bei den n\u00e4chsten Gemeindewahlen!<\/p>\n\n\n\n<hr class=\"wp-block-separator has-text-color has-alpha-channel-opacity has-background is-style-wide\" style=\"background-color:#aab500;color:#aab500\" \/>\n\n\n\n<div style=\"height:50px\" aria-hidden=\"true\" class=\"wp-block-spacer\"><\/div>\n\n\n\n<h1 class=\"has-text-align-center has-text-color wp-block-heading\" id=\"FR\" style=\"color:#aab500\">Version fran\u00e7aise<\/h1>\n\n\n\n<p>Nous avons le plaisir et l&#8217;honneur de vous pr\u00e9senter un membre prometteur de notre \u00e9quipe. Hugo Da Costa a 18 ans et vit \u00e0 Roodt\/Syre. Il a pass\u00e9 toute son enfance dans la commune et y a donc grandi. Son engagement politique commence tr\u00e8s t\u00f4t. D\u00e9j\u00e0 \u00e0 l&#8217;\u00e9cole primaire, il s&#8217;est engag\u00e9 pour une plus grande participation des \u00e9l\u00e8ves.<\/p>\n\n\n\n<p>Il a \u00e9galement eu une carri\u00e8re impressionnante au lyc\u00e9e. Membre du comit\u00e9 des \u00e9l\u00e8ves, tr\u00e9sorier, membre de la conf\u00e9rence nationale des \u00e9l\u00e8ves et pr\u00e9sident du comit\u00e9 des \u00e9l\u00e8ves. Tout cela dans le cadre d&#8217;un seul mandat.<\/p>\n\n\n\n<p>Au niveau national, il a \u00e9galement \u00e9t\u00e9 pr\u00e9sident du Parlement des Jeunes, ce qui a \u00e9t\u00e9 son premier contact direct avec les politiciens et avec des id\u00e9es concr\u00e8tes. Il a \u00e9galement \u00e9t\u00e9 actif au niveau europ\u00e9en, notamment dans le cadre du Model European Parliament, une simulation du Parlement europ\u00e9en pour les jeunes, qu&#8217;il a \u00e9galement pr\u00e9sid\u00e9 en 2022. Pour son jeune \u00e2ge, Hugo est d\u00e9j\u00e0 tr\u00e8s bien int\u00e9gr\u00e9 dans le Parti d\u00e9mocratique et les Jeunes d\u00e9mocrates.<\/p>\n\n\n\n<p>Il est :<\/p>\n\n\n\n<ul class=\"wp-block-list\">\n<li>Pr\u00e9sident du groupe de travail des \u00e9l\u00e8ves et \u00e9tudiants des JDL<\/li>\n\n\n\n<li>Coordinateur DP Betzder<\/li>\n\n\n\n<li>Vice-pr\u00e9sident DP Syrdall<\/li>\n\n\n\n<li>Membre du comit\u00e9 r\u00e9gional DP Est<\/li>\n\n\n\n<li>Membre du comit\u00e9 directeur du DP<\/li>\n<\/ul>\n\n\n\n<p>Comme le montre son parcours, Hugo est passionn\u00e9 par l&#8217;id\u00e9e de faire quelque chose pour son prochain. Il s&#8217;engage dans ce sens:<\/p>\n\n\n\n<ul class=\"wp-block-list\">\n<li>Pour la participation de ses concitoyens<\/li>\n\n\n\n<li>Pour la justice sociale<\/li>\n\n\n\n<li>Pour la coh\u00e9sion<\/li>\n\n\n\n<li>Pour l&#8217;Europe<\/li>\n\n\n\n<li>Pour les valeurs de la d\u00e9mocratie, de la libert\u00e9 et de l&#8217;\u00e9galit\u00e9<\/li>\n<\/ul>\n\n\n\n<p>Vous voyez, avec Hugo, nous nous renfor\u00e7ons substantiellement pour le bien de notre commune et de nos citoyens. Et nous nous r\u00e9jouissons d&#8217;ores et d\u00e9j\u00e0 de suivre avec lui et vous le chemin de la politique participative.<\/p>\n\n\n\n<p>Patrick Lamhene<br>Pr\u00e9sident DP Betzdorf<\/p>\n\n\n\n<h2 class=\"wp-block-heading\">La participation citoyenne se fait autrement !<\/h2>\n\n\n\n<p>Lorsque les commissions consultatives ont \u00e9t\u00e9 renouvel\u00e9es apr\u00e8s les derni\u00e8res \u00e9lections, la coalition actuelle s&#8217;est efforc\u00e9e d&#8217;attribuer les postes de pr\u00e9sident \u00e0 des membres fid\u00e8les du parti par un vote en bloc. L&#8217;exp\u00e9rience ou l&#8217;engagement ant\u00e9rieurs dans les diff\u00e9rents domaines th\u00e9matiques n&#8217;ont jou\u00e9 aucun r\u00f4le. R\u00e9sultat par exemple : une commission des b\u00e2tisses qui se r\u00e9unit tr\u00e8s irr\u00e9guli\u00e8rement, qui n&#8217;est saisie que d&#8217;une petite partie des demandes, des rapports de r\u00e9union qui, au d\u00e9but, ne sont pas du tout r\u00e9dig\u00e9s et qui, entre-temps, le sont tardivement et de mani\u00e8re incompl\u00e8te. Et s&#8217;il arrive que la commission transmette au coll\u00e8ge \u00e9chevinal des r\u00e9actions critiques sur des projets de construction de la commune, avec parfois des propositions de solutions concr\u00e8tes, celles-ci ne sont pas prises en compte ou seulement en apparence. C&#8217;est ce qui s&#8217;est pass\u00e9 avec les projets de construction communaux &#8220;Aal Schoul&#8221; et &#8220;Pompjeesbau&#8221; \u00e0 Mensdorf, ainsi que &#8221; Logement interg\u00e9n\u00e9rationnel &#8221; \u00e0 Betzdorf. M\u00eame si les projets en eux-m\u00eames sont judicieux et m\u00e9ritent d&#8217;\u00eatre soutenus, en particulier dans la situation actuelle du march\u00e9 du logement, ils devraient \u00eatre con\u00e7us et planifi\u00e9s de mani\u00e8re \u00e0 pr\u00e9server la qualit\u00e9 de vie des riverains et \u00e0 \u00e9viter les probl\u00e8mes pr\u00e9visibles dans la cohabitation quotidienne. Les mots cl\u00e9s sont le stationnement et la gestion des d\u00e9chets. Vous pouvez faire en sorte que ces probl\u00e8mes ne soient plus la pr\u00e9occupation de la majorit\u00e9 actuelle, par votre vote, lors des prochaines \u00e9lections communales !<\/p>\n\n\n\n<hr class=\"wp-block-separator has-text-color has-alpha-channel-opacity has-background is-style-wide\" style=\"background-color:#aab500;color:#aab500\" \/>\n\n\n\n<div style=\"height:50px\" aria-hidden=\"true\" class=\"wp-block-spacer\"><\/div>\n\n\n\n<h1 class=\"has-text-align-center has-text-color wp-block-heading\" id=\"EN\" style=\"color:#aab500\">English version<\/h1>\n\n\n\n<p>We are pleased and honoured to introduce a promising member of our team. Hugo Da Costa is 18 years old and lives in Roodt\/Syre. He spent his entire childhood in the commune and therefore grew up there. His political involvement started very early. Already in primary school, he was involved in promoting greater student participation.<\/p>\n\n\n\n<p>He also had an impressive career in high school. Member of the pupils&#8217; committee, treasurer, member of the national pupils&#8217; conference and president of the pupils&#8217; committee. All within one term of office.<\/p>\n\n\n\n<p>At national level he was also president of the Youth Parliament, which was his first direct contact with politicians and concrete ideas. He has also been active at European level, notably in the Model European Parliament, a simulation of the European Parliament for young people, which he also chaired in 2022. For his young age, Hugo is already very well integrated in the Democratic Party and the Young Democrats.<\/p>\n\n\n\n<p>He is :<\/p>\n\n\n\n<ul class=\"wp-block-list\">\n<li>Chair of the JDL Pupils and Students Working Group<\/li>\n\n\n\n<li>DP Betzder coordinator<\/li>\n\n\n\n<li>DP Syrdall vice-president<\/li>\n\n\n\n<li>Member of the DP East regional committee<\/li>\n\n\n\n<li>Member of the DP Steering Committee<\/li>\n<\/ul>\n\n\n\n<p>As his background shows, Hugo is passionate about doing something for his fellow citizens. He is engaged in this:<\/p>\n\n\n\n<ul class=\"wp-block-list\">\n<li>For the participation of his fellow citizens<\/li>\n\n\n\n<li>For social justice<\/li>\n\n\n\n<li>For cohesion<\/li>\n\n\n\n<li>For Europe<\/li>\n\n\n\n<li>For the values of democracy, freedom and equality<\/li>\n<\/ul>\n\n\n\n<p>You see, with Hugo, we are substantially strengthening ourselves for the good of our community and our citizens. And we look forward to following the path of participatory politics with him and you.<\/p>\n\n\n\n<p>Patrick Lamhene<br>Chairman of the DP Betzdorf<\/p>\n\n\n\n<h2 class=\"wp-block-heading\">Citizen participation works otherwise!<\/h2>\n\n\n\n<p>When the advisory committees were renewed after the last elections, the current coalition tried to allocate the chair positions to loyal party members by a block vote. Previous experience or commitment in the different thematic areas played no role. The result, for example, is a Committee on Buildings that meets very irregularly and only deals with a small number of applications, and meeting reports that are not written at all at the beginning, and which in the meantime are written late and incompletely. And although the committee sometimes sends critical reactions to municipal building projects to the Aldermen&#8217;s College, sometimes with proposals for concrete solutions, these are not taken into account, or only superficially. This was the case with the communal building projects &#8220;Aal Schoul&#8221; and &#8220;Pompjeesbau&#8221; in Mensdorf, as well as &#8220;Intergenerational housing&#8221; in Betzdorf. Although the projects themselves are worthwhile and should be supported, especially in the current housing market situation, they should be designed and planned in such a way as to preserve the quality of life of the residents and to avoid foreseeable problems in everyday living. Key words are parking and waste management. You can make sure that these problems are no longer the concern of the current majority, by your vote in the next communal elections!<\/p>\n\n\n\n<hr class=\"wp-block-separator has-text-color has-alpha-channel-opacity has-background is-style-wide\" style=\"background-color:#aab500;color:#aab500\" \/>\n\n\n\n<div style=\"height:50px\" aria-hidden=\"true\" class=\"wp-block-spacer\"><\/div>\n\n\n\n<h1 class=\"has-text-align-center has-text-color wp-block-heading\" id=\"PT\" style=\"color:#aab500\">Vers\u00e3o portuguesa<\/h1>\n\n\n\n<p>Temos o prazer e a honra de apresentar um membro promissor da nossa equipa. Hugo da Costa tem 18 anos de idade e vive em Roodt\/Syre. Passou toda a sua inf\u00e2ncia no munic\u00edpio e por isso cresceu l\u00e1. O seu envolvimento pol\u00edtico come\u00e7ou muito cedo. J\u00e1 na escola prim\u00e1ria, estava envolvido na promo\u00e7\u00e3o de uma maior participa\u00e7\u00e3o dos alunos.<\/p>\n\n\n\n<p>Teve tamb\u00e9m uma carreira impressionante no ensino secund\u00e1rio. Membro do comit\u00e9 dos alunos, tesoureiro, membro da confer\u00eancia nacional dos alunos e presidente do comit\u00e9 dos alunos. Tudo isto num s\u00f3 termo.<\/p>\n\n\n\n<p>A n\u00edvel nacional, foi tamb\u00e9m presidente do Parlamento dos Jovens, que foi o seu primeiro contacto direto com pol\u00edticos e ideias concretas. Tamb\u00e9m tem estado ativo a n\u00edvel europeu, nomeadamente no Model European Parliament, uma simula\u00e7\u00e3o do Parlamento Europeu para jovens, a que tamb\u00e9m presidiu em 2022. Para a sua jovem idade, Hugo j\u00e1 est\u00e1 muito bem integrado no Partido Democr\u00e1tico e nos Jovens Democratas.<\/p>\n\n\n\n<p>Ele \u00e9 :<\/p>\n\n\n\n<ul class=\"wp-block-list\">\n<li>Presidente do Grupo de Trabalho de Alunos e Estudantes da JDL<\/li>\n\n\n\n<li>Coordenador do DP Betzder<\/li>\n\n\n\n<li>Vice-Presidente do DP Syrdall<\/li>\n\n\n\n<li>Membro do comit\u00e9 regional DP Leste<\/li>\n\n\n\n<li>Membro do Comit\u00e9 Director do DP<\/li>\n<\/ul>\n\n\n\n<p>Como o seu passado demonstra, Hugo \u00e9 apaixonado por fazer algo pelo seu semelhante. Ele est\u00e1 empenhado nisto:<\/p>\n\n\n\n<ul class=\"wp-block-list\">\n<li>Para a participa\u00e7\u00e3o dos seus concidad\u00e3os<\/li>\n\n\n\n<li>Pela justi\u00e7a social<\/li>\n\n\n\n<li>Para a coes\u00e3o<\/li>\n\n\n\n<li>Para a Europa<\/li>\n\n\n\n<li>Para os valores da democracia, liberdade e igualdade<\/li>\n<\/ul>\n\n\n\n<p>Como podem ver, com Hugo, estamos a refor\u00e7ar-nos substancialmente para o bem da nossa comuna e dos nossos cidad\u00e3os. E esperamos seguir com ele e consigo o caminho da pol\u00edtica participativa.<\/p>\n\n\n\n<p>Patrick Lamhene<br>Presidente da DP Betzdorf<\/p>\n\n\n\n<h2 class=\"wp-block-heading\">A participa\u00e7\u00e3o dos cidad\u00e3os faz-se de maneira diferente!<\/h2>\n\n\n\n<p>Quando os comit\u00e9s consultivos foram renovados ap\u00f3s as \u00faltimas elei\u00e7\u00f5es, a actual coliga\u00e7\u00e3o tentou atribuir os cargos de presidente a membros leais do partido atrav\u00e9s de uma vota\u00e7\u00e3o em bloco. A experi\u00eancia ou empenho anteriores nas diferentes \u00e1reas tem\u00e1ticas n\u00e3o tiveram qualquer import\u00e2ncia. O resultado, por exemplo, \u00e9 uma comiss\u00e3o de constru\u00e7\u00e3o que se re\u00fane de forma muito irregular, que trata apenas de um pequeno n\u00famero de pedidos, e relat\u00f3rios de reuni\u00f5es que n\u00e3o s\u00e3o sequer escritos no in\u00edcio, e que, entretanto, s\u00e3o escritos tardiamente e de forma incompleta. E embora a comiss\u00e3o envie por vezes reac\u00e7\u00f5es cr\u00edticas aos projetos de edif\u00edcios municipais \u00e0 comiss\u00e3o dos vereadores, por vezes com propostas de solu\u00e7\u00f5es concretas, estas n\u00e3o s\u00e3o tidas em conta, ou apenas aparentemente. Foi o caso dos projetos municipais de constru\u00e7\u00e3o &#8220;Aal Schoul&#8221; e &#8220;Pompjeesbau&#8221; em Mensdorf, bem como &#8220;Habita\u00e7\u00e3o inter-geracional&#8221; em Betzdorf. Embora os pr\u00f3prios projectos valham a pena e devam ser apoiados, especialmente na actual situa\u00e7\u00e3o do mercado imobili\u00e1rio, devem ser concebidos e planeados de modo a preservar a qualidade de vida dos residentes e a evitar problemas previs\u00edveis na vida quotidiana. As palavras-chave s\u00e3o estacionamento e gest\u00e3o de res\u00edduos. Voc\u00ea poder\u00e1 garantir que estes problemas n\u00e3o s\u00e3o mais a preocupa\u00e7\u00e3o da actual maioria, atrav\u00e9s do seu voto nas pr\u00f3ximas elei\u00e7\u00f5es comunais!<\/p>\n","protected":false},"excerpt":{"rendered":"<p>D&#8217;DP Sektioun Betzder present\u00e9iert Iech de Newsletter vun der Sektioun (Hierscht 2022)<\/p>\n","protected":false},"author":40,"featured_media":382,"comment_status":"closed","ping_status":"closed","sticky":false,"template":"","format":"standard","meta":{"footnotes":""},"categories":[1],"tags":[],"class_list":["post-320","post","type-post","status-publish","format-standard","has-post-thumbnail","hentry","category-news","wpbf-post"],"_links":{"self":[{"href":"https:\/\/www.dp.lu\/betzder\/wp-json\/wp\/v2\/posts\/320","targetHints":{"allow":["GET"]}}],"collection":[{"href":"https:\/\/www.dp.lu\/betzder\/wp-json\/wp\/v2\/posts"}],"about":[{"href":"https:\/\/www.dp.lu\/betzder\/wp-json\/wp\/v2\/types\/post"}],"author":[{"embeddable":true,"href":"https:\/\/www.dp.lu\/betzder\/wp-json\/wp\/v2\/users\/40"}],"replies":[{"embeddable":true,"href":"https:\/\/www.dp.lu\/betzder\/wp-json\/wp\/v2\/comments?post=320"}],"version-history":[{"count":6,"href":"https:\/\/www.dp.lu\/betzder\/wp-json\/wp\/v2\/posts\/320\/revisions"}],"predecessor-version":[{"id":390,"href":"https:\/\/www.dp.lu\/betzder\/wp-json\/wp\/v2\/posts\/320\/revisions\/390"}],"wp:featuredmedia":[{"embeddable":true,"href":"https:\/\/www.dp.lu\/betzder\/wp-json\/wp\/v2\/media\/382"}],"wp:attachment":[{"href":"https:\/\/www.dp.lu\/betzder\/wp-json\/wp\/v2\/media?parent=320"}],"wp:term":[{"taxonomy":"category","embeddable":true,"href":"https:\/\/www.dp.lu\/betzder\/wp-json\/wp\/v2\/categories?post=320"},{"taxonomy":"post_tag","embeddable":true,"href":"https:\/\/www.dp.lu\/betzder\/wp-json\/wp\/v2\/tags?post=320"}],"curies":[{"name":"wp","href":"https:\/\/api.w.org\/{rel}","templated":true}]}}