{"id":479,"date":"2023-05-30T15:17:04","date_gmt":"2023-05-30T15:17:04","guid":{"rendered":"https:\/\/www.dp.lu\/betzder\/?p=479"},"modified":"2023-05-30T15:37:33","modified_gmt":"2023-05-30T15:37:33","slug":"notre-programme","status":"publish","type":"post","link":"https:\/\/www.dp.lu\/betzder\/notre-programme\/","title":{"rendered":"Notre programme"},"content":{"rendered":"\n<figure class=\"wp-block-image size-full\"><img decoding=\"async\" width=\"45\" height=\"30\" src=\"https:\/\/www.dp.lu\/betzder\/wp-content\/uploads\/sites\/47\/2023\/01\/flag_fr.jpg\" alt=\"\" class=\"wp-image-370\" \/><\/figure>\n\n\n\n<p><em>Pr\u00e8s de toi<\/em><\/p>\n\n\n\n<p>L&#8217;\u00e9quipe du DP Betzdorf s&#8217;engage :<\/p>\n\n\n\n<p><strong>POUR TOI, LES CITOYENS, LES ASSOCIATIONS ET LA CULTURE<\/strong><\/p>\n\n\n\n<ul class=\"wp-block-list\">\n<li>Pour les jeunes<ul><li>Plus de moyens pour la maison des jeunes et renforcement du personnel<\/li><\/ul><ul><li>Une offre \u00e9largie de Nightlife Bus<\/li><\/ul>\n<ul class=\"wp-block-list\">\n<li>Cr\u00e9ation d&#8217;un conseil communal des enfants &#8211; jeunes o\u00f9 les besoins des jeunes sont \u00e9cout\u00e9s.<\/li>\n<\/ul>\n<\/li>\n\n\n\n<li>Pour le 3e \u00e2ge<ul><li>Une plus grande offre d&#8217;activit\u00e9s encadr\u00e9es<\/li><\/ul><ul><li>Plus de places dans les maisons de retraite avec lesquelles la commune a une convention<\/li><\/ul>\n<ul class=\"wp-block-list\">\n<li>Plus de bancs sur les chemins de promenade<\/li>\n<\/ul>\n<\/li>\n\n\n\n<li>Pour les associations\n<ul class=\"wp-block-list\">\n<li>Plus de soutien logistique pour les grands \u00e9v\u00e8nements et pour la mise en place de contraintes li\u00e9es aux green events<\/li>\n<\/ul>\n<\/li>\n\n\n\n<li>Pour tous nos citoyens<ul><li>Plus d&#8217;offres culturelles diversifi\u00e9es dans ton Syrkus, en particulier pour nos jeunes<\/li><\/ul>\n<ul class=\"wp-block-list\">\n<li>Une aide administrative qui te soutient dans tes d\u00e9marches administratives<\/li>\n<\/ul>\n<\/li>\n<\/ul>\n\n\n\n<p><strong>POUR UN CAMPUS SCOLAIRE ENCORE PLUS AGR\u00c9ABLE<\/strong><\/p>\n\n\n\n<ul class=\"wp-block-list\">\n<li>Le campus scolaire doit \u00e9galement \u00eatre un lieu de rencontre attrayant pour nos enfants apr\u00e8s l&#8217;\u00e9cole et favoriser les contacts et les \u00e9changes entre les parents. Sur la base d&#8217;une consultation citoyenne, nous voulons rendre le campus encore plus s\u00fbr et plus attrayant. Nous pensons \u00e0 une offre de loisirs \u00e9largie (p.ex. skate-park ou bike-park), \u00e0 un \u00e9clairage ponctuellement am\u00e9lior\u00e9, \u00e0 plus de bancs, \u00e0 des bordures s\u00e9parant les places de parking des chemins pi\u00e9tonniers&#8230;<\/li>\n<\/ul>\n\n\n\n<p><strong>POUR LA NATURE, LA BIODIVERSIT\u00c9 ET PLUS DE D\u00c9VELOPPEMENT DURABLE<\/strong><\/p>\n\n\n\n<ul class=\"wp-block-list\">\n<li>D\u00e9velopper le photovolta\u00efque sur les b\u00e2timents communaux, mais aussi chez les particuliers.<\/li>\n\n\n\n<li>Valoriser les vergers communaux et promouvoir l&#8217;action &#8220;Giele B\u00e4ndchen&#8221; pour que les citoyens en profitent.<\/li>\n\n\n\n<li>Frigo anti-gaspi pr\u00e8s de la cantine scolaire<\/li>\n\n\n\n<li>installation de ruches par ou \u00e0 la demande de la commune<\/li>\n\n\n\n<li>Extension de l&#8217;offre de &#8220;Jardins communautaires&#8221; aux autres localit\u00e9s de la commune.<\/li>\n\n\n\n<li>Plus d&#8217;informations sur l&#8217;engagement de la commune dans le domaine du d\u00e9veloppement durable et un soutien cons\u00e9quent au travail de l&#8217;\u00e9quipe du &#8220;Klimapakt&#8221;.<\/li>\n<\/ul>\n\n\n\n<p><strong>POUR PLUS DE LOGEMENTS ABORDABLES<\/strong><\/p>\n\n\n\n<ul class=\"wp-block-list\">\n<li>Achat de terrains et d&#8217;objets int\u00e9ressants dans la commune<\/li>\n\n\n\n<li>Augmenter le parc locatif de la commune<\/li>\n<\/ul>\n\n\n\n<p><strong>POUR LE D\u00c9VELOPPEMENT DES SERVICES OFFERTS DANS TA COMMUNE<\/strong><\/p>\n\n\n\n<ul class=\"wp-block-list\">\n<li>Nous voulons nous engager pour qu&#8217;une pharmacie s&#8217;installe dans la commune.<\/li>\n\n\n\n<li>Nous voulons v\u00e9rifier si un b\u00e2timent communal non utilis\u00e9 ne pourrait pas \u00eatre utilis\u00e9 comme &#8220;co-working space&#8221; pour les jeunes entrepreneurs de la commune.<\/li>\n<\/ul>\n\n\n\n<p><strong>POUR TA MOBILIT\u00c9<\/strong><\/p>\n\n\n\n<ul class=\"wp-block-list\">\n<li>Relance du Betzbus<\/li>\n\n\n\n<li>Promotion de la mobilit\u00e9 douce<ul><li>Des voies pi\u00e9tonnes et cyclables plus s\u00fbres, notamment en direction du supermarch\u00e9.<\/li><\/ul><ul><li>Installation de &#8220;stations services&#8221; pour les v\u00e9los, offrant de l&#8217;air comprim\u00e9, de l&#8217;\u00e9lectricit\u00e9 et un ensemble d&#8217;outils, par exemple pr\u00e8s des gares ou du campus scolaire.<\/li><\/ul><ul><li>Soutenir les initiatives de p\u00e9dibus et de v\u00e9lobus pour les trajets scolaires.<\/li><\/ul><ul><li>Am\u00e9lioration de l&#8217;infrastructure des arr\u00eats de bus<\/li><\/ul><ul><li>Installation de panneaux de bus num\u00e9riques<\/li><\/ul>\n<ul class=\"wp-block-list\">\n<li>Engagement pour de meilleures liaisons de bus, entre autres entre Olingen et Banzelt.<\/li>\n<\/ul>\n<\/li>\n\n\n\n<li>Cr\u00e9ation de places de stationnement de courte dur\u00e9e pr\u00e8s de la gare pour les clients du magasin du village et pour les patients de nos m\u00e9decins.<\/li>\n\n\n\n<li>Limiter la dur\u00e9e de stationnement sur les stations de recharge pour voitures \u00e9lectriques.<\/li>\n\n\n\n<li>Mod\u00e9ration du trafic dans nos rues<ul><li>Par la commune, l\u00e0 o\u00f9 elle peut le faire, avec des bosses, des r\u00e9tr\u00e9cissements de routes et des limitations de vitesse.<\/li><\/ul>\n<ul class=\"wp-block-list\">\n<li>En faisant pression sur les instances comp\u00e9tentes pour que la mod\u00e9ration du trafic sur la N1 soit enfin mise en \u0153uvre.<\/li>\n<\/ul>\n<\/li>\n<\/ul>\n\n\n\n<p><strong>POUR UNE COMMUNE PLUS NUM\u00c9RIQUE<\/strong><\/p>\n\n\n\n<ul class=\"wp-block-list\">\n<li>Nomination d&#8217;un \u00e9chevin responsable de la num\u00e9risation.<\/li>\n\n\n\n<li>Les d\u00e9marches administratives doivent \u00eatre si possible rendues possibles \u00e0 distance par voie num\u00e9rique<\/li>\n\n\n\n<li>Approche &#8220;Paperless&#8221; : tu dois pouvoir choisir si tu veux recevoir les communications de la commune sous forme num\u00e9rique ou sur papier.<\/li>\n<\/ul>\n","protected":false},"excerpt":{"rendered":"<p>Pr\u00e8s de toi L&#8217;\u00e9quipe du DP Betzdorf s&#8217;engage : POUR TOI, LES CITOYENS, LES ASSOCIATIONS ET LA CULTURE POUR UN CAMPUS SCOLAIRE ENCORE PLUS AGR\u00c9ABLE POUR LA NATURE, LA BIODIVERSIT\u00c9 ET PLUS DE D\u00c9VELOPPEMENT DURABLE POUR PLUS DE LOGEMENTS ABORDABLES POUR LE D\u00c9VELOPPEMENT DES SERVICES OFFERTS DANS TA COMMUNE POUR TA MOBILIT\u00c9 POUR UNE COMMUNE [&hellip;]<\/p>\n","protected":false},"author":40,"featured_media":0,"comment_status":"closed","ping_status":"closed","sticky":false,"template":"","format":"standard","meta":{"footnotes":""},"categories":[1],"tags":[],"class_list":["post-479","post","type-post","status-publish","format-standard","hentry","category-news","wpbf-post"],"_links":{"self":[{"href":"https:\/\/www.dp.lu\/betzder\/wp-json\/wp\/v2\/posts\/479","targetHints":{"allow":["GET"]}}],"collection":[{"href":"https:\/\/www.dp.lu\/betzder\/wp-json\/wp\/v2\/posts"}],"about":[{"href":"https:\/\/www.dp.lu\/betzder\/wp-json\/wp\/v2\/types\/post"}],"author":[{"embeddable":true,"href":"https:\/\/www.dp.lu\/betzder\/wp-json\/wp\/v2\/users\/40"}],"replies":[{"embeddable":true,"href":"https:\/\/www.dp.lu\/betzder\/wp-json\/wp\/v2\/comments?post=479"}],"version-history":[{"count":2,"href":"https:\/\/www.dp.lu\/betzder\/wp-json\/wp\/v2\/posts\/479\/revisions"}],"predecessor-version":[{"id":495,"href":"https:\/\/www.dp.lu\/betzder\/wp-json\/wp\/v2\/posts\/479\/revisions\/495"}],"wp:attachment":[{"href":"https:\/\/www.dp.lu\/betzder\/wp-json\/wp\/v2\/media?parent=479"}],"wp:term":[{"taxonomy":"category","embeddable":true,"href":"https:\/\/www.dp.lu\/betzder\/wp-json\/wp\/v2\/categories?post=479"},{"taxonomy":"post_tag","embeddable":true,"href":"https:\/\/www.dp.lu\/betzder\/wp-json\/wp\/v2\/tags?post=479"}],"curies":[{"name":"wp","href":"https:\/\/api.w.org\/{rel}","templated":true}]}}