{"id":483,"date":"2023-05-30T15:18:22","date_gmt":"2023-05-30T15:18:22","guid":{"rendered":"https:\/\/www.dp.lu\/betzder\/?p=483"},"modified":"2023-05-30T15:47:01","modified_gmt":"2023-05-30T15:47:01","slug":"o-nosso-programa","status":"publish","type":"post","link":"https:\/\/www.dp.lu\/betzder\/o-nosso-programa\/","title":{"rendered":"O nosso programa"},"content":{"rendered":"\n<figure class=\"wp-block-image size-full\"><img decoding=\"async\" width=\"45\" height=\"30\" src=\"https:\/\/www.dp.lu\/betzder\/wp-content\/uploads\/sites\/47\/2023\/01\/flag_pt.jpg\" alt=\"\" class=\"wp-image-372\" \/><\/figure>\n\n\n\n<p><strong><em>Pr\u00f3ximo de ti<\/em><\/strong><\/p>\n\n\n\n<p>A equipa do DP Betzdorf est\u00e1 empenhada :<\/p>\n\n\n\n<p><strong>PARA TI, OS CIDAD\u00c3OS, AS ASSOCIAC\u00d5ES E A CULTURA<\/strong><\/p>\n\n\n\n<ul class=\"wp-block-list\">\n<li>Para os jovens<ul><li>Mais meios para a casa da juventude e mais pessoal<\/li><\/ul><ul><li>Um servi\u00e7o de &#8220;Nightlife Bus&#8221; mais completo<\/li><\/ul>\n<ul class=\"wp-block-list\">\n<li>Cria\u00e7\u00e3o de um conselho comunal de crian\u00e7as e jovens para ouvir as necessidades dos jovens.<\/li>\n<\/ul>\n<\/li>\n\n\n\n<li>Para os idosos<ul><li>Uma gama mais vasta de actividades supervisionadas<\/li><\/ul><ul><li>Mais lugares nos lares de terceira idade com os quais a comuna tem uma conven\u00e7\u00e3o<\/li><\/ul>\n<ul class=\"wp-block-list\">\n<li>Mais bancos nos caminhos pedestres<\/li>\n<\/ul>\n<\/li>\n\n\n\n<li>Para as associa\u00e7\u00f5es\n<ul class=\"wp-block-list\">\n<li>Mais apoio log\u00edstico para os grandes eventos e para a implementa\u00e7\u00e3o de obriga\u00e7\u00f5es ligadas aos eventos verdes<\/li>\n<\/ul>\n<\/li>\n\n\n\n<li>Para todos os nossos habitantes<ul><li>Uma oferta cultural mais diversificada no teu Syrkus, nomeadamente para os nossos jovens<\/li><\/ul>\n<ul class=\"wp-block-list\">\n<li>Assist\u00eancia administrativa para te ajudar nas tuas tarefas administrativas<\/li>\n<\/ul>\n<\/li>\n<\/ul>\n\n\n\n<p><strong>PARA UM CAMPUS ESCOLAR AINDA MAIS AGRAD\u00c1VEL<\/strong><\/p>\n\n\n\n<p>O campus escolar deve tamb\u00e9m ser um ponto de encontro atractivo para as nossas crian\u00e7as depois das aulas e favorecer os contactos e os interc\u00e2mbios entre os pais. Com base na consulta p\u00fablica, queremos tornar o campus ainda mais seguro e mais atractivo. Estamos a pensar numa maior variedade de instala\u00e7\u00f5es de lazer (por exemplo, um parque de skate ou um parque de bicicletas), numa ilumina\u00e7\u00e3o melhorada pontualmente, em mais bancos, em separa\u00e7\u00f5es entre os lugares de estacionamento e os caminhos pedonais, etc.<\/p>\n\n\n\n<p><strong>PARA A NATUREZA, A BIODIVERSIDADE E UM DESENVOLVIMENTO MAIS SUSTENT\u00c1VEL<\/strong><\/p>\n\n\n\n<ul class=\"wp-block-list\">\n<li>Desenvolver sistemas fotovoltaicos nos edif\u00edcios comunais, bem como para os particulares.<\/li>\n\n\n\n<li>Valorizar os pomares colectivos e promover o programa &#8220;Giele B\u00e4ndchen&#8221; para que os habitantes locais possam beneficiar deles.<\/li>\n\n\n\n<li>Frigor\u00edfico anti-gasp junto \u00e0 cantina da escola<\/li>\n\n\n\n<li>Instala\u00e7\u00e3o de colmeias por ou a pedido da comuna<\/li>\n\n\n\n<li>Alargamento do programa &#8221; Jardins Comunit\u00e1rios &#8221; a outras localidades da comuna.<\/li>\n\n\n\n<li>Mais informa\u00e7\u00f5es sobre o empenho da comuna no desenvolvimento sustent\u00e1vel e apoio consequente ao trabalho da equipa &#8220;Klimapakt&#8221;.<\/li>\n<\/ul>\n\n\n\n<p><strong>PARA UMA HABITAC\u00c3O MAIS ACCESS\u00cdVEL<\/strong><\/p>\n\n\n\n<ul class=\"wp-block-list\">\n<li>Aquisi\u00e7\u00e3o de terrenos e de im\u00f3veis atractivos na comuna<\/li>\n\n\n\n<li>Aumento do parque de arrendamento da comuna<\/li>\n<\/ul>\n\n\n\n<p><strong>PARA O DESENVOLVIMENTO DE SERVICOS NA TUA COMUNA<\/strong><\/p>\n\n\n\n<ul class=\"wp-block-list\">\n<li>Gostar\u00edamos de contribuir para que se instale uma farm\u00e1cia na comuna.<\/li>\n\n\n\n<li>Queremos verificar se um edif\u00edcio comunal n\u00e3o utilizado pode ser utilizado como &#8220;espa\u00e7o de co-working&#8221; para jovens empres\u00e1rios da comuna.<\/li>\n<\/ul>\n\n\n\n<p><strong>PARA A TUA MOBILIDADE<\/strong><\/p>\n\n\n\n<ul class=\"wp-block-list\">\n<li>Relan\u00e7amento do Betzbus<\/li>\n\n\n\n<li>Promover a mobilidade suave<ul><li>Percursos pedonais e cicl\u00e1veis mais seguros, nomeadamente em direc\u00e7\u00e3o ao supermercado.<\/li><\/ul><ul><li>Instala\u00e7\u00e3o de &#8220;esta\u00e7\u00f5es de servi\u00e7o&#8221; para bicicletas, oferecendo ar comprimido, electricidade e uma gama de ferramentas, por exemplo, perto de esta\u00e7\u00f5es ferrovi\u00e1rias ou do campus escolar.<\/li><\/ul><ul><li>Apoio a iniciativas de pedibus e velobus para a escola.<\/li><\/ul><ul><li>Melhoria das infra-estruturas das paragens de autocarro<\/li><\/ul><ul><li>Instala\u00e7\u00e3o de sinais de autocarro digitais<\/li><\/ul>\n<ul class=\"wp-block-list\">\n<li>Envolvimento em melhores liga\u00e7\u00f5es de autocarro, por exemplo entre Olingen e Banzelt.<\/li>\n<\/ul>\n<\/li>\n\n\n\n<li>Cria\u00e7\u00e3o de lugares de estacionamento de curta dura\u00e7\u00e3o perto da esta\u00e7\u00e3o para os clientes da loja da aldeia e para os pacientes dos nossos m\u00e9dicos.<\/li>\n\n\n\n<li>Limita\u00e7\u00e3o do tempo de estacionamento nas esta\u00e7\u00f5es de carregamento para carros el\u00e9ctricos.<\/li>\n\n\n\n<li>Acalmia do tr\u00e2nsito nas nossas ruas<ul><li>Pela comuna, quando pode, com estreitamentos de estradas e limites de velocidade.<\/li><\/ul>\n<ul class=\"wp-block-list\">\n<li>Pressionando as autoridades competentes para que a acalmia de tr\u00e1fico na N1 seja finalmente implementada.<\/li>\n<\/ul>\n<\/li>\n<\/ul>\n\n\n\n<p><strong>PARA UMA COMUNA MAIS DIGITAL<\/strong><\/p>\n\n\n\n<ul class=\"wp-block-list\">\n<li>Nomear um vereador respons\u00e1vel pela digitaliza\u00e7\u00e3o.<\/li>\n\n\n\n<li>Se poss\u00edvel, os procedimentos administrativos devem ser disponibilizados \u00e0 dist\u00e2ncia atrav\u00e9s de meios digitais.<\/li>\n\n\n\n<li>Abordagem &#8220;sem papel&#8221;: o cidad\u00e3o deve poder escolher se quer receber as comunica\u00e7\u00f5es da comuna em formato digital ou em papel.<\/li>\n<\/ul>\n","protected":false},"excerpt":{"rendered":"<p>Pr\u00f3ximo de ti A equipa do DP Betzdorf est\u00e1 empenhada : PARA TI, OS CIDAD\u00c3OS, AS ASSOCIAC\u00d5ES E A CULTURA PARA UM CAMPUS ESCOLAR AINDA MAIS AGRAD\u00c1VEL O campus escolar deve tamb\u00e9m ser um ponto de encontro atractivo para as nossas crian\u00e7as depois das aulas e favorecer os contactos e os interc\u00e2mbios entre os pais. [&hellip;]<\/p>\n","protected":false},"author":40,"featured_media":0,"comment_status":"closed","ping_status":"closed","sticky":false,"template":"","format":"standard","meta":{"footnotes":""},"categories":[1],"tags":[],"class_list":["post-483","post","type-post","status-publish","format-standard","hentry","category-news","wpbf-post"],"_links":{"self":[{"href":"https:\/\/www.dp.lu\/betzder\/wp-json\/wp\/v2\/posts\/483","targetHints":{"allow":["GET"]}}],"collection":[{"href":"https:\/\/www.dp.lu\/betzder\/wp-json\/wp\/v2\/posts"}],"about":[{"href":"https:\/\/www.dp.lu\/betzder\/wp-json\/wp\/v2\/types\/post"}],"author":[{"embeddable":true,"href":"https:\/\/www.dp.lu\/betzder\/wp-json\/wp\/v2\/users\/40"}],"replies":[{"embeddable":true,"href":"https:\/\/www.dp.lu\/betzder\/wp-json\/wp\/v2\/comments?post=483"}],"version-history":[{"count":2,"href":"https:\/\/www.dp.lu\/betzder\/wp-json\/wp\/v2\/posts\/483\/revisions"}],"predecessor-version":[{"id":501,"href":"https:\/\/www.dp.lu\/betzder\/wp-json\/wp\/v2\/posts\/483\/revisions\/501"}],"wp:attachment":[{"href":"https:\/\/www.dp.lu\/betzder\/wp-json\/wp\/v2\/media?parent=483"}],"wp:term":[{"taxonomy":"category","embeddable":true,"href":"https:\/\/www.dp.lu\/betzder\/wp-json\/wp\/v2\/categories?post=483"},{"taxonomy":"post_tag","embeddable":true,"href":"https:\/\/www.dp.lu\/betzder\/wp-json\/wp\/v2\/tags?post=483"}],"curies":[{"name":"wp","href":"https:\/\/api.w.org\/{rel}","templated":true}]}}