{"id":1655,"date":"2025-10-29T09:46:29","date_gmt":"2025-10-29T09:46:29","guid":{"rendered":"https:\/\/www.dp.lu\/contern\/?p=1655"},"modified":"2025-10-31T09:49:28","modified_gmt":"2025-10-31T09:49:28","slug":"accord-de-coalition","status":"publish","type":"post","link":"https:\/\/www.dp.lu\/contern\/accord-de-coalition\/?lang=fr","title":{"rendered":"Accord de Coalition"},"content":{"rendered":"\n<p>Mercredi, nous avons sign\u00e9 avec les repr\u00e9sentants du LSAP et d\u00e9i Gr\u00e9ng l\u2019accord de coalition jusqu\u2019en 2029. Nous sommes pr\u00eats \u00e0 assumer nos responsabilit\u00e9s pour notre commune et \u00e0 nous engager, au cours des prochaines ann\u00e9es, en faveur des int\u00e9r\u00eats des citoyennes et citoyens de la commune de Contern.<\/p>\n\n\n\n<p>Nous souhaitons \u00e0 Dali plein succ\u00e8s dans ses futures fonctions de bourgmestre et, en tant que fraction, nous mettrons tout en \u0153uvre, ensemble avec nos coll\u00e8gues du LSAP et d\u00e9i Gr\u00e9ng, pour assurer un avenir durable \u00e0 notre commune.<\/p>\n","protected":false},"excerpt":{"rendered":"<p>Mercredi, nous avons sign\u00e9 avec les repr\u00e9sentants du LSAP et d\u00e9i Gr\u00e9ng l\u2019accord de coalition jusqu\u2019en 2029. Nous sommes pr\u00eats \u00e0 assumer nos responsabilit\u00e9s pour notre commune et \u00e0 nous engager, au cours des prochaines ann\u00e9es, en faveur des int\u00e9r\u00eats des citoyennes et citoyens de la commune de Contern. Nous souhaitons \u00e0 Dali plein succ\u00e8s [&hellip;]<\/p>\n","protected":false},"author":569,"featured_media":1650,"comment_status":"closed","ping_status":"closed","sticky":false,"template":"","format":"standard","meta":{"footnotes":""},"categories":[41],"tags":[],"class_list":["post-1655","post","type-post","status-publish","format-standard","has-post-thumbnail","hentry","category-news-fr","wpbf-post"],"_links":{"self":[{"href":"https:\/\/www.dp.lu\/contern\/wp-json\/wp\/v2\/posts\/1655","targetHints":{"allow":["GET"]}}],"collection":[{"href":"https:\/\/www.dp.lu\/contern\/wp-json\/wp\/v2\/posts"}],"about":[{"href":"https:\/\/www.dp.lu\/contern\/wp-json\/wp\/v2\/types\/post"}],"author":[{"embeddable":true,"href":"https:\/\/www.dp.lu\/contern\/wp-json\/wp\/v2\/users\/569"}],"replies":[{"embeddable":true,"href":"https:\/\/www.dp.lu\/contern\/wp-json\/wp\/v2\/comments?post=1655"}],"version-history":[{"count":2,"href":"https:\/\/www.dp.lu\/contern\/wp-json\/wp\/v2\/posts\/1655\/revisions"}],"predecessor-version":[{"id":1657,"href":"https:\/\/www.dp.lu\/contern\/wp-json\/wp\/v2\/posts\/1655\/revisions\/1657"}],"wp:featuredmedia":[{"embeddable":true,"href":"https:\/\/www.dp.lu\/contern\/wp-json\/wp\/v2\/media\/1650"}],"wp:attachment":[{"href":"https:\/\/www.dp.lu\/contern\/wp-json\/wp\/v2\/media?parent=1655"}],"wp:term":[{"taxonomy":"category","embeddable":true,"href":"https:\/\/www.dp.lu\/contern\/wp-json\/wp\/v2\/categories?post=1655"},{"taxonomy":"post_tag","embeddable":true,"href":"https:\/\/www.dp.lu\/contern\/wp-json\/wp\/v2\/tags?post=1655"}],"curies":[{"name":"wp","href":"https:\/\/api.w.org\/{rel}","templated":true}]}}