{"id":1387,"date":"2023-02-01T12:13:40","date_gmt":"2023-02-01T12:13:40","guid":{"rendered":"https:\/\/www.dp.lu\/dpinternational\/?p=1387"},"modified":"2023-07-08T14:48:47","modified_gmt":"2023-07-08T14:48:47","slug":"un-an-de-mandat-conference-avec-la-ministre-des-finances-yuriko-backes","status":"publish","type":"post","link":"https:\/\/www.dp.lu\/dpinternational\/un-an-de-mandat-conference-avec-la-ministre-des-finances-yuriko-backes\/?lang=fr","title":{"rendered":"Un an de mandat: conf\u00e9rence avec Yuriko Backes, Ministre des Finances"},"content":{"rendered":"\n<p>Nous avons eu le grand plaisir de tenir une conf\u00e9rence tr\u00e8s fr\u00e9quent\u00e9e avec la Ministre des Finances Yuriko Backes le 30 janvier dernier. Il y a eu un \u00e9change tr\u00e8s dynamique et ouvert de questions et de positions entre la Ministre et les membres et sympathisants du DP International sur certains sujets qui \u00e9taient et sont toujours d&#8217;une grande importance au cours de cette premi\u00e8re ann\u00e9e de mandat de Mme Backes.<\/p>\n\n\n\n<h2 class=\"wp-block-heading\"><em>Une ann\u00e9e pleine de d\u00e9fis<\/em><\/h2>\n\n\n\n<p>Le 5 janvier 2022, Yuriko Backes est devenue la premi\u00e8re femme de l&#8217;histoire du Luxembourg \u00e0 occuper le poste de Ministre des Finances, succ\u00e9dant ainsi \u00e0 Pierre Gramegna, qui occupait cette fonction depuis 2013.<\/p>\n\n\n\n<p>D\u00e8s le d\u00e9but, la ministre a d\u00fb faire face aux cons\u00e9quences persistantes de la pand\u00e9mie COVID-19.<\/p>\n\n\n\n<p>Lorsque la F\u00e9d\u00e9ration de Russie a envahi l&#8217;Ukraine le 24 f\u00e9vrier 2022, d&#8217;autres probl\u00e8mes sont apparus. Outre les souffrances inhumaines de la population ukrainienne et les pr\u00e9occupations de politique \u00e9trang\u00e8re en mati\u00e8re de s\u00e9curit\u00e9, notamment pour le continent europ\u00e9en, cette guerre a \u00e9galement entra\u00een\u00e9 des probl\u00e8mes \u00e9conomiques accrus. Ces cons\u00e9quences se sont rapidement fait sentir dans la vie de la population luxembourgeoise, dont le pouvoir d&#8217;achat a diminu\u00e9 en raison de la hausse de l&#8217;inflation et du rench\u00e9rissement de l&#8217;\u00e9nergie et d&#8217;autres produits.<\/p>\n\n\n\n<h2 class=\"wp-block-heading\"><em>Une politique responsable qui apporte des r\u00e9ponses<\/em><\/h2>\n\n\n\n<p>Pour contrer ces effets, le travail inlassable du ministre des Finances Backes et de l&#8217;ensemble du gouvernement dirig\u00e9 par le Premier ministre Xavier Bettel a \u00e9t\u00e9 essentiel, car ils ont pu prendre des mesures pour att\u00e9nuer ces effets en n\u00e9gociant avec les partenaires sociaux.<br>Vous trouverez plus d&#8217;informations \u00e0 ce sujet en anglais sur le site du DP:<\/p>\n\n\n\n<div class=\"wp-block-buttons is-layout-flex wp-block-buttons-is-layout-flex\">\n<div class=\"wp-block-button aligncenter\"><a class=\"wp-block-button__link has-background wp-element-button\" href=\"https:\/\/www.dp.lu\/solidariteit\/?lang=fr\" style=\"background-color:#002954\" target=\"_blank\" rel=\"noreferrer noopener\">Paquet de solidarit\u00e9<\/a><\/div>\n<\/div>\n\n\n\n<p>Les autres sujets abord\u00e9s au cours de la soir\u00e9e \u00e9taient \u00e9galement le budget pour 2023, qui se caract\u00e9rise une fois de plus par un investissement important dans des mesures sociales, durables et tourn\u00e9es vers l&#8217;avenir, et enfin les mesures d&#8217;all\u00e8gement r\u00e9cemment annonc\u00e9es &#8211; un sujet de conf\u00e9rence sur lequel de plus amples informations suivront dans les semaines \u00e0 venir.<\/p>\n\n\n\n<p>Nous remercions Yuriko pour cet \u00e9change ouvert et cette soir\u00e9e tr\u00e8s agr\u00e9able! \ud83d\udc99<\/p>\n\n\n\n<figure class=\"wp-block-gallery has-nested-images columns-default is-cropped wp-block-gallery-1 is-layout-flex wp-block-gallery-is-layout-flex\">\n<figure class=\"wp-block-image size-large\"><img fetchpriority=\"high\" decoding=\"async\" width=\"1024\" height=\"683\" data-id=\"1508\" src=\"https:\/\/www.dp.lu\/dpinternational\/wp-content\/uploads\/sites\/4\/2023\/01\/Yuriko_Aner-1-1024x683.jpg\" alt=\"\" class=\"wp-image-1508\" srcset=\"https:\/\/www.dp.lu\/dpinternational\/wp-content\/uploads\/sites\/4\/2023\/01\/Yuriko_Aner-1-1024x683.jpg 1024w, https:\/\/www.dp.lu\/dpinternational\/wp-content\/uploads\/sites\/4\/2023\/01\/Yuriko_Aner-1-300x200.jpg 300w, https:\/\/www.dp.lu\/dpinternational\/wp-content\/uploads\/sites\/4\/2023\/01\/Yuriko_Aner-1-768x512.jpg 768w, https:\/\/www.dp.lu\/dpinternational\/wp-content\/uploads\/sites\/4\/2023\/01\/Yuriko_Aner-1-1536x1024.jpg 1536w, https:\/\/www.dp.lu\/dpinternational\/wp-content\/uploads\/sites\/4\/2023\/01\/Yuriko_Aner-1-2048x1365.jpg 2048w\" sizes=\"(max-width: 1024px) 100vw, 1024px\" \/><\/figure>\n\n\n\n<figure class=\"wp-block-image size-large\"><img decoding=\"async\" width=\"1024\" height=\"683\" data-id=\"1513\" src=\"https:\/\/www.dp.lu\/dpinternational\/wp-content\/uploads\/sites\/4\/2023\/01\/Yuriko_Aner-2-1024x683.jpg\" alt=\"\" class=\"wp-image-1513\" srcset=\"https:\/\/www.dp.lu\/dpinternational\/wp-content\/uploads\/sites\/4\/2023\/01\/Yuriko_Aner-2-1024x683.jpg 1024w, https:\/\/www.dp.lu\/dpinternational\/wp-content\/uploads\/sites\/4\/2023\/01\/Yuriko_Aner-2-300x200.jpg 300w, https:\/\/www.dp.lu\/dpinternational\/wp-content\/uploads\/sites\/4\/2023\/01\/Yuriko_Aner-2-768x512.jpg 768w, https:\/\/www.dp.lu\/dpinternational\/wp-content\/uploads\/sites\/4\/2023\/01\/Yuriko_Aner-2-1536x1024.jpg 1536w, https:\/\/www.dp.lu\/dpinternational\/wp-content\/uploads\/sites\/4\/2023\/01\/Yuriko_Aner-2-2048x1365.jpg 2048w\" sizes=\"(max-width: 1024px) 100vw, 1024px\" \/><\/figure>\n<\/figure>\n\n\n\n<figure class=\"wp-block-gallery has-nested-images columns-default is-cropped wp-block-gallery-2 is-layout-flex wp-block-gallery-is-layout-flex\">\n<figure class=\"wp-block-image size-large\"><img decoding=\"async\" width=\"1024\" height=\"576\" data-id=\"1518\" src=\"https:\/\/www.dp.lu\/dpinternational\/wp-content\/uploads\/sites\/4\/2023\/01\/Yuriko_Aner-3-1024x576.jpg\" alt=\"\" class=\"wp-image-1518\" srcset=\"https:\/\/www.dp.lu\/dpinternational\/wp-content\/uploads\/sites\/4\/2023\/01\/Yuriko_Aner-3-1024x576.jpg 1024w, https:\/\/www.dp.lu\/dpinternational\/wp-content\/uploads\/sites\/4\/2023\/01\/Yuriko_Aner-3-300x169.jpg 300w, https:\/\/www.dp.lu\/dpinternational\/wp-content\/uploads\/sites\/4\/2023\/01\/Yuriko_Aner-3-768x432.jpg 768w, https:\/\/www.dp.lu\/dpinternational\/wp-content\/uploads\/sites\/4\/2023\/01\/Yuriko_Aner-3-1536x864.jpg 1536w, https:\/\/www.dp.lu\/dpinternational\/wp-content\/uploads\/sites\/4\/2023\/01\/Yuriko_Aner-3-2048x1152.jpg 2048w\" sizes=\"(max-width: 1024px) 100vw, 1024px\" \/><\/figure>\n\n\n\n<figure class=\"wp-block-image size-large\"><img loading=\"lazy\" decoding=\"async\" width=\"1024\" height=\"683\" data-id=\"1523\" src=\"https:\/\/www.dp.lu\/dpinternational\/wp-content\/uploads\/sites\/4\/2023\/01\/Yuriko_Aner-4-1024x683.jpg\" alt=\"\" class=\"wp-image-1523\" srcset=\"https:\/\/www.dp.lu\/dpinternational\/wp-content\/uploads\/sites\/4\/2023\/01\/Yuriko_Aner-4-1024x683.jpg 1024w, https:\/\/www.dp.lu\/dpinternational\/wp-content\/uploads\/sites\/4\/2023\/01\/Yuriko_Aner-4-300x200.jpg 300w, https:\/\/www.dp.lu\/dpinternational\/wp-content\/uploads\/sites\/4\/2023\/01\/Yuriko_Aner-4-768x512.jpg 768w, https:\/\/www.dp.lu\/dpinternational\/wp-content\/uploads\/sites\/4\/2023\/01\/Yuriko_Aner-4-1536x1024.jpg 1536w, https:\/\/www.dp.lu\/dpinternational\/wp-content\/uploads\/sites\/4\/2023\/01\/Yuriko_Aner-4-2048x1365.jpg 2048w\" sizes=\"(max-width: 1024px) 100vw, 1024px\" \/><\/figure>\n<\/figure>\n","protected":false},"excerpt":{"rendered":"<p>Nous avons eu le grand plaisir de tenir une conf\u00e9rence tr\u00e8s fr\u00e9quent\u00e9e avec la Ministre des Finances Yuriko Backes le 30 janvier dernier. Il y a eu un \u00e9change tr\u00e8s dynamique et ouvert de questions et de positions entre la Ministre et les membres et sympathisants du DP International sur certains sujets qui \u00e9taient et sont toujours d&#8217;une grande importance au cours de cette premi\u00e8re ann\u00e9e de mandat de Mme Backes.<\/p>\n","protected":false},"author":42,"featured_media":1528,"comment_status":"closed","ping_status":"closed","sticky":false,"template":"","format":"standard","meta":{"footnotes":""},"categories":[58],"tags":[],"class_list":["post-1387","post","type-post","status-publish","format-standard","has-post-thumbnail","hentry","category-reunions","wpbf-post"],"_links":{"self":[{"href":"https:\/\/www.dp.lu\/dpinternational\/wp-json\/wp\/v2\/posts\/1387","targetHints":{"allow":["GET"]}}],"collection":[{"href":"https:\/\/www.dp.lu\/dpinternational\/wp-json\/wp\/v2\/posts"}],"about":[{"href":"https:\/\/www.dp.lu\/dpinternational\/wp-json\/wp\/v2\/types\/post"}],"author":[{"embeddable":true,"href":"https:\/\/www.dp.lu\/dpinternational\/wp-json\/wp\/v2\/users\/42"}],"replies":[{"embeddable":true,"href":"https:\/\/www.dp.lu\/dpinternational\/wp-json\/wp\/v2\/comments?post=1387"}],"version-history":[{"count":9,"href":"https:\/\/www.dp.lu\/dpinternational\/wp-json\/wp\/v2\/posts\/1387\/revisions"}],"predecessor-version":[{"id":1793,"href":"https:\/\/www.dp.lu\/dpinternational\/wp-json\/wp\/v2\/posts\/1387\/revisions\/1793"}],"wp:featuredmedia":[{"embeddable":true,"href":"https:\/\/www.dp.lu\/dpinternational\/wp-json\/wp\/v2\/media\/1528"}],"wp:attachment":[{"href":"https:\/\/www.dp.lu\/dpinternational\/wp-json\/wp\/v2\/media?parent=1387"}],"wp:term":[{"taxonomy":"category","embeddable":true,"href":"https:\/\/www.dp.lu\/dpinternational\/wp-json\/wp\/v2\/categories?post=1387"},{"taxonomy":"post_tag","embeddable":true,"href":"https:\/\/www.dp.lu\/dpinternational\/wp-json\/wp\/v2\/tags?post=1387"}],"curies":[{"name":"wp","href":"https:\/\/api.w.org\/{rel}","templated":true}]}}