{"id":1389,"date":"2023-02-01T12:14:07","date_gmt":"2023-02-01T12:14:07","guid":{"rendered":"https:\/\/www.dp.lu\/dpinternational\/?p=1389"},"modified":"2023-07-08T14:52:50","modified_gmt":"2023-07-08T14:52:50","slug":"ein-jahr-im-amt-konferenz-mit-finanzministerin-yuriko-backes","status":"publish","type":"post","link":"https:\/\/www.dp.lu\/dpinternational\/ein-jahr-im-amt-konferenz-mit-finanzministerin-yuriko-backes\/?lang=de","title":{"rendered":"Ein Jahr im Amt: Konferenz Yuriko Backes, Finanzministerin"},"content":{"rendered":"\n<p>Wir hatten das gro\u00dfe Vergn\u00fcgen, am 30. Januar eine gut besuchte Konferenz mit der Finanzministerin Yuriko Backes abzuhalten. Es gab einen sehr dynamischen und offenen Austausch von Fragen und Positionen zwischen der Ministerin und Mitgliedern und Sympathisanten vom DP International zu einigen Themen, die in diesem ersten Amtsjahr von Frau Backes von gro\u00dfer Bedeutung waren und sind.<\/p>\n\n\n\n<h2 class=\"wp-block-heading\"><em>Ein Jahr voller Herausforderungen<\/em><\/h2>\n\n\n\n<p>Am 5. Januar 2022 trat Yuriko Backes als erste Frau in der Geschichte Luxemburgs das Amt der Finanzministerin an und l\u00f6ste damit Pierre Gramegna ab, der dieses Amt seit 2013 innehatte.<\/p>\n\n\n\n<p>Gleich zu Beginn musste sich die Ministerin mit den anhaltenden Folgen der COVID-19-Pandemie auseinandersetzen.<\/p>\n\n\n\n<p>Als die Russische F\u00f6deration am 24. Februar 2022 in die Ukraine einmarschierte, traten weitere Probleme auf. Neben dem unmenschlichen Leid der ukrainischen Bev\u00f6lkerung und au\u00dfenpolitischen Sicherheitsbedenken, insbesondere f\u00fcr den europ\u00e4ischen Kontinent, brachte dieser Krieg auch verst\u00e4rkte wirtschaftliche Probleme mit sich. Diese Folgen machten sich schnell im Leben der luxemburgischen Bev\u00f6lkerung bemerkbar, deren Kaufkraft durch die steigende Inflation und die Verteuerung von Energie und anderen Produkten schrumpfte.<\/p>\n\n\n\n<h2 class=\"wp-block-heading\"><em>Eine verantwortungsvolle Politik, die Antworten gibt<\/em><\/h2>\n\n\n\n<p>Um diesen Auswirkungen entgegenzuwirken, war die unerm\u00fcdliche Arbeit von Finanzminister Backes und der gesamten Regierung unter der Leitung von Premierminister Xavier Bettel von gro\u00dfer Bedeutung, da sie durch Verhandlungen mit den Sozialpartnern Ma\u00dfnahmen zur Milderung dieser Auswirkungen ergreifen konnten.<\/p>\n\n\n\n<p>Weitere Informationen hierzu finden Sie auf Englisch auf der Webseite der DP:<\/p>\n\n\n\n<div class=\"wp-block-buttons is-layout-flex wp-block-buttons-is-layout-flex\">\n<div class=\"wp-block-button aligncenter\"><a class=\"wp-block-button__link has-background wp-element-button\" href=\"https:\/\/www.dp.lu\/solidariteit\/?lang=en\" style=\"background-color:#002954\" target=\"_blank\" rel=\"noreferrer noopener\">Solidarit\u00e4tspack<\/a><\/div>\n<\/div>\n\n\n\n<p>Weitere Themen des Abends waren auch der Haushalt f\u00fcr 2023, der wieder einmal durch eine gro\u00dfe Investition in soziale, nachhaltige und zukunftsweisende Ma\u00dfnahmen gekennzeichnet ist, und die k\u00fcrzlich angek\u00fcndigten Steuererleichterungen &#8211; ein Thema, zu dem in den kommenden Wochen weitere Informationen folgen werden.<\/p>\n\n\n\n<p>Wir danken Yuriko f\u00fcr den offenen Austausch und den sehr angenehmen Abend! \ud83d\udc99<\/p>\n\n\n\n<figure class=\"wp-block-gallery has-nested-images columns-default is-cropped wp-block-gallery-1 is-layout-flex wp-block-gallery-is-layout-flex\">\n<figure class=\"wp-block-image size-large\"><img fetchpriority=\"high\" decoding=\"async\" width=\"1024\" height=\"683\" data-id=\"1509\" src=\"https:\/\/www.dp.lu\/dpinternational\/wp-content\/uploads\/sites\/4\/2023\/01\/Yuriko_Aner-1-1024x683.jpg\" alt=\"\" class=\"wp-image-1509\" srcset=\"https:\/\/www.dp.lu\/dpinternational\/wp-content\/uploads\/sites\/4\/2023\/01\/Yuriko_Aner-1-1024x683.jpg 1024w, https:\/\/www.dp.lu\/dpinternational\/wp-content\/uploads\/sites\/4\/2023\/01\/Yuriko_Aner-1-300x200.jpg 300w, https:\/\/www.dp.lu\/dpinternational\/wp-content\/uploads\/sites\/4\/2023\/01\/Yuriko_Aner-1-768x512.jpg 768w, https:\/\/www.dp.lu\/dpinternational\/wp-content\/uploads\/sites\/4\/2023\/01\/Yuriko_Aner-1-1536x1024.jpg 1536w, https:\/\/www.dp.lu\/dpinternational\/wp-content\/uploads\/sites\/4\/2023\/01\/Yuriko_Aner-1-2048x1365.jpg 2048w\" sizes=\"(max-width: 1024px) 100vw, 1024px\" \/><\/figure>\n\n\n\n<figure class=\"wp-block-image size-large\"><img decoding=\"async\" width=\"1024\" height=\"683\" data-id=\"1514\" src=\"https:\/\/www.dp.lu\/dpinternational\/wp-content\/uploads\/sites\/4\/2023\/01\/Yuriko_Aner-2-1024x683.jpg\" alt=\"\" class=\"wp-image-1514\" srcset=\"https:\/\/www.dp.lu\/dpinternational\/wp-content\/uploads\/sites\/4\/2023\/01\/Yuriko_Aner-2-1024x683.jpg 1024w, https:\/\/www.dp.lu\/dpinternational\/wp-content\/uploads\/sites\/4\/2023\/01\/Yuriko_Aner-2-300x200.jpg 300w, https:\/\/www.dp.lu\/dpinternational\/wp-content\/uploads\/sites\/4\/2023\/01\/Yuriko_Aner-2-768x512.jpg 768w, https:\/\/www.dp.lu\/dpinternational\/wp-content\/uploads\/sites\/4\/2023\/01\/Yuriko_Aner-2-1536x1024.jpg 1536w, https:\/\/www.dp.lu\/dpinternational\/wp-content\/uploads\/sites\/4\/2023\/01\/Yuriko_Aner-2-2048x1365.jpg 2048w\" sizes=\"(max-width: 1024px) 100vw, 1024px\" \/><\/figure>\n<\/figure>\n\n\n\n<figure class=\"wp-block-gallery has-nested-images columns-default is-cropped wp-block-gallery-2 is-layout-flex wp-block-gallery-is-layout-flex\">\n<figure class=\"wp-block-image size-large\"><img decoding=\"async\" width=\"1024\" height=\"576\" data-id=\"1519\" src=\"https:\/\/www.dp.lu\/dpinternational\/wp-content\/uploads\/sites\/4\/2023\/01\/Yuriko_Aner-3-1024x576.jpg\" alt=\"\" class=\"wp-image-1519\" srcset=\"https:\/\/www.dp.lu\/dpinternational\/wp-content\/uploads\/sites\/4\/2023\/01\/Yuriko_Aner-3-1024x576.jpg 1024w, https:\/\/www.dp.lu\/dpinternational\/wp-content\/uploads\/sites\/4\/2023\/01\/Yuriko_Aner-3-300x169.jpg 300w, https:\/\/www.dp.lu\/dpinternational\/wp-content\/uploads\/sites\/4\/2023\/01\/Yuriko_Aner-3-768x432.jpg 768w, https:\/\/www.dp.lu\/dpinternational\/wp-content\/uploads\/sites\/4\/2023\/01\/Yuriko_Aner-3-1536x864.jpg 1536w, https:\/\/www.dp.lu\/dpinternational\/wp-content\/uploads\/sites\/4\/2023\/01\/Yuriko_Aner-3-2048x1152.jpg 2048w\" sizes=\"(max-width: 1024px) 100vw, 1024px\" \/><\/figure>\n\n\n\n<figure class=\"wp-block-image size-large\"><img loading=\"lazy\" decoding=\"async\" width=\"1024\" height=\"683\" data-id=\"1524\" src=\"https:\/\/www.dp.lu\/dpinternational\/wp-content\/uploads\/sites\/4\/2023\/01\/Yuriko_Aner-4-1024x683.jpg\" alt=\"\" class=\"wp-image-1524\" srcset=\"https:\/\/www.dp.lu\/dpinternational\/wp-content\/uploads\/sites\/4\/2023\/01\/Yuriko_Aner-4-1024x683.jpg 1024w, https:\/\/www.dp.lu\/dpinternational\/wp-content\/uploads\/sites\/4\/2023\/01\/Yuriko_Aner-4-300x200.jpg 300w, https:\/\/www.dp.lu\/dpinternational\/wp-content\/uploads\/sites\/4\/2023\/01\/Yuriko_Aner-4-768x512.jpg 768w, https:\/\/www.dp.lu\/dpinternational\/wp-content\/uploads\/sites\/4\/2023\/01\/Yuriko_Aner-4-1536x1024.jpg 1536w, https:\/\/www.dp.lu\/dpinternational\/wp-content\/uploads\/sites\/4\/2023\/01\/Yuriko_Aner-4-2048x1365.jpg 2048w\" sizes=\"(max-width: 1024px) 100vw, 1024px\" \/><\/figure>\n<\/figure>\n","protected":false},"excerpt":{"rendered":"<p>Wir hatten das gro\u00dfe Vergn\u00fcgen, am 30. Januar eine gut besuchte Konferenz mit der Finanzministerin Yuriko Backes abzuhalten. Es gab einen sehr dynamischen und offenen Austausch von Fragen und Positionen zwischen der Ministerin und Mitgliedern und Sympathisanten vom DP International zu einigen Themen, die in diesem ersten Amtsjahr von Frau Backes von gro\u00dfer Bedeutung waren und sind.<\/p>\n","protected":false},"author":42,"featured_media":1529,"comment_status":"closed","ping_status":"closed","sticky":false,"template":"","format":"standard","meta":{"footnotes":""},"categories":[60],"tags":[],"class_list":["post-1389","post","type-post","status-publish","format-standard","has-post-thumbnail","hentry","category-treffen","wpbf-post"],"_links":{"self":[{"href":"https:\/\/www.dp.lu\/dpinternational\/wp-json\/wp\/v2\/posts\/1389","targetHints":{"allow":["GET"]}}],"collection":[{"href":"https:\/\/www.dp.lu\/dpinternational\/wp-json\/wp\/v2\/posts"}],"about":[{"href":"https:\/\/www.dp.lu\/dpinternational\/wp-json\/wp\/v2\/types\/post"}],"author":[{"embeddable":true,"href":"https:\/\/www.dp.lu\/dpinternational\/wp-json\/wp\/v2\/users\/42"}],"replies":[{"embeddable":true,"href":"https:\/\/www.dp.lu\/dpinternational\/wp-json\/wp\/v2\/comments?post=1389"}],"version-history":[{"count":7,"href":"https:\/\/www.dp.lu\/dpinternational\/wp-json\/wp\/v2\/posts\/1389\/revisions"}],"predecessor-version":[{"id":1798,"href":"https:\/\/www.dp.lu\/dpinternational\/wp-json\/wp\/v2\/posts\/1389\/revisions\/1798"}],"wp:featuredmedia":[{"embeddable":true,"href":"https:\/\/www.dp.lu\/dpinternational\/wp-json\/wp\/v2\/media\/1529"}],"wp:attachment":[{"href":"https:\/\/www.dp.lu\/dpinternational\/wp-json\/wp\/v2\/media?parent=1389"}],"wp:term":[{"taxonomy":"category","embeddable":true,"href":"https:\/\/www.dp.lu\/dpinternational\/wp-json\/wp\/v2\/categories?post=1389"},{"taxonomy":"post_tag","embeddable":true,"href":"https:\/\/www.dp.lu\/dpinternational\/wp-json\/wp\/v2\/tags?post=1389"}],"curies":[{"name":"wp","href":"https:\/\/api.w.org\/{rel}","templated":true}]}}