{"id":1543,"date":"2023-02-01T12:14:35","date_gmt":"2023-02-01T12:14:35","guid":{"rendered":"https:\/\/www.dp.lu\/dpinternational\/?p=1543"},"modified":"2023-07-08T15:00:22","modified_gmt":"2023-07-08T15:00:22","slug":"e-joer-am-amt-konferenz-mat-der-finanzministesch-yuriko-backes","status":"publish","type":"post","link":"https:\/\/www.dp.lu\/dpinternational\/e-joer-am-amt-konferenz-mat-der-finanzministesch-yuriko-backes\/?lang=lb-lu","title":{"rendered":"E Joer am Amt: Konferenz mam Yuriko Backes, Finanzministesch"},"content":{"rendered":"\n<p>Mir haten d\u00e9i grouss Freed den 30. Januar eng gutt besicht Konferenz mat der Finanzministesch Yuriko Backes ze organis\u00e9ieren. Et war e ganz dynameschen an oppenen Austausch vu Froen a Positiounen t\u00ebscht der Ministesch a Memberen a Sympathisante&nbsp;vum DP International zu e puer Themen, d\u00e9i am \u00e9ischte Joer vun der Madamm&nbsp;Backes als Regierungsmember vu grousser Wichtegkeet waren a sinn.<\/p>\n\n\n\n<h2 class=\"wp-block-heading\"><em>E Joer voller Erausfuerderungen<\/em><\/h2>\n\n\n\n<p>De 5. Januar 2022 huet d&#8217;Yuriko Backes als \u00e9ischt Fra an der L\u00ebtzebuerger Geschicht de Poste vun der Finanzministesch iwwerholl an domadder de Pierre Gramegna ersat, deen de Posten&nbsp;z\u00ebnter 2013 besat hat.<\/p>\n\n\n\n<p>D&#8217;Ministesch huet eng Situatioun iwwerholl, an d\u00e4r d&#8217;Konsequenze vun der COVID-19-Pandemie nach ze spiere&nbsp;waren.<\/p>\n\n\n\n<p>W\u00e9i d&#8217;russesch Federatioun d&#8217;Ukrain&nbsp;de 24. Februar 2022 iwwerfalen huet, koumen&nbsp;nei Problemer op. Nieft dem onm\u00ebnschleche Leed vun der ukrainescher Bev\u00eblkerung an aussepolitesche S\u00e9cherheetsbedenken, besonnesch fir den europ\u00e4esche Kontinent, huet d\u00ebse Krich och eng Rei wirtschaftlech Problemer mat sech bruecht. D\u00ebs Konsequenze ware&nbsp;s\u00e9ier och am Liewe vun der L\u00ebtzebuerger Bev\u00eblkerung ze spieren, d\u00e4r hir Kafkraaft duerch d&#8217;Inflatioun an d&#8217;Steigerung vun de Pr\u00e4isser vun Energie an aner Produiten&nbsp;erofgaang&nbsp;ass.<\/p>\n\n\n\n<h2 class=\"wp-block-heading\"><em>Eng responsabel Politik d\u00e9i \u00c4ntwerte liwwert<\/em><\/h2>\n\n\n\n<p>Fir deem entg\u00e9intzewierken, war d\u00e9i onermiddlech Aarbecht vun der Finanzministesch Backes an der ganzer Regierung, \u00ebnnert der Leedung vum Premier Xavier Bettel, vu grousser Wichtegkeet, well&nbsp;si&nbsp;duerch Verhandlunge mat de Sozialpartner&nbsp;Mesuren&nbsp;treffen&nbsp;konnten, fir d\u00ebsen Impakt ze reduz\u00e9ieren.<\/p>\n\n\n\n<p>Weider Informatioune fannt Dir op der DP-Webs\u00e4it:<\/p>\n\n\n\n<div class=\"wp-block-buttons is-layout-flex wp-block-buttons-is-layout-flex\">\n<div class=\"wp-block-button aligncenter\"><a class=\"wp-block-button__link has-background wp-element-button\" href=\"https:\/\/www.dp.lu\/solidariteit\/\" style=\"background-color:#002954\" target=\"_blank\" rel=\"noreferrer noopener\">Solidarit\u00e9itspak<\/a><\/div>\n<\/div>\n\n\n\n<p>Aner Theme vum Owend waren och nach de Staatsbudget&nbsp;fir 2023, deen nees vu&nbsp;groussen Investitiounen a sozial, nohalteg a zukunftsorient\u00e9ierte Mesure&nbsp;gepr\u00e4\u00e4gt ass, souw\u00e9i och d\u00e9i kierzlech annonc\u00e9iert Steiererliichterunge &#8211; e Thema&nbsp;iwwer dat an den n\u00e4chste Woche m\u00e9i Informatioune komme w\u00e4erten.<\/p>\n\n\n\n<p>Mir soen dem Yuriko Merci fir den oppenen Austausch an dee ganz flotten Owend! \ud83d\udc99<\/p>\n\n\n\n<figure class=\"wp-block-gallery has-nested-images columns-default is-cropped wp-block-gallery-1 is-layout-flex wp-block-gallery-is-layout-flex\">\n<figure class=\"wp-block-image size-large\"><img fetchpriority=\"high\" decoding=\"async\" width=\"1024\" height=\"683\" data-id=\"1510\" src=\"https:\/\/www.dp.lu\/dpinternational\/wp-content\/uploads\/sites\/4\/2023\/01\/Yuriko_Aner-1-1024x683.jpg\" alt=\"\" class=\"wp-image-1510\" srcset=\"https:\/\/www.dp.lu\/dpinternational\/wp-content\/uploads\/sites\/4\/2023\/01\/Yuriko_Aner-1-1024x683.jpg 1024w, https:\/\/www.dp.lu\/dpinternational\/wp-content\/uploads\/sites\/4\/2023\/01\/Yuriko_Aner-1-300x200.jpg 300w, https:\/\/www.dp.lu\/dpinternational\/wp-content\/uploads\/sites\/4\/2023\/01\/Yuriko_Aner-1-768x512.jpg 768w, https:\/\/www.dp.lu\/dpinternational\/wp-content\/uploads\/sites\/4\/2023\/01\/Yuriko_Aner-1-1536x1024.jpg 1536w, https:\/\/www.dp.lu\/dpinternational\/wp-content\/uploads\/sites\/4\/2023\/01\/Yuriko_Aner-1-2048x1365.jpg 2048w\" sizes=\"(max-width: 1024px) 100vw, 1024px\" \/><\/figure>\n\n\n\n<figure class=\"wp-block-image size-large\"><img decoding=\"async\" width=\"1024\" height=\"683\" data-id=\"1515\" src=\"https:\/\/www.dp.lu\/dpinternational\/wp-content\/uploads\/sites\/4\/2023\/01\/Yuriko_Aner-2-1024x683.jpg\" alt=\"\" class=\"wp-image-1515\" srcset=\"https:\/\/www.dp.lu\/dpinternational\/wp-content\/uploads\/sites\/4\/2023\/01\/Yuriko_Aner-2-1024x683.jpg 1024w, https:\/\/www.dp.lu\/dpinternational\/wp-content\/uploads\/sites\/4\/2023\/01\/Yuriko_Aner-2-300x200.jpg 300w, https:\/\/www.dp.lu\/dpinternational\/wp-content\/uploads\/sites\/4\/2023\/01\/Yuriko_Aner-2-768x512.jpg 768w, https:\/\/www.dp.lu\/dpinternational\/wp-content\/uploads\/sites\/4\/2023\/01\/Yuriko_Aner-2-1536x1024.jpg 1536w, https:\/\/www.dp.lu\/dpinternational\/wp-content\/uploads\/sites\/4\/2023\/01\/Yuriko_Aner-2-2048x1365.jpg 2048w\" sizes=\"(max-width: 1024px) 100vw, 1024px\" \/><\/figure>\n<\/figure>\n\n\n\n<figure class=\"wp-block-gallery has-nested-images columns-default is-cropped wp-block-gallery-2 is-layout-flex wp-block-gallery-is-layout-flex\">\n<figure class=\"wp-block-image size-large\"><img decoding=\"async\" width=\"1024\" height=\"576\" data-id=\"1520\" src=\"https:\/\/www.dp.lu\/dpinternational\/wp-content\/uploads\/sites\/4\/2023\/01\/Yuriko_Aner-3-1024x576.jpg\" alt=\"\" class=\"wp-image-1520\" srcset=\"https:\/\/www.dp.lu\/dpinternational\/wp-content\/uploads\/sites\/4\/2023\/01\/Yuriko_Aner-3-1024x576.jpg 1024w, https:\/\/www.dp.lu\/dpinternational\/wp-content\/uploads\/sites\/4\/2023\/01\/Yuriko_Aner-3-300x169.jpg 300w, https:\/\/www.dp.lu\/dpinternational\/wp-content\/uploads\/sites\/4\/2023\/01\/Yuriko_Aner-3-768x432.jpg 768w, https:\/\/www.dp.lu\/dpinternational\/wp-content\/uploads\/sites\/4\/2023\/01\/Yuriko_Aner-3-1536x864.jpg 1536w, https:\/\/www.dp.lu\/dpinternational\/wp-content\/uploads\/sites\/4\/2023\/01\/Yuriko_Aner-3-2048x1152.jpg 2048w\" sizes=\"(max-width: 1024px) 100vw, 1024px\" \/><\/figure>\n\n\n\n<figure class=\"wp-block-image size-large\"><img loading=\"lazy\" decoding=\"async\" width=\"1024\" height=\"683\" data-id=\"1525\" src=\"https:\/\/www.dp.lu\/dpinternational\/wp-content\/uploads\/sites\/4\/2023\/01\/Yuriko_Aner-4-1024x683.jpg\" alt=\"\" class=\"wp-image-1525\" srcset=\"https:\/\/www.dp.lu\/dpinternational\/wp-content\/uploads\/sites\/4\/2023\/01\/Yuriko_Aner-4-1024x683.jpg 1024w, https:\/\/www.dp.lu\/dpinternational\/wp-content\/uploads\/sites\/4\/2023\/01\/Yuriko_Aner-4-300x200.jpg 300w, https:\/\/www.dp.lu\/dpinternational\/wp-content\/uploads\/sites\/4\/2023\/01\/Yuriko_Aner-4-768x512.jpg 768w, https:\/\/www.dp.lu\/dpinternational\/wp-content\/uploads\/sites\/4\/2023\/01\/Yuriko_Aner-4-1536x1024.jpg 1536w, https:\/\/www.dp.lu\/dpinternational\/wp-content\/uploads\/sites\/4\/2023\/01\/Yuriko_Aner-4-2048x1365.jpg 2048w\" sizes=\"(max-width: 1024px) 100vw, 1024px\" \/><\/figure>\n<\/figure>\n","protected":false},"excerpt":{"rendered":"<p>Mir haten d\u00e9i grouss Freed den 30. Januar eng gutt besicht Konferenz mat der Finanzministesch Yuriko Backes ze organis\u00e9ieren. Et war e ganz dynameschen an oppenen Austausch vu Froen a Positiounen t\u00ebscht der Ministesch a Memberen a Sympathisante\u00a0vum DP International zu e puer Themen, d\u00e9i am \u00e9ischte Joer vun der Madamm\u00a0Backes als Regierungsmember vu grousser Wichtegkeet waren a sinn.<\/p>\n","protected":false},"author":42,"featured_media":1530,"comment_status":"closed","ping_status":"closed","sticky":false,"template":"","format":"standard","meta":{"footnotes":""},"categories":[62],"tags":[],"class_list":["post-1543","post","type-post","status-publish","format-standard","has-post-thumbnail","hentry","category-versammlung","wpbf-post"],"_links":{"self":[{"href":"https:\/\/www.dp.lu\/dpinternational\/wp-json\/wp\/v2\/posts\/1543","targetHints":{"allow":["GET"]}}],"collection":[{"href":"https:\/\/www.dp.lu\/dpinternational\/wp-json\/wp\/v2\/posts"}],"about":[{"href":"https:\/\/www.dp.lu\/dpinternational\/wp-json\/wp\/v2\/types\/post"}],"author":[{"embeddable":true,"href":"https:\/\/www.dp.lu\/dpinternational\/wp-json\/wp\/v2\/users\/42"}],"replies":[{"embeddable":true,"href":"https:\/\/www.dp.lu\/dpinternational\/wp-json\/wp\/v2\/comments?post=1543"}],"version-history":[{"count":5,"href":"https:\/\/www.dp.lu\/dpinternational\/wp-json\/wp\/v2\/posts\/1543\/revisions"}],"predecessor-version":[{"id":1811,"href":"https:\/\/www.dp.lu\/dpinternational\/wp-json\/wp\/v2\/posts\/1543\/revisions\/1811"}],"wp:featuredmedia":[{"embeddable":true,"href":"https:\/\/www.dp.lu\/dpinternational\/wp-json\/wp\/v2\/media\/1530"}],"wp:attachment":[{"href":"https:\/\/www.dp.lu\/dpinternational\/wp-json\/wp\/v2\/media?parent=1543"}],"wp:term":[{"taxonomy":"category","embeddable":true,"href":"https:\/\/www.dp.lu\/dpinternational\/wp-json\/wp\/v2\/categories?post=1543"},{"taxonomy":"post_tag","embeddable":true,"href":"https:\/\/www.dp.lu\/dpinternational\/wp-json\/wp\/v2\/tags?post=1543"}],"curies":[{"name":"wp","href":"https:\/\/api.w.org\/{rel}","templated":true}]}}