{"id":1689,"date":"2023-03-14T18:50:13","date_gmt":"2023-03-14T18:50:13","guid":{"rendered":"https:\/\/www.dp.lu\/dpinternational\/?p=1689"},"modified":"2023-07-08T14:52:31","modified_gmt":"2023-07-08T14:52:31","slug":"kommunalwahlen-2023-konferenz-mit-der-generalsekretaerin-der-dp-und-abgeordneten-carole-hartmann","status":"publish","type":"post","link":"https:\/\/www.dp.lu\/dpinternational\/kommunalwahlen-2023-konferenz-mit-der-generalsekretaerin-der-dp-und-abgeordneten-carole-hartmann\/?lang=de","title":{"rendered":"Konferenz mit Carole Hartmann, DP-Generalsekret\u00e4rin und Abgeordnete"},"content":{"rendered":"\n<p>Am 13. M\u00e4rz hatte die DP International das gro\u00dfe Vergn\u00fcgen, eine Konferenz mit der Generalsekret\u00e4rin unserer Partei und Abgeordneten Carole Hartmann zu organisieren. Die zentralen Themen dieses Treffens waren die Kommunalwahlen vom 11. Juni und die Beteiligung unserer nicht-luxemburgischen Mitb\u00fcrger.<\/p>\n\n\n\n<h2 class=\"wp-block-heading\"><em>Neue Bedingungen f\u00fcr nicht-luxemburgische B\u00fcrger<\/em><\/h2>\n\n\n\n<p>Im Jahr 2022 wurde das Wahlgesetz dahingehend ge\u00e4ndert, dass B\u00fcrger, die nicht die luxemburgische Staatsb\u00fcrgerschaft besitzen, nicht mehr 5 Jahre in ihrer Gemeinde wohnen m\u00fcssen, um w\u00e4hlen zu k\u00f6nnen. Au\u00dferdem wurde die Anmeldefrist auf 55 Tage vor dem Wahltag verl\u00e4ngert. Nicht-Luxemburger m\u00fcssen sich jedoch weiterhin registrieren, wenn sie zum ersten Mal an den Kommunalwahlen teilnehmen wollen.<\/p>\n\n\n\n<p>F\u00fcr 2023 l\u00e4uft diese Frist am 17. April um 17 Uhr ab. Bis dahin m\u00fcssen sich die betroffenen B\u00fcrger in ihrer Gemeinde oder online unter MyGuichet.lu registrieren.<\/p>\n\n\n\n<p>Mehr Informationen hier (in \ud83c\uddec\ud83c\udde7\ud83c\uddeb\ud83c\uddf7\ud83c\udde9\ud83c\uddea\ud83c\uddf5\ud83c\uddf9\ud83c\uddf1\ud83c\uddfa):<\/p>\n\n\n\n<div class=\"wp-block-buttons is-content-justification-center is-layout-flex wp-container-core-buttons-is-layout-a89b3969 wp-block-buttons-is-layout-flex\">\n<div class=\"wp-block-button\"><a class=\"wp-block-button__link has-background wp-element-button\" href=\"https:\/\/jepeuxvoter.lu\/de\/\" style=\"background-color:#002954\" target=\"_blank\" rel=\"noreferrer noopener\">\ud83d\udc49 ichkannwaehlen.lu<\/a><\/div>\n<\/div>\n\n\n\n<div style=\"height:20px\" aria-hidden=\"true\" class=\"wp-block-spacer\"><\/div>\n\n\n\n<h2 class=\"wp-block-heading\"><em>Der Slogan der DP f\u00fcr diese Wahlen: #NahBeiDir:<\/em><\/h2>\n\n\n\n<p>Auch w\u00e4hrend der COVID-19-Pandemie und trotz der sanit\u00e4ren Ma\u00dfnahmen wurden Solidarit\u00e4t und Zusammenhalt innerhalb der luxemburgischen Gesellschaft in diesen schwierigen Zeiten aufrechterhalten und gest\u00e4rkt. Viele B\u00fcrger standen ihren Nachbarn und anderen Mitb\u00fcrgern sehr nahe, auch wenn sie ihnen nicht physisch nahe standen, indem sie zum Beispiel ihre Eink\u00e4ufe erledigten, wenn sie es nicht selbst tun konnten, zum Beispiel wegen ihrer krankheits- oder altersbedingten Einschr\u00e4nkungen.<\/p>\n\n\n\n<p>Auf diese Verbundenheit wollen wir jetzt setzen und gemeinsam mit unseren B\u00fcrgern, Luxemburgern und Nicht-Luxemburgern, Kommunen schaffen, die den Anliegen der B\u00fcrger besser zuh\u00f6ren und auf sie eingehen, nah an ihnen, nah an Ihnen.<\/p>\n\n\n\n<p>Erste Einblicke in unsere Ideen k\u00f6nnen Sie bereits in unserem Rahmenprogramm f\u00fcr die Kommunalwahlen 2023 finden:<\/p>\n\n\n\n<div class=\"wp-block-buttons is-content-justification-center is-layout-flex wp-container-core-buttons-is-layout-a89b3969 wp-block-buttons-is-layout-flex\">\n<div class=\"wp-block-button\"><a class=\"wp-block-button__link has-background wp-element-button\" href=\"https:\/\/www.dp.lu\/rahmenprogramm-fuer-die-gemeindewahlen-2023\/?lang=de\" style=\"background-color:#002954\" target=\"_blank\" rel=\"noreferrer noopener\">\ud83d\udc49 Rahmenprogramm<\/a><\/div>\n<\/div>\n","protected":false},"excerpt":{"rendered":"<p>Am 13. M\u00e4rz hatte die DP International das gro\u00dfe Vergn\u00fcgen, eine Konferenz mit der Generalsekret\u00e4rin unserer Partei und Abgeordneten Carole Hartmann zu organisieren. Die zentralen Themen dieses Treffens waren die Kommunalwahlen vom 11. Juni und die Beteiligung unserer nicht-luxemburgischen Mitb\u00fcrger.<\/p>\n","protected":false},"author":42,"featured_media":1671,"comment_status":"closed","ping_status":"closed","sticky":false,"template":"","format":"standard","meta":{"footnotes":""},"categories":[60],"tags":[],"class_list":["post-1689","post","type-post","status-publish","format-standard","has-post-thumbnail","hentry","category-treffen","wpbf-post"],"_links":{"self":[{"href":"https:\/\/www.dp.lu\/dpinternational\/wp-json\/wp\/v2\/posts\/1689","targetHints":{"allow":["GET"]}}],"collection":[{"href":"https:\/\/www.dp.lu\/dpinternational\/wp-json\/wp\/v2\/posts"}],"about":[{"href":"https:\/\/www.dp.lu\/dpinternational\/wp-json\/wp\/v2\/types\/post"}],"author":[{"embeddable":true,"href":"https:\/\/www.dp.lu\/dpinternational\/wp-json\/wp\/v2\/users\/42"}],"replies":[{"embeddable":true,"href":"https:\/\/www.dp.lu\/dpinternational\/wp-json\/wp\/v2\/comments?post=1689"}],"version-history":[{"count":3,"href":"https:\/\/www.dp.lu\/dpinternational\/wp-json\/wp\/v2\/posts\/1689\/revisions"}],"predecessor-version":[{"id":1797,"href":"https:\/\/www.dp.lu\/dpinternational\/wp-json\/wp\/v2\/posts\/1689\/revisions\/1797"}],"wp:featuredmedia":[{"embeddable":true,"href":"https:\/\/www.dp.lu\/dpinternational\/wp-json\/wp\/v2\/media\/1671"}],"wp:attachment":[{"href":"https:\/\/www.dp.lu\/dpinternational\/wp-json\/wp\/v2\/media?parent=1689"}],"wp:term":[{"taxonomy":"category","embeddable":true,"href":"https:\/\/www.dp.lu\/dpinternational\/wp-json\/wp\/v2\/categories?post=1689"},{"taxonomy":"post_tag","embeddable":true,"href":"https:\/\/www.dp.lu\/dpinternational\/wp-json\/wp\/v2\/tags?post=1689"}],"curies":[{"name":"wp","href":"https:\/\/api.w.org\/{rel}","templated":true}]}}