{"id":1692,"date":"2023-03-14T19:03:24","date_gmt":"2023-03-14T19:03:24","guid":{"rendered":"https:\/\/www.dp.lu\/dpinternational\/?p=1692"},"modified":"2023-07-08T14:47:21","modified_gmt":"2023-07-08T14:47:21","slug":"elections-municipales-2023-conference-avec-la-secretaire-generale-du-dp-et-deputee-carole-hartmann","status":"publish","type":"post","link":"https:\/\/www.dp.lu\/dpinternational\/elections-municipales-2023-conference-avec-la-secretaire-generale-du-dp-et-deputee-carole-hartmann\/?lang=fr","title":{"rendered":"Conf\u00e9rence avec Carole Hartmann, secr\u00e9taire g\u00e9n\u00e9rale du DP et d\u00e9put\u00e9e"},"content":{"rendered":"\n<p>Le 13 mars dernier, le DP International a eu le grand plaisir d&#8217;organiser une conf\u00e9rence avec la secr\u00e9taire g\u00e9n\u00e9rale de notre parti et d\u00e9put\u00e9e Carole Hartmann. Les th\u00e8mes centraux de cette r\u00e9union ont \u00e9t\u00e9 les \u00e9lections municipales du 11 juin et la participation de nos concitoyens non-luxembourgeois.<\/p>\n\n\n\n<h2 class=\"wp-block-heading\">Nouvelles conditions pour les citoyens non-luxembourgeois<\/h2>\n\n\n\n<p>En 2022, la loi \u00e9lectorale a \u00e9t\u00e9 modifi\u00e9e de sorte que les citoyens qui n&#8217;ont pas la nationalit\u00e9 luxembourgeoise ne doivent plus habiter dans leur commune depuis 5 ans pour pouvoir voter. En outre, la p\u00e9riode d&#8217;inscription a \u00e9t\u00e9 prolong\u00e9e jusqu&#8217;\u00e0 55 jours avant le jour de l&#8217;\u00e9lection. Toutefois, les non-Luxembourgeois doivent encore s&#8217;inscrire s&#8217;ils souhaitent voter pour la premi\u00e8re fois aux \u00e9lections municipales.<\/p>\n\n\n\n<p>Pour 2023, ce d\u00e9lai est fix\u00e9 au 17 avril \u00e0 17 heures. D&#8217;ici l\u00e0, les citoyens concern\u00e9s doivent s&#8217;inscrire dans leur commune ou en ligne sur MyGuichet.lu.<\/p>\n\n\n\n<p>Plus d&#8217;informations ici (en \ud83c\uddec\ud83c\udde7\ud83c\uddeb\ud83c\uddf7\ud83c\udde9\ud83c\uddea\ud83c\uddf5\ud83c\uddf9\ud83c\uddf1\ud83c\uddfa):<\/p>\n\n\n\n<div class=\"wp-block-buttons is-content-justification-center is-layout-flex wp-container-core-buttons-is-layout-a89b3969 wp-block-buttons-is-layout-flex\">\n<div class=\"wp-block-button\"><a class=\"wp-block-button__link has-background wp-element-button\" href=\"https:\/\/jepeuxvoter.lu\" style=\"background-color:#002954\" target=\"_blank\" rel=\"noreferrer noopener\">\ud83d\udc49 jepeuxvoter.lu<\/a><\/div>\n<\/div>\n\n\n\n<div style=\"height:20px\" aria-hidden=\"true\" class=\"wp-block-spacer\"><\/div>\n\n\n\n<h2 class=\"wp-block-heading\"><em>Le slogan de DP pour ces \u00e9lections: #ProcheDeToi<\/em><\/h2>\n\n\n\n<p>M\u00eame pendant la pand\u00e9mie du COVID-19 et malgr\u00e9 les mesures sanitaires, la solidarit\u00e9 et l&#8217;unit\u00e9 au sein de la soci\u00e9t\u00e9 luxembourgeoise ont \u00e9t\u00e9 maintenues et renforc\u00e9es pendant cette p\u00e9riode difficile. De nombreux citoyens ont \u00e9t\u00e9 tr\u00e8s proches de leurs voisins et autres concitoyens, m\u00eame s&#8217;ils ne l&#8217;\u00e9taient pas physiquement, par exemple en faisant leurs courses lorsqu&#8217;ils ne pouvaient pas le faire eux-m\u00eames, par exemple en raison de leur maladie ou de leur \u00e2ge.<\/p>\n\n\n\n<p>C&#8217;est sur cette unit\u00e9 que nous voulons parier maintenant et ensemble avec nos citoyens, luxembourgeois et non luxembourgeois, pour cr\u00e9er ensemble des communes qui \u00e9coutent et r\u00e9pondent mieux aux pr\u00e9occupations des citoyens, proches d&#8217;eux, proches de vous.<\/p>\n\n\n\n<p>Vous pouvez d\u00e9j\u00e0 trouver de premiers aper\u00e7us de nos id\u00e9es dans notre Programme-cadre en vue des \u00e9lections communales 2023:<\/p>\n\n\n\n<div class=\"wp-block-buttons is-content-justification-center is-layout-flex wp-container-core-buttons-is-layout-a89b3969 wp-block-buttons-is-layout-flex\">\n<div class=\"wp-block-button\"><a class=\"wp-block-button__link has-background wp-element-button\" href=\"https:\/\/www.dp.lu\/programme-cadre-en-vue-des-elections-communales-2023\/?lang=fr\" style=\"background-color:#002954\" target=\"_blank\" rel=\"noreferrer noopener\">\ud83d\udc49 Programme-cadre<\/a><\/div>\n<\/div>\n","protected":false},"excerpt":{"rendered":"<p>Le 13 mars dernier, le DP International a eu le grand plaisir d&#8217;organiser une conf\u00e9rence avec la secr\u00e9taire g\u00e9n\u00e9rale de notre parti et d\u00e9put\u00e9e Carole Hartmann. Les th\u00e8mes centraux de cette r\u00e9union ont \u00e9t\u00e9 les \u00e9lections municipales du 11 juin et la participation de nos concitoyens non-luxembourgeois.<\/p>\n","protected":false},"author":42,"featured_media":1670,"comment_status":"closed","ping_status":"closed","sticky":false,"template":"","format":"standard","meta":{"footnotes":""},"categories":[58],"tags":[],"class_list":["post-1692","post","type-post","status-publish","format-standard","has-post-thumbnail","hentry","category-reunions","wpbf-post"],"_links":{"self":[{"href":"https:\/\/www.dp.lu\/dpinternational\/wp-json\/wp\/v2\/posts\/1692","targetHints":{"allow":["GET"]}}],"collection":[{"href":"https:\/\/www.dp.lu\/dpinternational\/wp-json\/wp\/v2\/posts"}],"about":[{"href":"https:\/\/www.dp.lu\/dpinternational\/wp-json\/wp\/v2\/types\/post"}],"author":[{"embeddable":true,"href":"https:\/\/www.dp.lu\/dpinternational\/wp-json\/wp\/v2\/users\/42"}],"replies":[{"embeddable":true,"href":"https:\/\/www.dp.lu\/dpinternational\/wp-json\/wp\/v2\/comments?post=1692"}],"version-history":[{"count":3,"href":"https:\/\/www.dp.lu\/dpinternational\/wp-json\/wp\/v2\/posts\/1692\/revisions"}],"predecessor-version":[{"id":1791,"href":"https:\/\/www.dp.lu\/dpinternational\/wp-json\/wp\/v2\/posts\/1692\/revisions\/1791"}],"wp:featuredmedia":[{"embeddable":true,"href":"https:\/\/www.dp.lu\/dpinternational\/wp-json\/wp\/v2\/media\/1670"}],"wp:attachment":[{"href":"https:\/\/www.dp.lu\/dpinternational\/wp-json\/wp\/v2\/media?parent=1692"}],"wp:term":[{"taxonomy":"category","embeddable":true,"href":"https:\/\/www.dp.lu\/dpinternational\/wp-json\/wp\/v2\/categories?post=1692"},{"taxonomy":"post_tag","embeddable":true,"href":"https:\/\/www.dp.lu\/dpinternational\/wp-json\/wp\/v2\/tags?post=1692"}],"curies":[{"name":"wp","href":"https:\/\/api.w.org\/{rel}","templated":true}]}}