{"id":1705,"date":"2023-03-14T20:11:33","date_gmt":"2023-03-14T20:11:33","guid":{"rendered":"https:\/\/www.dp.lu\/dpinternational\/?p=1705"},"modified":"2023-07-08T15:00:00","modified_gmt":"2023-07-08T15:00:00","slug":"gemengewalen-2023-konferenz-mat-der-dp-generalsekretarin-a-deputeiert-carole-hartmann","status":"publish","type":"post","link":"https:\/\/www.dp.lu\/dpinternational\/gemengewalen-2023-konferenz-mat-der-dp-generalsekretarin-a-deputeiert-carole-hartmann\/?lang=lb-lu","title":{"rendered":"Konferenz mam Carole Hartmann, DP-Generalsekret\u00e4rin a Deput\u00e9iert"},"content":{"rendered":"\n<p>Den 13. M\u00e4erz hat den DP International d\u00e9i grouss Freed, eng Konferenz mat der DP-Generalsekret\u00e4rin an Deput\u00e9iert Carole Hartmann ze organis\u00e9ieren. D\u00e9i zentral Theme&nbsp;vun d\u00ebser Versammlung waren d\u2019Gemengewale vum 11. Juni an d&#8217;politesch Bedeelegung vun eisen net-l\u00ebtzebuergesche Matbierger.<\/p>\n\n\n\n<h2 class=\"wp-block-heading\"><em>Nei Konditioune fir eis net-l\u00ebtzebuergesch Bierger<\/em><\/h2>\n\n\n\n<p>2022 gouf d\u2019Walgesetz esou ge\u00e4nnert, datt Bierger, d\u00e9i keng l\u00ebtzebuergesch Nationalit\u00e9it hunn, net m\u00e9i 5 Joer an hirer Gemeng musse wunnen fir wielen ze dierfen. Zous\u00e4tzlech gouf den&nbsp;Delai fir d&#8217;Aschreiwung op 55 Deeg virum Waldag verl\u00e4ngert. Net-L\u00ebtzebuerger mussen sech awer nach umellen, wa si fir d&#8217;\u00e9ischte K\u00e9ier bei Gemengewale w\u00eblle wielen.<\/p>\n\n\n\n<p>Fir 2023 ass d\u00ebsen Termin den 17. Abr\u00ebll um 17.00 Auer. Bis dohinner mussen d\u00e9i betraffe Bierger sech an hirer Gemeng oder online op MyGuichet.lu umellen.<\/p>\n\n\n\n<p>M\u00e9i Infoen heizou (op \ud83c\uddec\ud83c\udde7\ud83c\uddeb\ud83c\uddf7\ud83c\udde9\ud83c\uddea\ud83c\uddf5\ud83c\uddf9\ud83c\uddf1\ud83c\uddfa):<\/p>\n\n\n\n<div class=\"wp-block-buttons is-content-justification-center is-layout-flex wp-container-core-buttons-is-layout-a89b3969 wp-block-buttons-is-layout-flex\">\n<div class=\"wp-block-button\"><a class=\"wp-block-button__link has-background wp-element-button\" href=\"https:\/\/jepeuxvoter.lu\/lu\/\" style=\"background-color:#002954\" target=\"_blank\" rel=\"noreferrer noopener\">\ud83d\udc49 echkawielen.lu<\/a><\/div>\n<\/div>\n\n\n\n<div style=\"height:20px\" aria-hidden=\"true\" class=\"wp-block-spacer\"><\/div>\n\n\n\n<h2 class=\"wp-block-heading\"><em>DP-Slogan fir d\u00ebs Walen: #NoBeiDir<\/em><\/h2>\n\n\n\n<p>Och w\u00e4rend&nbsp;der COVID-19-Pandemie an trotz sanit\u00e4re Moossnamen goufen d\u2019Solidarit\u00e9it an den&nbsp;Zesummenhalt&nbsp;an der Gesellschaft an d\u00ebser schwiereger Z\u00e4it erhale a verst\u00e4erkt. Vill Bierger ware, och wann dacks&nbsp;net, ganz no bei hiren Noperen an anere Matbierger zum Beispill andeems se fir si akafen gaange sinn, wann&nbsp;ee dat krankheets- oder altersbed\u00e9ngt net selwer maache konnt.<\/p>\n\n\n\n<p><\/p>\n\n\n\n<p>Vill Bierger ware, och wann dacks net physesch, hiren Noperen an anere Matbierger ganz no, zum Beispill andeems se fir si akafe gaange sinn, wann si dat selwer krankheets- oder altersbed\u00e9ngt net maache konnten.<\/p>\n\n\n\n<p><\/p>\n\n\n\n<p>Op d\u00ebs Eenheet w\u00eblle mir elo wetten an zesumme mat eise Bierger, L\u00ebtzebuerger an Net-L\u00ebtzebuerger, zesumme&nbsp;Gemengen ze schafen, d\u00e9i de Bierger besser nolauschteren an op hir Suergen aginn, no bei hinnen, no bei dir.<\/p>\n\n\n\n<p>An eisem Kaderprogramm fir d&#8217;Gemengewalen&nbsp;2023 fannt Dir schonn \u00e9ischt Abl\u00e9ck an eis Iddien:<\/p>\n\n\n\n<div class=\"wp-block-buttons is-content-justification-center is-layout-flex wp-container-core-buttons-is-layout-a89b3969 wp-block-buttons-is-layout-flex\">\n<div class=\"wp-block-button\"><a class=\"wp-block-button__link has-background wp-element-button\" href=\"https:\/\/www.dp.lu\/kaderprogramm-fir-dgemengewalen-2023\/\" style=\"background-color:#002954\" target=\"_blank\" rel=\"noreferrer noopener\">\ud83d\udc49 Kaderprogramm<\/a><\/div>\n<\/div>\n","protected":false},"excerpt":{"rendered":"<p>Den 13. M\u00e4erz hat den DP International d\u00e9i grouss Freed, eng Konferenz mat der DP-Generalsekret\u00e4rin an Deput\u00e9iert Carole Hartmann ze organis\u00e9ieren. D\u00e9i zentral Theme vun d\u00ebser Versammlung waren d\u2019Gemengewale vum 11. Juni an d&#8217;politesch Bedeelegung vun eisen net-l\u00ebtzebuergesche Matbierger.<\/p>\n","protected":false},"author":42,"featured_media":1672,"comment_status":"closed","ping_status":"closed","sticky":false,"template":"","format":"standard","meta":{"footnotes":""},"categories":[62],"tags":[],"class_list":["post-1705","post","type-post","status-publish","format-standard","has-post-thumbnail","hentry","category-versammlung","wpbf-post"],"_links":{"self":[{"href":"https:\/\/www.dp.lu\/dpinternational\/wp-json\/wp\/v2\/posts\/1705","targetHints":{"allow":["GET"]}}],"collection":[{"href":"https:\/\/www.dp.lu\/dpinternational\/wp-json\/wp\/v2\/posts"}],"about":[{"href":"https:\/\/www.dp.lu\/dpinternational\/wp-json\/wp\/v2\/types\/post"}],"author":[{"embeddable":true,"href":"https:\/\/www.dp.lu\/dpinternational\/wp-json\/wp\/v2\/users\/42"}],"replies":[{"embeddable":true,"href":"https:\/\/www.dp.lu\/dpinternational\/wp-json\/wp\/v2\/comments?post=1705"}],"version-history":[{"count":7,"href":"https:\/\/www.dp.lu\/dpinternational\/wp-json\/wp\/v2\/posts\/1705\/revisions"}],"predecessor-version":[{"id":1810,"href":"https:\/\/www.dp.lu\/dpinternational\/wp-json\/wp\/v2\/posts\/1705\/revisions\/1810"}],"wp:featuredmedia":[{"embeddable":true,"href":"https:\/\/www.dp.lu\/dpinternational\/wp-json\/wp\/v2\/media\/1672"}],"wp:attachment":[{"href":"https:\/\/www.dp.lu\/dpinternational\/wp-json\/wp\/v2\/media?parent=1705"}],"wp:term":[{"taxonomy":"category","embeddable":true,"href":"https:\/\/www.dp.lu\/dpinternational\/wp-json\/wp\/v2\/categories?post=1705"},{"taxonomy":"post_tag","embeddable":true,"href":"https:\/\/www.dp.lu\/dpinternational\/wp-json\/wp\/v2\/tags?post=1705"}],"curies":[{"name":"wp","href":"https:\/\/api.w.org\/{rel}","templated":true}]}}