{"id":1788,"date":"2023-06-29T20:00:00","date_gmt":"2023-06-29T20:00:00","guid":{"rendered":"https:\/\/www.dp.lu\/dpinternational\/?p=1788"},"modified":"2023-07-08T14:53:30","modified_gmt":"2023-07-08T14:53:30","slug":"conference-piilux-participation-des-residents-non-luxembourgeois","status":"publish","type":"post","link":"https:\/\/www.dp.lu\/dpinternational\/conference-piilux-participation-des-residents-non-luxembourgeois\/?lang=fr","title":{"rendered":"Conf\u00e9rence PiiLux: participation politique des non-luxembourgeois"},"content":{"rendered":"\n<p>Le 29 juin 2023, la PiiLux Asbl (&#8220;Plateforme Immigration et Int\u00e9gration Luxembourg&#8221;) a invit\u00e9 \u00e0 une table ronde des repr\u00e9sentants des sections internationales des partis luxembourgeois ayant une repr\u00e9sentation parlementaire. Le DP International y a \u00e9t\u00e9 repr\u00e9sent\u00e9 par notre coordinateur Lu\u00eds Oliveira.<\/p>\n\n\n\n<p>Les sujets de discussion comprenaient la repr\u00e9sentation interne des partis des non-Luxembourgeois, la participation politique de ces derniers aux \u00e9lections communales de 2023, que ce soit en tant qu&#8217;\u00e9lecteurs ou en tant que candidats, et les propositions visant \u00e0 renforcer cette participation. En outre, le nouveau projet de loi sur le vivre-ensemble interculturel \u00e9tait \u00e9galement \u00e0 l&#8217;ordre du jour, de m\u00eame que la politique europ\u00e9enne en mati\u00e8re de migration et son influence.<\/p>\n\n\n\n<p>Nous sommes extr\u00eamement satisfaits de cette conf\u00e9rence qui a attir\u00e9 beaucoup de monde, ce qui montre que l&#8217;envie d&#8217;un d\u00e9bat public sur de tels sujets existe et doit \u00eatre poursuivie.<\/p>\n\n\n\n<p>Nous remercions PiiLux pour son invitation et nous nous r\u00e9jouissons de la poursuite d&#8217;une tr\u00e8s bonne coop\u00e9ration!<\/p>\n\n\n\n<figure class=\"wp-block-gallery has-nested-images columns-default is-cropped wp-block-gallery-1 is-layout-flex wp-block-gallery-is-layout-flex\">\n<figure class=\"wp-block-image size-large\"><img fetchpriority=\"high\" decoding=\"async\" width=\"1024\" height=\"576\" data-id=\"1772\" src=\"https:\/\/www.dp.lu\/dpinternational\/wp-content\/uploads\/sites\/4\/2023\/07\/IMG_7940-1024x576.jpeg\" alt=\"\" class=\"wp-image-1772\" srcset=\"https:\/\/www.dp.lu\/dpinternational\/wp-content\/uploads\/sites\/4\/2023\/07\/IMG_7940-1024x576.jpeg 1024w, https:\/\/www.dp.lu\/dpinternational\/wp-content\/uploads\/sites\/4\/2023\/07\/IMG_7940-300x169.jpeg 300w, https:\/\/www.dp.lu\/dpinternational\/wp-content\/uploads\/sites\/4\/2023\/07\/IMG_7940-768x432.jpeg 768w, https:\/\/www.dp.lu\/dpinternational\/wp-content\/uploads\/sites\/4\/2023\/07\/IMG_7940-1536x864.jpeg 1536w, https:\/\/www.dp.lu\/dpinternational\/wp-content\/uploads\/sites\/4\/2023\/07\/IMG_7940-2048x1152.jpeg 2048w\" sizes=\"(max-width: 1024px) 100vw, 1024px\" \/><\/figure>\n\n\n\n<figure class=\"wp-block-image size-large\"><img decoding=\"async\" width=\"1024\" height=\"518\" data-id=\"1759\" src=\"https:\/\/www.dp.lu\/dpinternational\/wp-content\/uploads\/sites\/4\/2023\/07\/IMG_7949-1-1024x518.jpeg\" alt=\"\" class=\"wp-image-1759\" srcset=\"https:\/\/www.dp.lu\/dpinternational\/wp-content\/uploads\/sites\/4\/2023\/07\/IMG_7949-1-1024x518.jpeg 1024w, https:\/\/www.dp.lu\/dpinternational\/wp-content\/uploads\/sites\/4\/2023\/07\/IMG_7949-1-300x152.jpeg 300w, https:\/\/www.dp.lu\/dpinternational\/wp-content\/uploads\/sites\/4\/2023\/07\/IMG_7949-1-768x389.jpeg 768w, https:\/\/www.dp.lu\/dpinternational\/wp-content\/uploads\/sites\/4\/2023\/07\/IMG_7949-1-1536x777.jpeg 1536w, https:\/\/www.dp.lu\/dpinternational\/wp-content\/uploads\/sites\/4\/2023\/07\/IMG_7949-1.jpeg 2048w\" sizes=\"(max-width: 1024px) 100vw, 1024px\" \/><\/figure>\n\n\n\n<figure class=\"wp-block-image size-large\"><img decoding=\"async\" width=\"1024\" height=\"713\" data-id=\"1758\" src=\"https:\/\/www.dp.lu\/dpinternational\/wp-content\/uploads\/sites\/4\/2023\/07\/IMG_7944-1024x713.jpeg\" alt=\"\" class=\"wp-image-1758\" srcset=\"https:\/\/www.dp.lu\/dpinternational\/wp-content\/uploads\/sites\/4\/2023\/07\/IMG_7944-1024x713.jpeg 1024w, https:\/\/www.dp.lu\/dpinternational\/wp-content\/uploads\/sites\/4\/2023\/07\/IMG_7944-300x209.jpeg 300w, https:\/\/www.dp.lu\/dpinternational\/wp-content\/uploads\/sites\/4\/2023\/07\/IMG_7944-768x535.jpeg 768w, https:\/\/www.dp.lu\/dpinternational\/wp-content\/uploads\/sites\/4\/2023\/07\/IMG_7944-1536x1069.jpeg 1536w, https:\/\/www.dp.lu\/dpinternational\/wp-content\/uploads\/sites\/4\/2023\/07\/IMG_7944-330x230.jpeg 330w, https:\/\/www.dp.lu\/dpinternational\/wp-content\/uploads\/sites\/4\/2023\/07\/IMG_7944.jpeg 1569w\" sizes=\"(max-width: 1024px) 100vw, 1024px\" \/><\/figure>\n\n\n\n<figure class=\"wp-block-image size-large\"><img loading=\"lazy\" decoding=\"async\" width=\"1024\" height=\"768\" data-id=\"1767\" src=\"https:\/\/www.dp.lu\/dpinternational\/wp-content\/uploads\/sites\/4\/2023\/07\/4c17cad8-edcd-4c22-94b4-ea462a774f3d-1024x768.jpeg\" alt=\"\" class=\"wp-image-1767\" srcset=\"https:\/\/www.dp.lu\/dpinternational\/wp-content\/uploads\/sites\/4\/2023\/07\/4c17cad8-edcd-4c22-94b4-ea462a774f3d-1024x768.jpeg 1024w, https:\/\/www.dp.lu\/dpinternational\/wp-content\/uploads\/sites\/4\/2023\/07\/4c17cad8-edcd-4c22-94b4-ea462a774f3d-300x225.jpeg 300w, https:\/\/www.dp.lu\/dpinternational\/wp-content\/uploads\/sites\/4\/2023\/07\/4c17cad8-edcd-4c22-94b4-ea462a774f3d-768x576.jpeg 768w, https:\/\/www.dp.lu\/dpinternational\/wp-content\/uploads\/sites\/4\/2023\/07\/4c17cad8-edcd-4c22-94b4-ea462a774f3d-1536x1152.jpeg 1536w, https:\/\/www.dp.lu\/dpinternational\/wp-content\/uploads\/sites\/4\/2023\/07\/4c17cad8-edcd-4c22-94b4-ea462a774f3d.jpeg 2016w\" sizes=\"(max-width: 1024px) 100vw, 1024px\" \/><\/figure>\n\n\n\n<figure class=\"wp-block-image size-large\"><img loading=\"lazy\" decoding=\"async\" width=\"1024\" height=\"538\" data-id=\"1777\" src=\"https:\/\/www.dp.lu\/dpinternational\/wp-content\/uploads\/sites\/4\/2023\/07\/IMG_7948-1024x538.jpeg\" alt=\"\" class=\"wp-image-1777\" srcset=\"https:\/\/www.dp.lu\/dpinternational\/wp-content\/uploads\/sites\/4\/2023\/07\/IMG_7948-1024x538.jpeg 1024w, https:\/\/www.dp.lu\/dpinternational\/wp-content\/uploads\/sites\/4\/2023\/07\/IMG_7948-300x158.jpeg 300w, https:\/\/www.dp.lu\/dpinternational\/wp-content\/uploads\/sites\/4\/2023\/07\/IMG_7948-768x403.jpeg 768w, https:\/\/www.dp.lu\/dpinternational\/wp-content\/uploads\/sites\/4\/2023\/07\/IMG_7948-1536x807.jpeg 1536w, https:\/\/www.dp.lu\/dpinternational\/wp-content\/uploads\/sites\/4\/2023\/07\/IMG_7948.jpeg 1696w\" sizes=\"(max-width: 1024px) 100vw, 1024px\" \/><\/figure>\n<\/figure>\n","protected":false},"excerpt":{"rendered":"<p>Le 29 juin 2023, la PiiLux Asbl a invit\u00e9 \u00e0 une table ronde des repr\u00e9sentants des sections internationales des partis luxembourgeois ayant une repr\u00e9sentation parlementaire.<br \/>\nLe DP International y a \u00e9t\u00e9 repr\u00e9sent\u00e9 par notre coordinateur Lu\u00eds Oliveira.<\/p>\n","protected":false},"author":42,"featured_media":1782,"comment_status":"closed","ping_status":"closed","sticky":false,"template":"","format":"standard","meta":{"footnotes":""},"categories":[18],"tags":[],"class_list":["post-1788","post","type-post","status-publish","format-standard","has-post-thumbnail","hentry","category-event-fr","wpbf-post"],"_links":{"self":[{"href":"https:\/\/www.dp.lu\/dpinternational\/wp-json\/wp\/v2\/posts\/1788","targetHints":{"allow":["GET"]}}],"collection":[{"href":"https:\/\/www.dp.lu\/dpinternational\/wp-json\/wp\/v2\/posts"}],"about":[{"href":"https:\/\/www.dp.lu\/dpinternational\/wp-json\/wp\/v2\/types\/post"}],"author":[{"embeddable":true,"href":"https:\/\/www.dp.lu\/dpinternational\/wp-json\/wp\/v2\/users\/42"}],"replies":[{"embeddable":true,"href":"https:\/\/www.dp.lu\/dpinternational\/wp-json\/wp\/v2\/comments?post=1788"}],"version-history":[{"count":2,"href":"https:\/\/www.dp.lu\/dpinternational\/wp-json\/wp\/v2\/posts\/1788\/revisions"}],"predecessor-version":[{"id":1792,"href":"https:\/\/www.dp.lu\/dpinternational\/wp-json\/wp\/v2\/posts\/1788\/revisions\/1792"}],"wp:featuredmedia":[{"embeddable":true,"href":"https:\/\/www.dp.lu\/dpinternational\/wp-json\/wp\/v2\/media\/1782"}],"wp:attachment":[{"href":"https:\/\/www.dp.lu\/dpinternational\/wp-json\/wp\/v2\/media?parent=1788"}],"wp:term":[{"taxonomy":"category","embeddable":true,"href":"https:\/\/www.dp.lu\/dpinternational\/wp-json\/wp\/v2\/categories?post=1788"},{"taxonomy":"post_tag","embeddable":true,"href":"https:\/\/www.dp.lu\/dpinternational\/wp-json\/wp\/v2\/tags?post=1788"}],"curies":[{"name":"wp","href":"https:\/\/api.w.org\/{rel}","templated":true}]}}