{"id":1813,"date":"2023-06-29T20:00:00","date_gmt":"2023-06-29T20:00:00","guid":{"rendered":"https:\/\/www.dp.lu\/dpinternational\/?p=1813"},"modified":"2023-07-08T15:10:33","modified_gmt":"2023-07-08T15:10:33","slug":"piilux-konferenz-politesch-bedeelegung-vun-net-letzebuerger","status":"publish","type":"post","link":"https:\/\/www.dp.lu\/dpinternational\/piilux-konferenz-politesch-bedeelegung-vun-net-letzebuerger\/?lang=lb-lu","title":{"rendered":"PiiLux-Konferenz: politesch Bedeelegung vun Net-L\u00ebtzebuerger"},"content":{"rendered":"\n<p>Den 29. Juni 2023 huet d&#8217;PiiLux Asbl (&#8220;Plateforme\u00a0Immigration et Integration Luxembourg&#8221;) invit\u00e9iert fir un enger Table ronde mat Vertrieder vun den internationale Sektioune vun de L\u00ebtzebuerger Parteie\u00a0mat parlamentarescher Representatioun deelzehuelen. D&#8217;DP International war duerch eise\u00a0Coordinateur Lu\u00eds Oliveira vertrueden.<\/p>\n\n\n\n<p>Theme w\u00e9i d\u00e9i parteiintern Vertriedung vun net-L\u00ebtzebuerger, hir politesch Bedeelegung un de Gemengewalen 2023, esouwuel als Wieler ew\u00e9i och als Kandidaten, a awer och Virschl\u00e9i fir d\u00ebs Participatioun weider ze st\u00e4erke\u00a0goufen diskut\u00e9iert. Donieft stoung och den neie Gesetzprojet iwwert d\u2019interkulturellt Zesummeliewen un der Dagesuerdnung, grad w\u00e9i d\u2019europ\u00e4esch Migratiounspolitik an hiren Afloss.<\/p>\n\n\n\n<p>Mir waren immens frou iwwer d\u00ebs gutt besicht Konferenz, d\u00e9i beweist, datt de Besoin fir eng \u00ebffentlech Debatt iwwer d\u00ebs Themen exist\u00e9iert a weidergefouert muss ginn.<\/p>\n\n\n\n<p>Mir soen dem PiiLux Merci fir d&#8217;Invitatioun a free\u00ebn eis op d&#8217;Fortsetzung vun enger flotter Zesummenaarbecht!<\/p>\n\n\n\n<figure class=\"wp-block-gallery has-nested-images columns-default is-cropped wp-block-gallery-1 is-layout-flex wp-block-gallery-is-layout-flex\">\n<figure class=\"wp-block-image size-large\"><img fetchpriority=\"high\" decoding=\"async\" width=\"1024\" height=\"576\" data-id=\"1774\" src=\"https:\/\/www.dp.lu\/dpinternational\/wp-content\/uploads\/sites\/4\/2023\/07\/IMG_7940-1024x576.jpeg\" alt=\"\" class=\"wp-image-1774\" srcset=\"https:\/\/www.dp.lu\/dpinternational\/wp-content\/uploads\/sites\/4\/2023\/07\/IMG_7940-1024x576.jpeg 1024w, https:\/\/www.dp.lu\/dpinternational\/wp-content\/uploads\/sites\/4\/2023\/07\/IMG_7940-300x169.jpeg 300w, https:\/\/www.dp.lu\/dpinternational\/wp-content\/uploads\/sites\/4\/2023\/07\/IMG_7940-768x432.jpeg 768w, https:\/\/www.dp.lu\/dpinternational\/wp-content\/uploads\/sites\/4\/2023\/07\/IMG_7940-1536x864.jpeg 1536w, https:\/\/www.dp.lu\/dpinternational\/wp-content\/uploads\/sites\/4\/2023\/07\/IMG_7940-2048x1152.jpeg 2048w\" sizes=\"(max-width: 1024px) 100vw, 1024px\" \/><\/figure>\n\n\n\n<figure class=\"wp-block-image size-large\"><img decoding=\"async\" width=\"1024\" height=\"518\" data-id=\"1763\" src=\"https:\/\/www.dp.lu\/dpinternational\/wp-content\/uploads\/sites\/4\/2023\/07\/IMG_7949-1-1024x518.jpeg\" alt=\"\" class=\"wp-image-1763\" srcset=\"https:\/\/www.dp.lu\/dpinternational\/wp-content\/uploads\/sites\/4\/2023\/07\/IMG_7949-1-1024x518.jpeg 1024w, https:\/\/www.dp.lu\/dpinternational\/wp-content\/uploads\/sites\/4\/2023\/07\/IMG_7949-1-300x152.jpeg 300w, https:\/\/www.dp.lu\/dpinternational\/wp-content\/uploads\/sites\/4\/2023\/07\/IMG_7949-1-768x389.jpeg 768w, https:\/\/www.dp.lu\/dpinternational\/wp-content\/uploads\/sites\/4\/2023\/07\/IMG_7949-1-1536x777.jpeg 1536w, https:\/\/www.dp.lu\/dpinternational\/wp-content\/uploads\/sites\/4\/2023\/07\/IMG_7949-1.jpeg 2048w\" sizes=\"(max-width: 1024px) 100vw, 1024px\" \/><\/figure>\n\n\n\n<figure class=\"wp-block-image size-large\"><img decoding=\"async\" width=\"1024\" height=\"713\" data-id=\"1762\" src=\"https:\/\/www.dp.lu\/dpinternational\/wp-content\/uploads\/sites\/4\/2023\/07\/IMG_7944-1024x713.jpeg\" alt=\"\" class=\"wp-image-1762\" srcset=\"https:\/\/www.dp.lu\/dpinternational\/wp-content\/uploads\/sites\/4\/2023\/07\/IMG_7944-1024x713.jpeg 1024w, https:\/\/www.dp.lu\/dpinternational\/wp-content\/uploads\/sites\/4\/2023\/07\/IMG_7944-300x209.jpeg 300w, https:\/\/www.dp.lu\/dpinternational\/wp-content\/uploads\/sites\/4\/2023\/07\/IMG_7944-768x535.jpeg 768w, https:\/\/www.dp.lu\/dpinternational\/wp-content\/uploads\/sites\/4\/2023\/07\/IMG_7944-1536x1069.jpeg 1536w, https:\/\/www.dp.lu\/dpinternational\/wp-content\/uploads\/sites\/4\/2023\/07\/IMG_7944-330x230.jpeg 330w, https:\/\/www.dp.lu\/dpinternational\/wp-content\/uploads\/sites\/4\/2023\/07\/IMG_7944.jpeg 1569w\" sizes=\"(max-width: 1024px) 100vw, 1024px\" \/><\/figure>\n\n\n\n<figure class=\"wp-block-image size-large\"><img loading=\"lazy\" decoding=\"async\" width=\"1024\" height=\"768\" data-id=\"1769\" src=\"https:\/\/www.dp.lu\/dpinternational\/wp-content\/uploads\/sites\/4\/2023\/07\/4c17cad8-edcd-4c22-94b4-ea462a774f3d-1024x768.jpeg\" alt=\"\" class=\"wp-image-1769\" srcset=\"https:\/\/www.dp.lu\/dpinternational\/wp-content\/uploads\/sites\/4\/2023\/07\/4c17cad8-edcd-4c22-94b4-ea462a774f3d-1024x768.jpeg 1024w, https:\/\/www.dp.lu\/dpinternational\/wp-content\/uploads\/sites\/4\/2023\/07\/4c17cad8-edcd-4c22-94b4-ea462a774f3d-300x225.jpeg 300w, https:\/\/www.dp.lu\/dpinternational\/wp-content\/uploads\/sites\/4\/2023\/07\/4c17cad8-edcd-4c22-94b4-ea462a774f3d-768x576.jpeg 768w, https:\/\/www.dp.lu\/dpinternational\/wp-content\/uploads\/sites\/4\/2023\/07\/4c17cad8-edcd-4c22-94b4-ea462a774f3d-1536x1152.jpeg 1536w, https:\/\/www.dp.lu\/dpinternational\/wp-content\/uploads\/sites\/4\/2023\/07\/4c17cad8-edcd-4c22-94b4-ea462a774f3d.jpeg 2016w\" sizes=\"(max-width: 1024px) 100vw, 1024px\" \/><\/figure>\n\n\n\n<figure class=\"wp-block-image size-large\"><img loading=\"lazy\" decoding=\"async\" width=\"1024\" height=\"538\" data-id=\"1779\" src=\"https:\/\/www.dp.lu\/dpinternational\/wp-content\/uploads\/sites\/4\/2023\/07\/IMG_7948-1024x538.jpeg\" alt=\"\" class=\"wp-image-1779\" srcset=\"https:\/\/www.dp.lu\/dpinternational\/wp-content\/uploads\/sites\/4\/2023\/07\/IMG_7948-1024x538.jpeg 1024w, https:\/\/www.dp.lu\/dpinternational\/wp-content\/uploads\/sites\/4\/2023\/07\/IMG_7948-300x158.jpeg 300w, https:\/\/www.dp.lu\/dpinternational\/wp-content\/uploads\/sites\/4\/2023\/07\/IMG_7948-768x403.jpeg 768w, https:\/\/www.dp.lu\/dpinternational\/wp-content\/uploads\/sites\/4\/2023\/07\/IMG_7948-1536x807.jpeg 1536w, https:\/\/www.dp.lu\/dpinternational\/wp-content\/uploads\/sites\/4\/2023\/07\/IMG_7948.jpeg 1696w\" sizes=\"(max-width: 1024px) 100vw, 1024px\" \/><\/figure>\n<\/figure>\n","protected":false},"excerpt":{"rendered":"<p>Den 29. Juni 2023 huet d&#8217;PiiLux Asbl invit\u00e9iert fir un enger Table ronde mat Vertrieder vun den internationale Sektioune vun de L\u00ebtzebuerger Parteie\u00a0mat parlamentarescher Representatioun deelzehuelen. D&#8217;DP International war duerch eise\u00a0Coordinateur Lu\u00eds Oliveira vertrueden.<\/p>\n","protected":false},"author":42,"featured_media":1784,"comment_status":"closed","ping_status":"closed","sticky":false,"template":"","format":"standard","meta":{"footnotes":""},"categories":[1],"tags":[],"class_list":["post-1813","post","type-post","status-publish","format-standard","has-post-thumbnail","hentry","category-event","wpbf-post"],"_links":{"self":[{"href":"https:\/\/www.dp.lu\/dpinternational\/wp-json\/wp\/v2\/posts\/1813","targetHints":{"allow":["GET"]}}],"collection":[{"href":"https:\/\/www.dp.lu\/dpinternational\/wp-json\/wp\/v2\/posts"}],"about":[{"href":"https:\/\/www.dp.lu\/dpinternational\/wp-json\/wp\/v2\/types\/post"}],"author":[{"embeddable":true,"href":"https:\/\/www.dp.lu\/dpinternational\/wp-json\/wp\/v2\/users\/42"}],"replies":[{"embeddable":true,"href":"https:\/\/www.dp.lu\/dpinternational\/wp-json\/wp\/v2\/comments?post=1813"}],"version-history":[{"count":2,"href":"https:\/\/www.dp.lu\/dpinternational\/wp-json\/wp\/v2\/posts\/1813\/revisions"}],"predecessor-version":[{"id":1815,"href":"https:\/\/www.dp.lu\/dpinternational\/wp-json\/wp\/v2\/posts\/1813\/revisions\/1815"}],"wp:featuredmedia":[{"embeddable":true,"href":"https:\/\/www.dp.lu\/dpinternational\/wp-json\/wp\/v2\/media\/1784"}],"wp:attachment":[{"href":"https:\/\/www.dp.lu\/dpinternational\/wp-json\/wp\/v2\/media?parent=1813"}],"wp:term":[{"taxonomy":"category","embeddable":true,"href":"https:\/\/www.dp.lu\/dpinternational\/wp-json\/wp\/v2\/categories?post=1813"},{"taxonomy":"post_tag","embeddable":true,"href":"https:\/\/www.dp.lu\/dpinternational\/wp-json\/wp\/v2\/tags?post=1813"}],"curies":[{"name":"wp","href":"https:\/\/api.w.org\/{rel}","templated":true}]}}