{"id":1845,"date":"2023-09-25T11:25:26","date_gmt":"2023-09-25T11:25:26","guid":{"rendered":"https:\/\/www.dp.lu\/dpinternational\/?p=1845"},"modified":"2023-09-25T11:25:28","modified_gmt":"2023-09-25T11:25:28","slug":"visite-du-parlement-luxembourgeois","status":"publish","type":"post","link":"https:\/\/www.dp.lu\/dpinternational\/visite-du-parlement-luxembourgeois\/?lang=fr","title":{"rendered":"Visite du Parlement luxembourgeois"},"content":{"rendered":"\n<p>Le 14 septembre, nous avons eu l&#8217;honneur et le plaisir de visiter la Maison de la d\u00e9mocratie luxembourgeoise. Une activit\u00e9 propos\u00e9e chaque ann\u00e9e par DP International.<\/p>\n\n\n\n<p>Cette ann\u00e9e, cependant, elle a \u00e9t\u00e9 faite dans la perspective des \u00e9lections parlementaires du 8 octobre, avec l&#8217;objectif d&#8217;en apprendre davantage sur les fonctions et les proc\u00e9dures de la Chambre des D\u00e9put\u00e9s.<\/p>\n\n\n\n<p>Nous tenons \u00e0 remercier chaleureusement l&#8217;administration parlementaire et en particulier Mme Monique Faber, qui a dirig\u00e9 la visite, ainsi que les nombreux membres et sympathisants de DP International, pour la plupart nouveaux, qui ont particip\u00e9 \u00e0 la visite.<\/p>\n\n\n\n<figure class=\"wp-block-gallery has-nested-images columns-default is-cropped wp-block-gallery-1 is-layout-flex wp-block-gallery-is-layout-flex\">\n<figure class=\"wp-block-image size-large\"><img fetchpriority=\"high\" decoding=\"async\" width=\"1024\" height=\"576\" data-id=\"1824\" src=\"https:\/\/www.dp.lu\/dpinternational\/wp-content\/uploads\/sites\/4\/2023\/09\/IMG_0351-1024x576.jpeg\" alt=\"\" class=\"wp-image-1824\" srcset=\"https:\/\/www.dp.lu\/dpinternational\/wp-content\/uploads\/sites\/4\/2023\/09\/IMG_0351-1024x576.jpeg 1024w, https:\/\/www.dp.lu\/dpinternational\/wp-content\/uploads\/sites\/4\/2023\/09\/IMG_0351-300x169.jpeg 300w, https:\/\/www.dp.lu\/dpinternational\/wp-content\/uploads\/sites\/4\/2023\/09\/IMG_0351-768x432.jpeg 768w, https:\/\/www.dp.lu\/dpinternational\/wp-content\/uploads\/sites\/4\/2023\/09\/IMG_0351-1536x864.jpeg 1536w, https:\/\/www.dp.lu\/dpinternational\/wp-content\/uploads\/sites\/4\/2023\/09\/IMG_0351-2048x1152.jpeg 2048w\" sizes=\"(max-width: 1024px) 100vw, 1024px\" \/><\/figure>\n\n\n\n<figure class=\"wp-block-image size-large\"><img decoding=\"async\" width=\"1024\" height=\"576\" data-id=\"1834\" src=\"https:\/\/www.dp.lu\/dpinternational\/wp-content\/uploads\/sites\/4\/2023\/09\/IMG_0361-1024x576.jpeg\" alt=\"\" class=\"wp-image-1834\" srcset=\"https:\/\/www.dp.lu\/dpinternational\/wp-content\/uploads\/sites\/4\/2023\/09\/IMG_0361-1024x576.jpeg 1024w, https:\/\/www.dp.lu\/dpinternational\/wp-content\/uploads\/sites\/4\/2023\/09\/IMG_0361-300x169.jpeg 300w, https:\/\/www.dp.lu\/dpinternational\/wp-content\/uploads\/sites\/4\/2023\/09\/IMG_0361-768x432.jpeg 768w, https:\/\/www.dp.lu\/dpinternational\/wp-content\/uploads\/sites\/4\/2023\/09\/IMG_0361-1536x864.jpeg 1536w, https:\/\/www.dp.lu\/dpinternational\/wp-content\/uploads\/sites\/4\/2023\/09\/IMG_0361-2048x1152.jpeg 2048w\" sizes=\"(max-width: 1024px) 100vw, 1024px\" \/><\/figure>\n\n\n\n<figure class=\"wp-block-image size-large\"><img decoding=\"async\" width=\"1024\" height=\"768\" data-id=\"1819\" src=\"https:\/\/www.dp.lu\/dpinternational\/wp-content\/uploads\/sites\/4\/2023\/09\/b5f6d232-94fb-4333-87ac-d012aea82aa9-1024x768.jpeg\" alt=\"\" class=\"wp-image-1819\" srcset=\"https:\/\/www.dp.lu\/dpinternational\/wp-content\/uploads\/sites\/4\/2023\/09\/b5f6d232-94fb-4333-87ac-d012aea82aa9-1024x768.jpeg 1024w, https:\/\/www.dp.lu\/dpinternational\/wp-content\/uploads\/sites\/4\/2023\/09\/b5f6d232-94fb-4333-87ac-d012aea82aa9-300x225.jpeg 300w, https:\/\/www.dp.lu\/dpinternational\/wp-content\/uploads\/sites\/4\/2023\/09\/b5f6d232-94fb-4333-87ac-d012aea82aa9-768x576.jpeg 768w, https:\/\/www.dp.lu\/dpinternational\/wp-content\/uploads\/sites\/4\/2023\/09\/b5f6d232-94fb-4333-87ac-d012aea82aa9-1536x1152.jpeg 1536w, https:\/\/www.dp.lu\/dpinternational\/wp-content\/uploads\/sites\/4\/2023\/09\/b5f6d232-94fb-4333-87ac-d012aea82aa9.jpeg 1600w\" sizes=\"(max-width: 1024px) 100vw, 1024px\" \/><\/figure>\n\n\n\n<figure class=\"wp-block-image size-large\"><img loading=\"lazy\" decoding=\"async\" width=\"1024\" height=\"576\" data-id=\"1829\" src=\"https:\/\/www.dp.lu\/dpinternational\/wp-content\/uploads\/sites\/4\/2023\/09\/IMG_0365-1024x576.jpeg\" alt=\"\" class=\"wp-image-1829\" srcset=\"https:\/\/www.dp.lu\/dpinternational\/wp-content\/uploads\/sites\/4\/2023\/09\/IMG_0365-1024x576.jpeg 1024w, https:\/\/www.dp.lu\/dpinternational\/wp-content\/uploads\/sites\/4\/2023\/09\/IMG_0365-300x169.jpeg 300w, https:\/\/www.dp.lu\/dpinternational\/wp-content\/uploads\/sites\/4\/2023\/09\/IMG_0365-768x432.jpeg 768w, https:\/\/www.dp.lu\/dpinternational\/wp-content\/uploads\/sites\/4\/2023\/09\/IMG_0365-1536x864.jpeg 1536w, https:\/\/www.dp.lu\/dpinternational\/wp-content\/uploads\/sites\/4\/2023\/09\/IMG_0365-2048x1152.jpeg 2048w\" sizes=\"(max-width: 1024px) 100vw, 1024px\" \/><\/figure>\n\n\n\n<figure class=\"wp-block-image size-large\"><img loading=\"lazy\" decoding=\"async\" width=\"1024\" height=\"575\" data-id=\"1839\" src=\"https:\/\/www.dp.lu\/dpinternational\/wp-content\/uploads\/sites\/4\/2023\/09\/IMG_0368-1024x575.jpeg\" alt=\"\" class=\"wp-image-1839\" srcset=\"https:\/\/www.dp.lu\/dpinternational\/wp-content\/uploads\/sites\/4\/2023\/09\/IMG_0368-1024x575.jpeg 1024w, https:\/\/www.dp.lu\/dpinternational\/wp-content\/uploads\/sites\/4\/2023\/09\/IMG_0368-300x168.jpeg 300w, https:\/\/www.dp.lu\/dpinternational\/wp-content\/uploads\/sites\/4\/2023\/09\/IMG_0368-768x431.jpeg 768w, https:\/\/www.dp.lu\/dpinternational\/wp-content\/uploads\/sites\/4\/2023\/09\/IMG_0368-1536x862.jpeg 1536w, https:\/\/www.dp.lu\/dpinternational\/wp-content\/uploads\/sites\/4\/2023\/09\/IMG_0368.jpeg 1742w\" sizes=\"(max-width: 1024px) 100vw, 1024px\" \/><\/figure>\n<\/figure>\n","protected":false},"excerpt":{"rendered":"<p>Le 14 septembre, nous avons eu l&#8217;honneur et le plaisir de visiter la Maison de la d\u00e9mocratie luxembourgeoise. Une activit\u00e9 propos\u00e9e chaque ann\u00e9e par DP International. Cette ann\u00e9e, cependant, elle a \u00e9t\u00e9 faite dans la perspective des \u00e9lections parlementaires du 8 octobre, avec l&#8217;objectif d&#8217;en apprendre davantage sur les fonctions et les proc\u00e9dures de la Chambre des D\u00e9put\u00e9s.<\/p>\n","protected":false},"author":42,"featured_media":1829,"comment_status":"closed","ping_status":"closed","sticky":false,"template":"","format":"standard","meta":{"footnotes":""},"categories":[65],"tags":[],"class_list":["post-1845","post","type-post","status-publish","format-standard","has-post-thumbnail","hentry","category-visite-fr","wpbf-post"],"_links":{"self":[{"href":"https:\/\/www.dp.lu\/dpinternational\/wp-json\/wp\/v2\/posts\/1845","targetHints":{"allow":["GET"]}}],"collection":[{"href":"https:\/\/www.dp.lu\/dpinternational\/wp-json\/wp\/v2\/posts"}],"about":[{"href":"https:\/\/www.dp.lu\/dpinternational\/wp-json\/wp\/v2\/types\/post"}],"author":[{"embeddable":true,"href":"https:\/\/www.dp.lu\/dpinternational\/wp-json\/wp\/v2\/users\/42"}],"replies":[{"embeddable":true,"href":"https:\/\/www.dp.lu\/dpinternational\/wp-json\/wp\/v2\/comments?post=1845"}],"version-history":[{"count":1,"href":"https:\/\/www.dp.lu\/dpinternational\/wp-json\/wp\/v2\/posts\/1845\/revisions"}],"predecessor-version":[{"id":1846,"href":"https:\/\/www.dp.lu\/dpinternational\/wp-json\/wp\/v2\/posts\/1845\/revisions\/1846"}],"wp:featuredmedia":[{"embeddable":true,"href":"https:\/\/www.dp.lu\/dpinternational\/wp-json\/wp\/v2\/media\/1829"}],"wp:attachment":[{"href":"https:\/\/www.dp.lu\/dpinternational\/wp-json\/wp\/v2\/media?parent=1845"}],"wp:term":[{"taxonomy":"category","embeddable":true,"href":"https:\/\/www.dp.lu\/dpinternational\/wp-json\/wp\/v2\/categories?post=1845"},{"taxonomy":"post_tag","embeddable":true,"href":"https:\/\/www.dp.lu\/dpinternational\/wp-json\/wp\/v2\/tags?post=1845"}],"curies":[{"name":"wp","href":"https:\/\/api.w.org\/{rel}","templated":true}]}}