{"id":1852,"date":"2023-09-25T11:39:21","date_gmt":"2023-09-25T11:39:21","guid":{"rendered":"https:\/\/www.dp.lu\/dpinternational\/?p=1852"},"modified":"2023-09-25T11:39:23","modified_gmt":"2023-09-25T11:39:23","slug":"visitt-vun-der-chamber","status":"publish","type":"post","link":"https:\/\/www.dp.lu\/dpinternational\/visitt-vun-der-chamber\/?lang=lb-lu","title":{"rendered":"Visitt vun der Chamber"},"content":{"rendered":"\n<p>De 14. September hate mir d\u00e9i grouss \u00c9ier a Freed, d\u2019Haus vun der L\u00ebtzebuerger Demokratie ze besichen. Eng Aktivit\u00e9it, d\u00e9i all Joers vum DP International ugebuede g\u00ebtt.<\/p>\n\n\n\n<p>D\u00ebst Joer war d\u00ebse Besuch awer och ganz speziell\u00a0am Kader\u00a0vun de Chamberswale vum 8. Oktober, mam Zil, m\u00e9i iwwer d\u2019Funktiounen a\u00a0Verfare vun der Chamber gewuer ze ginn.<\/p>\n\n\n\n<p>Mir w\u00ebllen eis bei der parlamentarescher Administratioun a ganz besonnesch bei der Madamm Monique Faber bedanken, d\u00e9i d\u2019Visitt geleet huet, souw\u00e9i och deene ville, gr\u00e9isstendeels ganz nei Memberen a Sympathisante vun der DP International, d\u00e9i un d\u00ebser Visitt deelgeholl hunn.<\/p>\n\n\n\n<figure class=\"wp-block-gallery has-nested-images columns-default is-cropped wp-block-gallery-1 is-layout-flex wp-block-gallery-is-layout-flex\">\n<figure class=\"wp-block-image size-large\"><img fetchpriority=\"high\" decoding=\"async\" width=\"1024\" height=\"576\" data-id=\"1826\" src=\"https:\/\/www.dp.lu\/dpinternational\/wp-content\/uploads\/sites\/4\/2023\/09\/IMG_0351-1024x576.jpeg\" alt=\"\" class=\"wp-image-1826\" srcset=\"https:\/\/www.dp.lu\/dpinternational\/wp-content\/uploads\/sites\/4\/2023\/09\/IMG_0351-1024x576.jpeg 1024w, https:\/\/www.dp.lu\/dpinternational\/wp-content\/uploads\/sites\/4\/2023\/09\/IMG_0351-300x169.jpeg 300w, https:\/\/www.dp.lu\/dpinternational\/wp-content\/uploads\/sites\/4\/2023\/09\/IMG_0351-768x432.jpeg 768w, https:\/\/www.dp.lu\/dpinternational\/wp-content\/uploads\/sites\/4\/2023\/09\/IMG_0351-1536x864.jpeg 1536w, https:\/\/www.dp.lu\/dpinternational\/wp-content\/uploads\/sites\/4\/2023\/09\/IMG_0351-2048x1152.jpeg 2048w\" sizes=\"(max-width: 1024px) 100vw, 1024px\" \/><\/figure>\n\n\n\n<figure class=\"wp-block-image size-large\"><img decoding=\"async\" width=\"1024\" height=\"576\" data-id=\"1836\" src=\"https:\/\/www.dp.lu\/dpinternational\/wp-content\/uploads\/sites\/4\/2023\/09\/IMG_0361-1024x576.jpeg\" alt=\"\" class=\"wp-image-1836\" srcset=\"https:\/\/www.dp.lu\/dpinternational\/wp-content\/uploads\/sites\/4\/2023\/09\/IMG_0361-1024x576.jpeg 1024w, https:\/\/www.dp.lu\/dpinternational\/wp-content\/uploads\/sites\/4\/2023\/09\/IMG_0361-300x169.jpeg 300w, https:\/\/www.dp.lu\/dpinternational\/wp-content\/uploads\/sites\/4\/2023\/09\/IMG_0361-768x432.jpeg 768w, https:\/\/www.dp.lu\/dpinternational\/wp-content\/uploads\/sites\/4\/2023\/09\/IMG_0361-1536x864.jpeg 1536w, https:\/\/www.dp.lu\/dpinternational\/wp-content\/uploads\/sites\/4\/2023\/09\/IMG_0361-2048x1152.jpeg 2048w\" sizes=\"(max-width: 1024px) 100vw, 1024px\" \/><\/figure>\n\n\n\n<figure class=\"wp-block-image size-large\"><img decoding=\"async\" width=\"1024\" height=\"768\" data-id=\"1821\" src=\"https:\/\/www.dp.lu\/dpinternational\/wp-content\/uploads\/sites\/4\/2023\/09\/b5f6d232-94fb-4333-87ac-d012aea82aa9-1024x768.jpeg\" alt=\"\" class=\"wp-image-1821\" srcset=\"https:\/\/www.dp.lu\/dpinternational\/wp-content\/uploads\/sites\/4\/2023\/09\/b5f6d232-94fb-4333-87ac-d012aea82aa9-1024x768.jpeg 1024w, https:\/\/www.dp.lu\/dpinternational\/wp-content\/uploads\/sites\/4\/2023\/09\/b5f6d232-94fb-4333-87ac-d012aea82aa9-300x225.jpeg 300w, https:\/\/www.dp.lu\/dpinternational\/wp-content\/uploads\/sites\/4\/2023\/09\/b5f6d232-94fb-4333-87ac-d012aea82aa9-768x576.jpeg 768w, https:\/\/www.dp.lu\/dpinternational\/wp-content\/uploads\/sites\/4\/2023\/09\/b5f6d232-94fb-4333-87ac-d012aea82aa9-1536x1152.jpeg 1536w, https:\/\/www.dp.lu\/dpinternational\/wp-content\/uploads\/sites\/4\/2023\/09\/b5f6d232-94fb-4333-87ac-d012aea82aa9.jpeg 1600w\" sizes=\"(max-width: 1024px) 100vw, 1024px\" \/><\/figure>\n\n\n\n<figure class=\"wp-block-image size-large\"><img loading=\"lazy\" decoding=\"async\" width=\"1024\" height=\"576\" data-id=\"1831\" src=\"https:\/\/www.dp.lu\/dpinternational\/wp-content\/uploads\/sites\/4\/2023\/09\/IMG_0365-1024x576.jpeg\" alt=\"\" class=\"wp-image-1831\" srcset=\"https:\/\/www.dp.lu\/dpinternational\/wp-content\/uploads\/sites\/4\/2023\/09\/IMG_0365-1024x576.jpeg 1024w, https:\/\/www.dp.lu\/dpinternational\/wp-content\/uploads\/sites\/4\/2023\/09\/IMG_0365-300x169.jpeg 300w, https:\/\/www.dp.lu\/dpinternational\/wp-content\/uploads\/sites\/4\/2023\/09\/IMG_0365-768x432.jpeg 768w, https:\/\/www.dp.lu\/dpinternational\/wp-content\/uploads\/sites\/4\/2023\/09\/IMG_0365-1536x864.jpeg 1536w, https:\/\/www.dp.lu\/dpinternational\/wp-content\/uploads\/sites\/4\/2023\/09\/IMG_0365-2048x1152.jpeg 2048w\" sizes=\"(max-width: 1024px) 100vw, 1024px\" \/><\/figure>\n\n\n\n<figure class=\"wp-block-image size-large\"><img loading=\"lazy\" decoding=\"async\" width=\"1024\" height=\"575\" data-id=\"1841\" src=\"https:\/\/www.dp.lu\/dpinternational\/wp-content\/uploads\/sites\/4\/2023\/09\/IMG_0368-1024x575.jpeg\" alt=\"\" class=\"wp-image-1841\" srcset=\"https:\/\/www.dp.lu\/dpinternational\/wp-content\/uploads\/sites\/4\/2023\/09\/IMG_0368-1024x575.jpeg 1024w, https:\/\/www.dp.lu\/dpinternational\/wp-content\/uploads\/sites\/4\/2023\/09\/IMG_0368-300x168.jpeg 300w, https:\/\/www.dp.lu\/dpinternational\/wp-content\/uploads\/sites\/4\/2023\/09\/IMG_0368-768x431.jpeg 768w, https:\/\/www.dp.lu\/dpinternational\/wp-content\/uploads\/sites\/4\/2023\/09\/IMG_0368-1536x862.jpeg 1536w, https:\/\/www.dp.lu\/dpinternational\/wp-content\/uploads\/sites\/4\/2023\/09\/IMG_0368.jpeg 1742w\" sizes=\"(max-width: 1024px) 100vw, 1024px\" \/><\/figure>\n<\/figure>\n","protected":false},"excerpt":{"rendered":"<p>De 14. September hate mir d\u00e9i grouss \u00c9ier a Freed, d\u2019Haus vun der L\u00ebtzebuerger Demokratie ze besichen. Eng Aktivit\u00e9it, d\u00e9i all Joers vum DP International ugebuede g\u00ebtt.<\/p>\n<p>D\u00ebst Joer war d\u00ebse Besuch awer och ganz speziell\u00a0am Kader\u00a0vun de Chamberswale vum 8. Oktober, mam Zil, m\u00e9i iwwer d\u2019Funktiounen a\u00a0Verfare vun der Chamber gewuer ze ginn.<\/p>\n","protected":false},"author":42,"featured_media":1831,"comment_status":"closed","ping_status":"closed","sticky":false,"template":"","format":"standard","meta":{"footnotes":""},"categories":[66],"tags":[],"class_list":["post-1852","post","type-post","status-publish","format-standard","has-post-thumbnail","hentry","category-visitt","wpbf-post"],"_links":{"self":[{"href":"https:\/\/www.dp.lu\/dpinternational\/wp-json\/wp\/v2\/posts\/1852","targetHints":{"allow":["GET"]}}],"collection":[{"href":"https:\/\/www.dp.lu\/dpinternational\/wp-json\/wp\/v2\/posts"}],"about":[{"href":"https:\/\/www.dp.lu\/dpinternational\/wp-json\/wp\/v2\/types\/post"}],"author":[{"embeddable":true,"href":"https:\/\/www.dp.lu\/dpinternational\/wp-json\/wp\/v2\/users\/42"}],"replies":[{"embeddable":true,"href":"https:\/\/www.dp.lu\/dpinternational\/wp-json\/wp\/v2\/comments?post=1852"}],"version-history":[{"count":1,"href":"https:\/\/www.dp.lu\/dpinternational\/wp-json\/wp\/v2\/posts\/1852\/revisions"}],"predecessor-version":[{"id":1853,"href":"https:\/\/www.dp.lu\/dpinternational\/wp-json\/wp\/v2\/posts\/1852\/revisions\/1853"}],"wp:featuredmedia":[{"embeddable":true,"href":"https:\/\/www.dp.lu\/dpinternational\/wp-json\/wp\/v2\/media\/1831"}],"wp:attachment":[{"href":"https:\/\/www.dp.lu\/dpinternational\/wp-json\/wp\/v2\/media?parent=1852"}],"wp:term":[{"taxonomy":"category","embeddable":true,"href":"https:\/\/www.dp.lu\/dpinternational\/wp-json\/wp\/v2\/categories?post=1852"},{"taxonomy":"post_tag","embeddable":true,"href":"https:\/\/www.dp.lu\/dpinternational\/wp-json\/wp\/v2\/tags?post=1852"}],"curies":[{"name":"wp","href":"https:\/\/api.w.org\/{rel}","templated":true}]}}