{"id":1863,"date":"2023-12-14T21:00:00","date_gmt":"2023-12-14T21:00:00","guid":{"rendered":"https:\/\/www.dp.lu\/dpinternational\/?p=1863"},"modified":"2024-03-15T13:26:20","modified_gmt":"2024-03-15T13:26:20","slug":"letztes-treffen-des-jahres-2023","status":"publish","type":"post","link":"https:\/\/www.dp.lu\/dpinternational\/letztes-treffen-des-jahres-2023\/?lang=de","title":{"rendered":"Letztes Treffen des Jahres 2023"},"content":{"rendered":"\n<p><br>Am Ende eines erfolgreichen Jahres, das von den Kommunal- und Parlamentswahlen gepr\u00e4gt war, traf sich die DP International zu einer letzten Sitzung, um auf das Jahr 2023 zur\u00fcckzublicken.<\/p>\n\n\n\n<p>Dies war die ideale Gelegenheit, um \u00fcber die zahlreichen Konferenzen, Workshops, Besuche, Diskussionsrunden und Kongresse zu reflektieren.<\/p>\n\n\n\n<p>Das Jahresende war f\u00fcr uns aber auch eine gute Gelegenheit, einen Blick auf das n\u00e4chste Jahr zu werfen, das von den Europawahlen am 9. Juni gepr\u00e4gt sein wird und in dem die DP International wieder viel Arbeit vor sich hat, auf die wir gespannt sind und der wir bereits mit gro\u00dfer Motivation entgegensehen!<\/p>\n\n\n\n<p>Anschlie\u00dfend besuchten einige Mitglieder einen der traditionellen Weihnachtsm\u00e4rkte in Luxemburg-Stadt, wie es schon Tradition ist!<\/p>\n\n\n\n<p>Wir freuen uns schon auf das Jahr 2024 und w\u00fcnschen allen eine erholsame Weihnachtszeit und einen guten Start in das neue Jahr! \ud83d\udc99<\/p>\n","protected":false},"excerpt":{"rendered":"<p>Am Ende eines erfolgreichen Jahres, das von den Kommunal- und Parlamentswahlen gepr\u00e4gt war, traf sich DP International zu einer letzten Sitzung, um auf das Jahr 2023 zur\u00fcckzublicken.<\/p>\n","protected":false},"author":42,"featured_media":1859,"comment_status":"closed","ping_status":"closed","sticky":false,"template":"","format":"standard","meta":{"footnotes":""},"categories":[60],"tags":[],"class_list":["post-1863","post","type-post","status-publish","format-standard","has-post-thumbnail","hentry","category-treffen","wpbf-post"],"_links":{"self":[{"href":"https:\/\/www.dp.lu\/dpinternational\/wp-json\/wp\/v2\/posts\/1863","targetHints":{"allow":["GET"]}}],"collection":[{"href":"https:\/\/www.dp.lu\/dpinternational\/wp-json\/wp\/v2\/posts"}],"about":[{"href":"https:\/\/www.dp.lu\/dpinternational\/wp-json\/wp\/v2\/types\/post"}],"author":[{"embeddable":true,"href":"https:\/\/www.dp.lu\/dpinternational\/wp-json\/wp\/v2\/users\/42"}],"replies":[{"embeddable":true,"href":"https:\/\/www.dp.lu\/dpinternational\/wp-json\/wp\/v2\/comments?post=1863"}],"version-history":[{"count":6,"href":"https:\/\/www.dp.lu\/dpinternational\/wp-json\/wp\/v2\/posts\/1863\/revisions"}],"predecessor-version":[{"id":2119,"href":"https:\/\/www.dp.lu\/dpinternational\/wp-json\/wp\/v2\/posts\/1863\/revisions\/2119"}],"wp:featuredmedia":[{"embeddable":true,"href":"https:\/\/www.dp.lu\/dpinternational\/wp-json\/wp\/v2\/media\/1859"}],"wp:attachment":[{"href":"https:\/\/www.dp.lu\/dpinternational\/wp-json\/wp\/v2\/media?parent=1863"}],"wp:term":[{"taxonomy":"category","embeddable":true,"href":"https:\/\/www.dp.lu\/dpinternational\/wp-json\/wp\/v2\/categories?post=1863"},{"taxonomy":"post_tag","embeddable":true,"href":"https:\/\/www.dp.lu\/dpinternational\/wp-json\/wp\/v2\/tags?post=1863"}],"curies":[{"name":"wp","href":"https:\/\/api.w.org\/{rel}","templated":true}]}}