{"id":1873,"date":"2023-12-14T21:00:00","date_gmt":"2023-12-14T21:00:00","guid":{"rendered":"https:\/\/www.dp.lu\/dpinternational\/?p=1873"},"modified":"2024-03-12T15:59:36","modified_gmt":"2024-03-12T15:59:36","slug":"dei-lescht-versammlung-vun-2023","status":"publish","type":"post","link":"https:\/\/www.dp.lu\/dpinternational\/dei-lescht-versammlung-vun-2023\/?lang=lb-lu","title":{"rendered":"D\u00e9i lescht Versammlung vun 2023"},"content":{"rendered":"\n<p>Um Enn vun engem erfollegr\u00e4iche Joer &#8211; gepr\u00e4\u00e4gt vun de Gemengen- a Chamberwalen &#8211; huet d\u2019DP International sech fir eng lescht Versammlung getraff fir op 2023 zer\u00e9ckzebl\u00e9cken.<\/p>\n\n\n\n<p>D\u00ebst war d\u00e9i ideal Gelee\u00ebnheet fir iwwer d\u00e9i vill Konferenzen, Workshops, Visitten, Table-rond\u00eb a Kongresser ze reflekt\u00e9ieren.<\/p>\n\n\n\n<p>D&#8217;Enn vum Joer war awer virun allem och eng gutt Gelee\u00ebnheet fir op dat n\u00e4chst Joer ze kucken, dat duerch d&#8217;Europawalen den 9. Juni gepr\u00e4\u00e4gt w\u00e4ert sinn an an deem d&#8217;DP International nees vill Aarbecht virun sech w\u00e4ert hunn, op d\u00e9i mir eis elo scho mat grousser Motivatioun free\u00ebn.<\/p>\n\n\n\n<p>No der Versammlung hunn e puer Memberen zesummen ee vun de Chr\u00ebschtm\u00e4ert an der Stad besicht, ew\u00e9i et bei eis schonn Traditioun ass<\/p>\n\n\n\n<p>Mir free\u00ebn eis elo schonn op 2024 a w\u00ebnsche jidderengem sch\u00e9i Feierdeeg an e gudde Rutsch an dat neit Joer! \ud83d\udc99&nbsp;<\/p>\n","protected":false},"excerpt":{"rendered":"<p>Um Enn vun engem erfollegr\u00e4iche Joer &#8211; gepr\u00e4\u00e4gt vun de Gemengen- a Chamberwalen &#8211; huet d\u2019DP International sech fir eng lescht Versammlung getraff fir op 2023 zer\u00e9ckzebl\u00e9cken.<\/p>\n","protected":false},"author":42,"featured_media":1860,"comment_status":"closed","ping_status":"closed","sticky":false,"template":"","format":"standard","meta":{"footnotes":""},"categories":[62],"tags":[],"class_list":["post-1873","post","type-post","status-publish","format-standard","has-post-thumbnail","hentry","category-versammlung","wpbf-post"],"_links":{"self":[{"href":"https:\/\/www.dp.lu\/dpinternational\/wp-json\/wp\/v2\/posts\/1873","targetHints":{"allow":["GET"]}}],"collection":[{"href":"https:\/\/www.dp.lu\/dpinternational\/wp-json\/wp\/v2\/posts"}],"about":[{"href":"https:\/\/www.dp.lu\/dpinternational\/wp-json\/wp\/v2\/types\/post"}],"author":[{"embeddable":true,"href":"https:\/\/www.dp.lu\/dpinternational\/wp-json\/wp\/v2\/users\/42"}],"replies":[{"embeddable":true,"href":"https:\/\/www.dp.lu\/dpinternational\/wp-json\/wp\/v2\/comments?post=1873"}],"version-history":[{"count":1,"href":"https:\/\/www.dp.lu\/dpinternational\/wp-json\/wp\/v2\/posts\/1873\/revisions"}],"predecessor-version":[{"id":1874,"href":"https:\/\/www.dp.lu\/dpinternational\/wp-json\/wp\/v2\/posts\/1873\/revisions\/1874"}],"wp:featuredmedia":[{"embeddable":true,"href":"https:\/\/www.dp.lu\/dpinternational\/wp-json\/wp\/v2\/media\/1860"}],"wp:attachment":[{"href":"https:\/\/www.dp.lu\/dpinternational\/wp-json\/wp\/v2\/media?parent=1873"}],"wp:term":[{"taxonomy":"category","embeddable":true,"href":"https:\/\/www.dp.lu\/dpinternational\/wp-json\/wp\/v2\/categories?post=1873"},{"taxonomy":"post_tag","embeddable":true,"href":"https:\/\/www.dp.lu\/dpinternational\/wp-json\/wp\/v2\/tags?post=1873"}],"curies":[{"name":"wp","href":"https:\/\/api.w.org\/{rel}","templated":true}]}}