{"id":1897,"date":"2024-01-10T21:00:00","date_gmt":"2024-01-10T21:00:00","guid":{"rendered":"https:\/\/www.dp.lu\/dpinternational\/?p=1897"},"modified":"2024-03-15T13:29:57","modified_gmt":"2024-03-15T13:29:57","slug":"prets-pour-2024","status":"publish","type":"post","link":"https:\/\/www.dp.lu\/dpinternational\/prets-pour-2024\/?lang=fr","title":{"rendered":"Pr\u00eats pour 2024!"},"content":{"rendered":"\n<p>Le 10 janvier, les membres de notre parti se sont r\u00e9unis pour donner le coup d&#8217;envoi de 2024 dans une ambiance d\u00e9tendue et conviviale. Bien entendu, le DP International ne pouvait manquer \u00e0 l&#8217;appel!<\/p>\n\n\n\n<p>L&#8217;ap\u00e9ritif du Nouvel An a \u00e9t\u00e9 principalement marqu\u00e9 par des discours forts des repr\u00e9sentants de notre parti, avec en point d&#8217;orgue le discours de notre d\u00e9put\u00e9 europ\u00e9en Charles Goerens, qui a parl\u00e9 de l&#8217;importance des \u00e9lections europ\u00e9ennes du 9 juin.<\/p>\n\n\n\n<p>Les r\u00e9actions tr\u00e8s motiv\u00e9es de nos membres ont montr\u00e9 que nous sommes pr\u00eats pour 2024 et que nous voulons et allons d\u00e9fendre nos valeurs communes au sein de l&#8217;Union europ\u00e9enne!<\/p>\n\n\n\n<p>\u00c0 suivre\u2026 \ud83d\udc99\ud83c\uddea\ud83c\uddfa<\/p>\n","protected":false},"excerpt":{"rendered":"<p>Le 10 janvier, les membres de notre parti se sont r\u00e9unis pour donner le coup d&#8217;envoi de 2024 dans une ambiance d\u00e9tendue et conviviale. Bien entendu, le DP International ne pouvait manquer \u00e0 l&#8217;appel!<\/p>\n","protected":false},"author":42,"featured_media":1892,"comment_status":"closed","ping_status":"closed","sticky":false,"template":"","format":"standard","meta":{"footnotes":""},"categories":[18],"tags":[],"class_list":["post-1897","post","type-post","status-publish","format-standard","has-post-thumbnail","hentry","category-event-fr","wpbf-post"],"_links":{"self":[{"href":"https:\/\/www.dp.lu\/dpinternational\/wp-json\/wp\/v2\/posts\/1897","targetHints":{"allow":["GET"]}}],"collection":[{"href":"https:\/\/www.dp.lu\/dpinternational\/wp-json\/wp\/v2\/posts"}],"about":[{"href":"https:\/\/www.dp.lu\/dpinternational\/wp-json\/wp\/v2\/types\/post"}],"author":[{"embeddable":true,"href":"https:\/\/www.dp.lu\/dpinternational\/wp-json\/wp\/v2\/users\/42"}],"replies":[{"embeddable":true,"href":"https:\/\/www.dp.lu\/dpinternational\/wp-json\/wp\/v2\/comments?post=1897"}],"version-history":[{"count":3,"href":"https:\/\/www.dp.lu\/dpinternational\/wp-json\/wp\/v2\/posts\/1897\/revisions"}],"predecessor-version":[{"id":2128,"href":"https:\/\/www.dp.lu\/dpinternational\/wp-json\/wp\/v2\/posts\/1897\/revisions\/2128"}],"wp:featuredmedia":[{"embeddable":true,"href":"https:\/\/www.dp.lu\/dpinternational\/wp-json\/wp\/v2\/media\/1892"}],"wp:attachment":[{"href":"https:\/\/www.dp.lu\/dpinternational\/wp-json\/wp\/v2\/media?parent=1897"}],"wp:term":[{"taxonomy":"category","embeddable":true,"href":"https:\/\/www.dp.lu\/dpinternational\/wp-json\/wp\/v2\/categories?post=1897"},{"taxonomy":"post_tag","embeddable":true,"href":"https:\/\/www.dp.lu\/dpinternational\/wp-json\/wp\/v2\/tags?post=1897"}],"curies":[{"name":"wp","href":"https:\/\/api.w.org\/{rel}","templated":true}]}}