{"id":1903,"date":"2024-01-10T21:00:00","date_gmt":"2024-01-10T21:00:00","guid":{"rendered":"https:\/\/www.dp.lu\/dpinternational\/?p=1903"},"modified":"2024-03-12T16:22:23","modified_gmt":"2024-03-12T16:22:23","slug":"prett-fir-2024","status":"publish","type":"post","link":"https:\/\/www.dp.lu\/dpinternational\/prett-fir-2024\/?lang=lb-lu","title":{"rendered":"Prett fir 2024!"},"content":{"rendered":"\n<p>Den 10. Januar hunn sech d\u2019Membere vun eiser Partei getraff fir an enger entspaanter a geselleger Ambiance de Startsignal fir 2024 ze ginn. D&#8217;DP International dierft natierlech net feelen!<\/p>\n\n\n\n<p>Den Neijoerschpatt&nbsp;war virun allem gepr\u00e4\u00e4gt vu staarke Riede vun eise Parteivertrieder, d\u00e9i an enger Ried vun eisem Europadeput\u00e9ierte Charles Goerens, deen iwwert d\u2019Wichtegkeet vun den Europawalen den 9. Juni geschwat huet, zum H\u00e9ichpunkt koum.<\/p>\n\n\n\n<p>D\u00e9i h\u00e9ichmotiv\u00e9iert Reaktioune vun eise Memberen hu gewisen, datt mir prett si fir 2024 an datt mir fir eis gemeinsam W\u00e4erter an der Europ\u00e4escher Unioun asetze w\u00ebllen a w\u00e4erten!<\/p>\n\n\n\n<p>Et kann\u00a0een also\u00a0gespannt sinn&#8230; \ud83d\udc99\ud83c\uddea\ud83c\uddfa<\/p>\n","protected":false},"excerpt":{"rendered":"<p>Den 10. Januar hunn sech d\u2019Membere vun eiser Partei getraff fir an enger entspaanter a geselleger Ambiance de Startsignal fir 2024 ze ginn. D&#8217;DP International dierft natierlech net feelen!<\/p>\n","protected":false},"author":42,"featured_media":1894,"comment_status":"closed","ping_status":"closed","sticky":false,"template":"","format":"standard","meta":{"footnotes":""},"categories":[1],"tags":[],"class_list":["post-1903","post","type-post","status-publish","format-standard","has-post-thumbnail","hentry","category-event","wpbf-post"],"_links":{"self":[{"href":"https:\/\/www.dp.lu\/dpinternational\/wp-json\/wp\/v2\/posts\/1903","targetHints":{"allow":["GET"]}}],"collection":[{"href":"https:\/\/www.dp.lu\/dpinternational\/wp-json\/wp\/v2\/posts"}],"about":[{"href":"https:\/\/www.dp.lu\/dpinternational\/wp-json\/wp\/v2\/types\/post"}],"author":[{"embeddable":true,"href":"https:\/\/www.dp.lu\/dpinternational\/wp-json\/wp\/v2\/users\/42"}],"replies":[{"embeddable":true,"href":"https:\/\/www.dp.lu\/dpinternational\/wp-json\/wp\/v2\/comments?post=1903"}],"version-history":[{"count":1,"href":"https:\/\/www.dp.lu\/dpinternational\/wp-json\/wp\/v2\/posts\/1903\/revisions"}],"predecessor-version":[{"id":1904,"href":"https:\/\/www.dp.lu\/dpinternational\/wp-json\/wp\/v2\/posts\/1903\/revisions\/1904"}],"wp:featuredmedia":[{"embeddable":true,"href":"https:\/\/www.dp.lu\/dpinternational\/wp-json\/wp\/v2\/media\/1894"}],"wp:attachment":[{"href":"https:\/\/www.dp.lu\/dpinternational\/wp-json\/wp\/v2\/media?parent=1903"}],"wp:term":[{"taxonomy":"category","embeddable":true,"href":"https:\/\/www.dp.lu\/dpinternational\/wp-json\/wp\/v2\/categories?post=1903"},{"taxonomy":"post_tag","embeddable":true,"href":"https:\/\/www.dp.lu\/dpinternational\/wp-json\/wp\/v2\/tags?post=1903"}],"curies":[{"name":"wp","href":"https:\/\/api.w.org\/{rel}","templated":true}]}}