{"id":2027,"date":"2024-02-25T21:00:00","date_gmt":"2024-02-25T21:00:00","guid":{"rendered":"https:\/\/www.dp.lu\/dpinternational\/?p=2027"},"modified":"2024-03-12T17:38:10","modified_gmt":"2024-03-12T17:38:10","slug":"festival-des-migrations-2024","status":"publish","type":"post","link":"https:\/\/www.dp.lu\/dpinternational\/festival-des-migrations-2024\/?lang=lb-lu","title":{"rendered":"Festival des Migrations 2024"},"content":{"rendered":"\n<p>W\u00e9i all Joer war&nbsp;d&#8217;DP International de ganze Weekend vum 24. a 25. Februar um \u201cFestival des Migrations, Cultures &amp; Citoyennet\u00e9\u201d gutt vertrueden.<\/p>\n\n\n\n<p>Do konnte mir eise Matbierger eis W\u00e4erter a politesch Positioune present\u00e9ieren an exzellent Gespr\u00e9icher mat Leit aus der ganzer Welt a ville Sproochen hunn, d\u00e9i och op eisem Stand vertruede waren.<\/p>\n\n\n\n<p>Dat war d\u00e9i ideal Gelee\u00ebnheet fir\u00a0d\u00e9i friddlech Diversit\u00e9it vun eisem Land, d\u00e9i L\u00ebtzebuerg esou eenzegaarteg an erfollegr\u00e4ich m\u00e9cht, nees ze feieren.<\/p>\n\n\n\n<p>Um Festival&nbsp;hate mer dann awer&nbsp;och d\u2019Gelee\u00ebnheet drop opmierksam ze maachen, datt Net-L\u00ebtzebuerger EU-Bierger d\u2019M\u00e9iglechkeet hunn den 9. Juni fir d\u00e9i 6 L\u00ebtzebuerger Europadeput\u00e9iert ze wielen.<\/p>\n\n\n\n<p>Fir d\u00ebst ze maachen, mussen se sech\u00a0bis de 15. Abr\u00ebll um 17.00 Auer op MyGuichet.lu oder\u00a0op hirer Gemeng\u00a0dofir\u00a0aschreiwen.<\/p>\n\n\n\n<div class=\"wp-block-buttons is-content-justification-center is-layout-flex wp-container-core-buttons-is-layout-a89b3969 wp-block-buttons-is-layout-flex\">\n<div class=\"wp-block-button\"><a class=\"wp-block-button__link has-background wp-element-button\" href=\"http:\/\/echkawielen.lu\" style=\"background-color:#072747\">\ud83d\udc49 echkawielen.lu<\/a><\/div>\n<\/div>\n\n\n\n<figure class=\"wp-block-gallery has-nested-images columns-default is-cropped wp-block-gallery-1 is-layout-flex wp-block-gallery-is-layout-flex\">\n<figure class=\"wp-block-image size-large\"><img fetchpriority=\"high\" decoding=\"async\" width=\"1024\" height=\"621\" data-id=\"1989\" src=\"https:\/\/www.dp.lu\/dpinternational\/wp-content\/uploads\/sites\/4\/2024\/03\/IMG_0789-1-1024x621.jpeg\" alt=\"\" class=\"wp-image-1989\" srcset=\"https:\/\/www.dp.lu\/dpinternational\/wp-content\/uploads\/sites\/4\/2024\/03\/IMG_0789-1-1024x621.jpeg 1024w, https:\/\/www.dp.lu\/dpinternational\/wp-content\/uploads\/sites\/4\/2024\/03\/IMG_0789-1-300x182.jpeg 300w, https:\/\/www.dp.lu\/dpinternational\/wp-content\/uploads\/sites\/4\/2024\/03\/IMG_0789-1-768x466.jpeg 768w, https:\/\/www.dp.lu\/dpinternational\/wp-content\/uploads\/sites\/4\/2024\/03\/IMG_0789-1.jpeg 1179w\" sizes=\"(max-width: 1024px) 100vw, 1024px\" \/><\/figure>\n\n\n\n<figure class=\"wp-block-image size-large\"><img decoding=\"async\" width=\"1024\" height=\"709\" data-id=\"1994\" src=\"https:\/\/www.dp.lu\/dpinternational\/wp-content\/uploads\/sites\/4\/2024\/03\/IMG_0791-1024x709.jpeg\" alt=\"\" class=\"wp-image-1994\" srcset=\"https:\/\/www.dp.lu\/dpinternational\/wp-content\/uploads\/sites\/4\/2024\/03\/IMG_0791-1024x709.jpeg 1024w, https:\/\/www.dp.lu\/dpinternational\/wp-content\/uploads\/sites\/4\/2024\/03\/IMG_0791-300x208.jpeg 300w, https:\/\/www.dp.lu\/dpinternational\/wp-content\/uploads\/sites\/4\/2024\/03\/IMG_0791-768x532.jpeg 768w, https:\/\/www.dp.lu\/dpinternational\/wp-content\/uploads\/sites\/4\/2024\/03\/IMG_0791.jpeg 1179w\" sizes=\"(max-width: 1024px) 100vw, 1024px\" \/><\/figure>\n\n\n\n<figure class=\"wp-block-image size-large\"><img decoding=\"async\" width=\"1024\" height=\"726\" data-id=\"1999\" src=\"https:\/\/www.dp.lu\/dpinternational\/wp-content\/uploads\/sites\/4\/2024\/03\/IMG_0790-1024x726.jpeg\" alt=\"\" class=\"wp-image-1999\" srcset=\"https:\/\/www.dp.lu\/dpinternational\/wp-content\/uploads\/sites\/4\/2024\/03\/IMG_0790-1024x726.jpeg 1024w, https:\/\/www.dp.lu\/dpinternational\/wp-content\/uploads\/sites\/4\/2024\/03\/IMG_0790-300x213.jpeg 300w, https:\/\/www.dp.lu\/dpinternational\/wp-content\/uploads\/sites\/4\/2024\/03\/IMG_0790-768x545.jpeg 768w, https:\/\/www.dp.lu\/dpinternational\/wp-content\/uploads\/sites\/4\/2024\/03\/IMG_0790.jpeg 1179w\" sizes=\"(max-width: 1024px) 100vw, 1024px\" \/><\/figure>\n<\/figure>\n","protected":false},"excerpt":{"rendered":"<p>W\u00e9i all Joer war\u00a0d&#8217;DP International de ganze Weekend vum 24. a 25. Februar um \u201cFestival des Migrations, Cultures &amp; Citoyennet\u00e9\u201d gutt vertrueden.<\/p>\n","protected":false},"author":42,"featured_media":1989,"comment_status":"closed","ping_status":"closed","sticky":false,"template":"","format":"standard","meta":{"footnotes":""},"categories":[1],"tags":[],"class_list":["post-2027","post","type-post","status-publish","format-standard","has-post-thumbnail","hentry","category-event","wpbf-post"],"_links":{"self":[{"href":"https:\/\/www.dp.lu\/dpinternational\/wp-json\/wp\/v2\/posts\/2027","targetHints":{"allow":["GET"]}}],"collection":[{"href":"https:\/\/www.dp.lu\/dpinternational\/wp-json\/wp\/v2\/posts"}],"about":[{"href":"https:\/\/www.dp.lu\/dpinternational\/wp-json\/wp\/v2\/types\/post"}],"author":[{"embeddable":true,"href":"https:\/\/www.dp.lu\/dpinternational\/wp-json\/wp\/v2\/users\/42"}],"replies":[{"embeddable":true,"href":"https:\/\/www.dp.lu\/dpinternational\/wp-json\/wp\/v2\/comments?post=2027"}],"version-history":[{"count":4,"href":"https:\/\/www.dp.lu\/dpinternational\/wp-json\/wp\/v2\/posts\/2027\/revisions"}],"predecessor-version":[{"id":2031,"href":"https:\/\/www.dp.lu\/dpinternational\/wp-json\/wp\/v2\/posts\/2027\/revisions\/2031"}],"wp:featuredmedia":[{"embeddable":true,"href":"https:\/\/www.dp.lu\/dpinternational\/wp-json\/wp\/v2\/media\/1989"}],"wp:attachment":[{"href":"https:\/\/www.dp.lu\/dpinternational\/wp-json\/wp\/v2\/media?parent=2027"}],"wp:term":[{"taxonomy":"category","embeddable":true,"href":"https:\/\/www.dp.lu\/dpinternational\/wp-json\/wp\/v2\/categories?post=2027"},{"taxonomy":"post_tag","embeddable":true,"href":"https:\/\/www.dp.lu\/dpinternational\/wp-json\/wp\/v2\/tags?post=2027"}],"curies":[{"name":"wp","href":"https:\/\/api.w.org\/{rel}","templated":true}]}}