{"id":2135,"date":"2024-03-13T21:00:00","date_gmt":"2024-03-13T21:00:00","guid":{"rendered":"https:\/\/www.dp.lu\/dpinternational\/?p=2135"},"modified":"2024-03-15T14:08:15","modified_gmt":"2024-03-15T14:08:15","slug":"visitt-am-europaparlament-mam-europadeputeierten-charles-goerens","status":"publish","type":"post","link":"https:\/\/www.dp.lu\/dpinternational\/visitt-am-europaparlament-mam-europadeputeierten-charles-goerens\/?lang=lb-lu","title":{"rendered":"Visitt vum Europaparlament mam Europadeput\u00e9ierten Charles Goerens"},"content":{"rendered":"\n<p>Mir haten e M\u00ebttwoch den 13. M\u00e4erz d\u00e9i grouss Freed mat enger ganz internationaler Grupp d\u2019Europaparlament zu Stroossbuerg an der Pr\u00e4senz vun eisem Europadeput\u00e9ierte Charles Goerens e besichen.<\/p>\n\n\n\n<p>Nieft den Informatiounen zum Fonctionnement vum Europaparlament, d\u00e9i mer vum Europadeput\u00e9ierte\u00a0kruten, hate mir och d\u2019M\u00e9iglechkeet spannend Diskussiounen iwwert d\u00e9i aktuell Politikber\u00e4icher an d\u2019Wichtegkeet vun den Europawalen 2024 ze f\u00e9ieren.<\/p>\n\n\n\n<p>Mir waren dann och nach live op der Trib\u00fcn derb\u00e4i, w\u00e9i zwee wichteg Gesetzer iwwer d\u2019Mediefr\u00e4iheet \ud83d\uddde\ufe0f a d\u2019k\u00ebnschtlech Intelligenz \ud83e\udde0 gest\u00ebmmt goufen.<\/p>\n\n\n\n<p>De Feedback vun eise Membere war deementspriechend excellent!<\/p>\n\n\n\n<p>Mir soen dem Charles Goerens a senger Equipe villmools Merci fir dee flotten Dag a free\u00ebn eis drop zesummen an der Campagne vun diverser DP-L\u00ebscht an den n\u00e4chste M\u00e9int bedeelegt ze sinn! \ud83c\uddea\ud83c\uddfa<\/p>\n\n\n\n<p>Wann Dir EU-Bierger sidd an zu L\u00ebtzebuerg wunnt, da k\u00ebnnt der och dozou b\u00e4idroen Europa ze st\u00e4erken andeems Dir Iech fir d\u2019Wal vun deene 6 L\u00ebtzebuerger Europadeput\u00e9ierten&nbsp;aschreift:<\/p>\n\n\n\n<div class=\"wp-block-buttons is-content-justification-center is-layout-flex wp-container-core-buttons-is-layout-a89b3969 wp-block-buttons-is-layout-flex\">\n<div class=\"wp-block-button\"><a class=\"wp-block-button__link has-background wp-element-button\" href=\"http:\/\/echkawielen.lu\" style=\"background-color:#072747\">\ud83d\udc49 echkawielen.lu<\/a><\/div>\n<\/div>\n\n\n\n<figure class=\"wp-block-gallery has-nested-images columns-default is-cropped wp-block-gallery-1 is-layout-flex wp-block-gallery-is-layout-flex\">\n<figure class=\"wp-block-image size-large\"><img fetchpriority=\"high\" decoding=\"async\" width=\"1024\" height=\"422\" data-id=\"2069\" src=\"https:\/\/www.dp.lu\/dpinternational\/wp-content\/uploads\/sites\/4\/2024\/03\/IMG_2087-2-1024x422.jpg\" alt=\"\" class=\"wp-image-2069\" srcset=\"https:\/\/www.dp.lu\/dpinternational\/wp-content\/uploads\/sites\/4\/2024\/03\/IMG_2087-2-1024x422.jpg 1024w, https:\/\/www.dp.lu\/dpinternational\/wp-content\/uploads\/sites\/4\/2024\/03\/IMG_2087-2-300x124.jpg 300w, https:\/\/www.dp.lu\/dpinternational\/wp-content\/uploads\/sites\/4\/2024\/03\/IMG_2087-2-768x316.jpg 768w, https:\/\/www.dp.lu\/dpinternational\/wp-content\/uploads\/sites\/4\/2024\/03\/IMG_2087-2-1536x633.jpg 1536w, https:\/\/www.dp.lu\/dpinternational\/wp-content\/uploads\/sites\/4\/2024\/03\/IMG_2087-2-2048x843.jpg 2048w\" sizes=\"(max-width: 1024px) 100vw, 1024px\" \/><\/figure>\n\n\n\n<figure class=\"wp-block-image size-large\"><img decoding=\"async\" width=\"1024\" height=\"576\" data-id=\"2074\" src=\"https:\/\/www.dp.lu\/dpinternational\/wp-content\/uploads\/sites\/4\/2024\/03\/a9b3dce7-93c8-4273-81bb-3bb6153d244e-1024x576.jpeg\" alt=\"\" class=\"wp-image-2074\" srcset=\"https:\/\/www.dp.lu\/dpinternational\/wp-content\/uploads\/sites\/4\/2024\/03\/a9b3dce7-93c8-4273-81bb-3bb6153d244e-1024x576.jpeg 1024w, https:\/\/www.dp.lu\/dpinternational\/wp-content\/uploads\/sites\/4\/2024\/03\/a9b3dce7-93c8-4273-81bb-3bb6153d244e-300x169.jpeg 300w, https:\/\/www.dp.lu\/dpinternational\/wp-content\/uploads\/sites\/4\/2024\/03\/a9b3dce7-93c8-4273-81bb-3bb6153d244e-768x432.jpeg 768w, https:\/\/www.dp.lu\/dpinternational\/wp-content\/uploads\/sites\/4\/2024\/03\/a9b3dce7-93c8-4273-81bb-3bb6153d244e-1536x864.jpeg 1536w, https:\/\/www.dp.lu\/dpinternational\/wp-content\/uploads\/sites\/4\/2024\/03\/a9b3dce7-93c8-4273-81bb-3bb6153d244e.jpeg 1850w\" sizes=\"(max-width: 1024px) 100vw, 1024px\" \/><\/figure>\n\n\n\n<figure class=\"wp-block-image size-large\"><img decoding=\"async\" width=\"1024\" height=\"576\" data-id=\"2084\" src=\"https:\/\/www.dp.lu\/dpinternational\/wp-content\/uploads\/sites\/4\/2024\/03\/IMG_8933-1024x576.jpeg\" alt=\"\" class=\"wp-image-2084\" srcset=\"https:\/\/www.dp.lu\/dpinternational\/wp-content\/uploads\/sites\/4\/2024\/03\/IMG_8933-1024x576.jpeg 1024w, https:\/\/www.dp.lu\/dpinternational\/wp-content\/uploads\/sites\/4\/2024\/03\/IMG_8933-300x169.jpeg 300w, https:\/\/www.dp.lu\/dpinternational\/wp-content\/uploads\/sites\/4\/2024\/03\/IMG_8933-768x432.jpeg 768w, https:\/\/www.dp.lu\/dpinternational\/wp-content\/uploads\/sites\/4\/2024\/03\/IMG_8933-1536x864.jpeg 1536w, https:\/\/www.dp.lu\/dpinternational\/wp-content\/uploads\/sites\/4\/2024\/03\/IMG_8933-2048x1152.jpeg 2048w\" sizes=\"(max-width: 1024px) 100vw, 1024px\" \/><\/figure>\n\n\n\n<figure class=\"wp-block-image size-large\"><img loading=\"lazy\" decoding=\"async\" width=\"1024\" height=\"576\" data-id=\"2094\" src=\"https:\/\/www.dp.lu\/dpinternational\/wp-content\/uploads\/sites\/4\/2024\/03\/IMG_1240-1024x576.jpeg\" alt=\"\" class=\"wp-image-2094\" srcset=\"https:\/\/www.dp.lu\/dpinternational\/wp-content\/uploads\/sites\/4\/2024\/03\/IMG_1240-1024x576.jpeg 1024w, https:\/\/www.dp.lu\/dpinternational\/wp-content\/uploads\/sites\/4\/2024\/03\/IMG_1240-300x169.jpeg 300w, https:\/\/www.dp.lu\/dpinternational\/wp-content\/uploads\/sites\/4\/2024\/03\/IMG_1240-768x432.jpeg 768w, https:\/\/www.dp.lu\/dpinternational\/wp-content\/uploads\/sites\/4\/2024\/03\/IMG_1240-1536x864.jpeg 1536w, https:\/\/www.dp.lu\/dpinternational\/wp-content\/uploads\/sites\/4\/2024\/03\/IMG_1240-2048x1152.jpeg 2048w\" sizes=\"(max-width: 1024px) 100vw, 1024px\" \/><\/figure>\n<\/figure>\n","protected":false},"excerpt":{"rendered":"<p>Mir haten e M\u00ebttwoch den 13. M\u00e4erz d\u00e9i grouss Freed mat enger ganz internationaler Grupp d\u2019Europaparlament zu Stroossbuerg an der Pr\u00e4senz vun eisem Europadeput\u00e9ierte Charles Goerens e besichen.<\/p>\n","protected":false},"author":42,"featured_media":2069,"comment_status":"closed","ping_status":"closed","sticky":false,"template":"","format":"standard","meta":{"footnotes":""},"categories":[66],"tags":[],"class_list":["post-2135","post","type-post","status-publish","format-standard","has-post-thumbnail","hentry","category-visitt","wpbf-post"],"_links":{"self":[{"href":"https:\/\/www.dp.lu\/dpinternational\/wp-json\/wp\/v2\/posts\/2135","targetHints":{"allow":["GET"]}}],"collection":[{"href":"https:\/\/www.dp.lu\/dpinternational\/wp-json\/wp\/v2\/posts"}],"about":[{"href":"https:\/\/www.dp.lu\/dpinternational\/wp-json\/wp\/v2\/types\/post"}],"author":[{"embeddable":true,"href":"https:\/\/www.dp.lu\/dpinternational\/wp-json\/wp\/v2\/users\/42"}],"replies":[{"embeddable":true,"href":"https:\/\/www.dp.lu\/dpinternational\/wp-json\/wp\/v2\/comments?post=2135"}],"version-history":[{"count":3,"href":"https:\/\/www.dp.lu\/dpinternational\/wp-json\/wp\/v2\/posts\/2135\/revisions"}],"predecessor-version":[{"id":2177,"href":"https:\/\/www.dp.lu\/dpinternational\/wp-json\/wp\/v2\/posts\/2135\/revisions\/2177"}],"wp:featuredmedia":[{"embeddable":true,"href":"https:\/\/www.dp.lu\/dpinternational\/wp-json\/wp\/v2\/media\/2069"}],"wp:attachment":[{"href":"https:\/\/www.dp.lu\/dpinternational\/wp-json\/wp\/v2\/media?parent=2135"}],"wp:term":[{"taxonomy":"category","embeddable":true,"href":"https:\/\/www.dp.lu\/dpinternational\/wp-json\/wp\/v2\/categories?post=2135"},{"taxonomy":"post_tag","embeddable":true,"href":"https:\/\/www.dp.lu\/dpinternational\/wp-json\/wp\/v2\/tags?post=2135"}],"curies":[{"name":"wp","href":"https:\/\/api.w.org\/{rel}","templated":true}]}}