{"id":2336,"date":"2024-06-06T14:19:55","date_gmt":"2024-06-06T14:19:55","guid":{"rendered":"https:\/\/www.dp.lu\/dpinternational\/europawalen-eise-walprogramm-kuerzwalprogramm-a-5-sproochen\/"},"modified":"2024-06-06T14:45:31","modified_gmt":"2024-06-06T14:45:31","slug":"europawalen-eise-walprogramm-kuerzwalprogramm-a-5-sproochen","status":"publish","type":"post","link":"https:\/\/www.dp.lu\/dpinternational\/europawalen-eise-walprogramm-kuerzwalprogramm-a-5-sproochen\/?lang=lb-lu","title":{"rendered":"Europawalen &#8211; eise Walprogramm &amp; Kuerzwalprogramm a 5 Sproochen!"},"content":{"rendered":"\n<p>D&#8217;Diversit\u00e9it an der Politik net n\u00ebmmen deklar\u00e9ieren, mee och liewen! Dofir hu mir eise Walprogramm an eise Kuerzwalprogramm an insgesamt 5 Sproochen iwwersat, fir datt jiddereen eis Priorit\u00e9iten an Iddie fir Europa verstoe kann. \ud83d\udc99\ud83c\uddea\ud83c\uddfa<br>#Europa. St\u00e4rken, wat eis sch\u00fctzt<\/p>\n\n\n\n<p>Weider Informatioune fannt Dir op der Webs\u00e4it vun der DP: <a href=\"http:\/\/dp.lu\">dp.lu<\/a><\/p>\n\n\n\n<hr class=\"wp-block-separator has-text-color has-white-color has-alpha-channel-opacity has-white-background-color has-background\" style=\"margin-top:var(--wp--preset--spacing--30);margin-bottom:var(--wp--preset--spacing--30)\" \/>\n\n\n\n<p class=\"has-text-align-center has-text-color has-link-color has-large-font-size wp-elements-372c6b82b55280a3ff2bb3c6a8c43b23\" style=\"color:#072747\"><strong>Walprogramm 2024-2029 (PDF)<\/strong><\/p>\n\n\n\n<div class=\"wp-block-columns is-layout-flex wp-container-core-columns-is-layout-28f84493 wp-block-columns-is-layout-flex\">\n<div class=\"wp-block-column is-layout-flow wp-block-column-is-layout-flow\">\n<figure class=\"wp-block-image aligncenter size-full is-resized has-custom-border is-style-default\"><a href=\"https:\/\/www.demokrateschpartei.lu\/_files\/ugd\/4488b1_073577c935364019ab06780a43c4fae7.pdf\"><img fetchpriority=\"high\" decoding=\"async\" width=\"800\" height=\"480\" src=\"https:\/\/www.dp.lu\/dpinternational\/wp-content\/uploads\/sites\/4\/2024\/06\/Image-1.jpeg\" alt=\"\" class=\"wp-image-2268\" style=\"border-radius:100px;aspect-ratio:1;object-fit:cover;width:50px;height:auto\" srcset=\"https:\/\/www.dp.lu\/dpinternational\/wp-content\/uploads\/sites\/4\/2024\/06\/Image-1.jpeg 800w, https:\/\/www.dp.lu\/dpinternational\/wp-content\/uploads\/sites\/4\/2024\/06\/Image-1-300x180.jpeg 300w, https:\/\/www.dp.lu\/dpinternational\/wp-content\/uploads\/sites\/4\/2024\/06\/Image-1-768x461.jpeg 768w\" sizes=\"(max-width: 800px) 100vw, 800px\" \/><\/a><\/figure>\n<\/div>\n\n\n\n<div class=\"wp-block-column is-layout-flow wp-block-column-is-layout-flow\">\n<figure class=\"wp-block-image aligncenter size-full is-resized has-custom-border\"><a href=\"https:\/\/www.demokrateschpartei.lu\/_files\/ugd\/4488b1_0db513175a4746d7beca9be9f7e43181.pdf\"><img decoding=\"async\" width=\"800\" height=\"400\" src=\"https:\/\/www.dp.lu\/dpinternational\/wp-content\/uploads\/sites\/4\/2024\/06\/Image-4-1.jpeg\" alt=\"\" class=\"wp-image-2313\" style=\"border-radius:100px;object-fit:cover;width:50px;height:50px\" srcset=\"https:\/\/www.dp.lu\/dpinternational\/wp-content\/uploads\/sites\/4\/2024\/06\/Image-4-1.jpeg 800w, https:\/\/www.dp.lu\/dpinternational\/wp-content\/uploads\/sites\/4\/2024\/06\/Image-4-1-300x150.jpeg 300w, https:\/\/www.dp.lu\/dpinternational\/wp-content\/uploads\/sites\/4\/2024\/06\/Image-4-1-768x384.jpeg 768w\" sizes=\"(max-width: 800px) 100vw, 800px\" \/><\/a><\/figure>\n<\/div>\n\n\n\n<div class=\"wp-block-column is-layout-flow wp-block-column-is-layout-flow\">\n<figure class=\"wp-block-image aligncenter size-full is-resized has-custom-border\"><a href=\"https:\/\/www.demokrateschpartei.lu\/_files\/ugd\/4488b1_7d8a827a5af44841af8ea02668d4810a.pdf\"><img decoding=\"async\" width=\"255\" height=\"170\" src=\"https:\/\/www.dp.lu\/dpinternational\/wp-content\/uploads\/sites\/4\/2024\/06\/Image.jpeg\" alt=\"\" class=\"wp-image-2278\" style=\"border-radius:100px;object-fit:cover;width:50px;height:50px\" \/><\/a><\/figure>\n<\/div>\n\n\n\n<div class=\"wp-block-column is-layout-flow wp-block-column-is-layout-flow\">\n<figure class=\"wp-block-image aligncenter size-full is-resized has-custom-border\"><a href=\"https:\/\/www.demokrateschpartei.lu\/_files\/ugd\/4488b1_5f953b1719b24cc08b0a167e84c1a114.pdf\"><img loading=\"lazy\" decoding=\"async\" width=\"800\" height=\"480\" src=\"https:\/\/www.dp.lu\/dpinternational\/wp-content\/uploads\/sites\/4\/2024\/06\/Image-3-1.jpeg\" alt=\"\" class=\"wp-image-2303\" style=\"border-radius:100px;object-fit:cover;width:50px;height:50px\" srcset=\"https:\/\/www.dp.lu\/dpinternational\/wp-content\/uploads\/sites\/4\/2024\/06\/Image-3-1.jpeg 800w, https:\/\/www.dp.lu\/dpinternational\/wp-content\/uploads\/sites\/4\/2024\/06\/Image-3-1-300x180.jpeg 300w, https:\/\/www.dp.lu\/dpinternational\/wp-content\/uploads\/sites\/4\/2024\/06\/Image-3-1-768x461.jpeg 768w\" sizes=\"(max-width: 800px) 100vw, 800px\" \/><\/a><\/figure>\n<\/div>\n\n\n\n<div class=\"wp-block-column is-layout-flow wp-block-column-is-layout-flow\">\n<figure class=\"wp-block-image aligncenter size-full is-resized has-custom-border\"><a href=\"https:\/\/www.demokrateschpartei.lu\/_files\/ugd\/4488b1_8e9c31fcfe6640fd995ca03c162ec8de.pdf\"><img loading=\"lazy\" decoding=\"async\" width=\"600\" height=\"400\" src=\"https:\/\/www.dp.lu\/dpinternational\/wp-content\/uploads\/sites\/4\/2024\/06\/Image-2-2.jpeg\" alt=\"\" class=\"wp-image-2308\" style=\"border-radius:100px;object-fit:cover;width:50px;height:50px\" srcset=\"https:\/\/www.dp.lu\/dpinternational\/wp-content\/uploads\/sites\/4\/2024\/06\/Image-2-2.jpeg 600w, https:\/\/www.dp.lu\/dpinternational\/wp-content\/uploads\/sites\/4\/2024\/06\/Image-2-2-300x200.jpeg 300w\" sizes=\"(max-width: 600px) 100vw, 600px\" \/><\/a><\/figure>\n<\/div>\n<\/div>\n\n\n\n<hr class=\"wp-block-separator has-text-color has-white-color has-alpha-channel-opacity has-white-background-color has-background\" style=\"margin-top:var(--wp--preset--spacing--30);margin-bottom:var(--wp--preset--spacing--30)\" \/>\n\n\n\n<p class=\"has-text-align-center has-text-color has-link-color has-large-font-size wp-elements-e1a3b9dd7833500969a1f9d270e53879\" style=\"color:#072747\"><strong>Kuerzwalprogramm 2024-2029 (PDF)<\/strong><\/p>\n\n\n\n<div class=\"wp-block-columns is-layout-flex wp-container-core-columns-is-layout-28f84493 wp-block-columns-is-layout-flex\">\n<div class=\"wp-block-column is-layout-flow wp-block-column-is-layout-flow\">\n<figure class=\"wp-block-image aligncenter size-full is-resized has-custom-border is-style-default\"><a href=\"https:\/\/www.demokrateschpartei.lu\/_files\/ugd\/4488b1_ac650b522aed475a91255b0bb7c2e791.pdf\"><img fetchpriority=\"high\" decoding=\"async\" width=\"800\" height=\"480\" src=\"https:\/\/www.dp.lu\/dpinternational\/wp-content\/uploads\/sites\/4\/2024\/06\/Image-1.jpeg\" alt=\"\" class=\"wp-image-2268\" style=\"border-radius:100px;aspect-ratio:1;object-fit:cover;width:50px;height:auto\" srcset=\"https:\/\/www.dp.lu\/dpinternational\/wp-content\/uploads\/sites\/4\/2024\/06\/Image-1.jpeg 800w, https:\/\/www.dp.lu\/dpinternational\/wp-content\/uploads\/sites\/4\/2024\/06\/Image-1-300x180.jpeg 300w, https:\/\/www.dp.lu\/dpinternational\/wp-content\/uploads\/sites\/4\/2024\/06\/Image-1-768x461.jpeg 768w\" sizes=\"(max-width: 800px) 100vw, 800px\" \/><\/a><\/figure>\n<\/div>\n\n\n\n<div class=\"wp-block-column is-layout-flow wp-block-column-is-layout-flow\">\n<figure class=\"wp-block-image aligncenter size-full is-resized has-custom-border\"><a href=\"https:\/\/www.demokrateschpartei.lu\/_files\/ugd\/4488b1_7bec0cd248604222b542f20ba3abd06a.pdf\"><img decoding=\"async\" width=\"800\" height=\"400\" src=\"https:\/\/www.dp.lu\/dpinternational\/wp-content\/uploads\/sites\/4\/2024\/06\/Image-4-1.jpeg\" alt=\"\" class=\"wp-image-2313\" style=\"border-radius:100px;object-fit:cover;width:50px;height:50px\" srcset=\"https:\/\/www.dp.lu\/dpinternational\/wp-content\/uploads\/sites\/4\/2024\/06\/Image-4-1.jpeg 800w, https:\/\/www.dp.lu\/dpinternational\/wp-content\/uploads\/sites\/4\/2024\/06\/Image-4-1-300x150.jpeg 300w, https:\/\/www.dp.lu\/dpinternational\/wp-content\/uploads\/sites\/4\/2024\/06\/Image-4-1-768x384.jpeg 768w\" sizes=\"(max-width: 800px) 100vw, 800px\" \/><\/a><\/figure>\n<\/div>\n\n\n\n<div class=\"wp-block-column is-layout-flow wp-block-column-is-layout-flow\">\n<figure class=\"wp-block-image aligncenter size-full is-resized has-custom-border\"><a href=\"https:\/\/www.demokrateschpartei.lu\/_files\/ugd\/4488b1_7aaf95a7321a4fcb86a4ebd597fdeb28.pdf\"><img decoding=\"async\" width=\"255\" height=\"170\" src=\"https:\/\/www.dp.lu\/dpinternational\/wp-content\/uploads\/sites\/4\/2024\/06\/Image.jpeg\" alt=\"\" class=\"wp-image-2278\" style=\"border-radius:100px;object-fit:cover;width:50px;height:50px\" \/><\/a><\/figure>\n<\/div>\n\n\n\n<div class=\"wp-block-column is-layout-flow wp-block-column-is-layout-flow\">\n<figure class=\"wp-block-image aligncenter size-full is-resized has-custom-border\"><a href=\"https:\/\/www.demokrateschpartei.lu\/_files\/ugd\/4488b1_af29cd4f13a24907a38b8c87fd73b897.pdf\"><img loading=\"lazy\" decoding=\"async\" width=\"800\" height=\"480\" src=\"https:\/\/www.dp.lu\/dpinternational\/wp-content\/uploads\/sites\/4\/2024\/06\/Image-3-1.jpeg\" alt=\"\" class=\"wp-image-2303\" style=\"border-radius:100px;object-fit:cover;width:50px;height:50px\" srcset=\"https:\/\/www.dp.lu\/dpinternational\/wp-content\/uploads\/sites\/4\/2024\/06\/Image-3-1.jpeg 800w, https:\/\/www.dp.lu\/dpinternational\/wp-content\/uploads\/sites\/4\/2024\/06\/Image-3-1-300x180.jpeg 300w, https:\/\/www.dp.lu\/dpinternational\/wp-content\/uploads\/sites\/4\/2024\/06\/Image-3-1-768x461.jpeg 768w\" sizes=\"(max-width: 800px) 100vw, 800px\" \/><\/a><\/figure>\n<\/div>\n\n\n\n<div class=\"wp-block-column is-layout-flow wp-block-column-is-layout-flow\">\n<figure class=\"wp-block-image aligncenter size-full is-resized has-custom-border\"><a href=\"https:\/\/www.demokrateschpartei.lu\/_files\/ugd\/4488b1_2f0c235814d04c23a24f0358402702e2.pdf\"><img loading=\"lazy\" decoding=\"async\" width=\"600\" height=\"400\" src=\"https:\/\/www.dp.lu\/dpinternational\/wp-content\/uploads\/sites\/4\/2024\/06\/Image-2-2.jpeg\" alt=\"\" class=\"wp-image-2308\" style=\"border-radius:100px;object-fit:cover;width:50px;height:50px\" srcset=\"https:\/\/www.dp.lu\/dpinternational\/wp-content\/uploads\/sites\/4\/2024\/06\/Image-2-2.jpeg 600w, https:\/\/www.dp.lu\/dpinternational\/wp-content\/uploads\/sites\/4\/2024\/06\/Image-2-2-300x200.jpeg 300w\" sizes=\"(max-width: 600px) 100vw, 600px\" \/><\/a><\/figure>\n<\/div>\n<\/div>\n","protected":false},"excerpt":{"rendered":"<p>D&#8217;Diversit\u00e9it an der Politik net n\u00ebmmen deklar\u00e9ieren, mee och liewen! Dofir hu mir eise Walprogramm an eise Kuerzwalprogramm an insgesamt 5 Sproochen iwwersat, fir datt jiddereen eis Priorit\u00e9iten an Iddie fir Europa verstoe kann. \ud83d\udc99\ud83c\uddea\ud83c\uddfa<br \/>\n#Europe. St\u00e4rken, wat eis sch\u00fctzt<\/p>\n","protected":false},"author":42,"featured_media":2324,"comment_status":"closed","ping_status":"closed","sticky":false,"template":"","format":"standard","meta":{"footnotes":""},"categories":[32],"tags":[],"class_list":["post-2336","post","type-post","status-publish","format-standard","has-post-thumbnail","hentry","category-news","wpbf-post"],"_links":{"self":[{"href":"https:\/\/www.dp.lu\/dpinternational\/wp-json\/wp\/v2\/posts\/2336","targetHints":{"allow":["GET"]}}],"collection":[{"href":"https:\/\/www.dp.lu\/dpinternational\/wp-json\/wp\/v2\/posts"}],"about":[{"href":"https:\/\/www.dp.lu\/dpinternational\/wp-json\/wp\/v2\/types\/post"}],"author":[{"embeddable":true,"href":"https:\/\/www.dp.lu\/dpinternational\/wp-json\/wp\/v2\/users\/42"}],"replies":[{"embeddable":true,"href":"https:\/\/www.dp.lu\/dpinternational\/wp-json\/wp\/v2\/comments?post=2336"}],"version-history":[{"count":3,"href":"https:\/\/www.dp.lu\/dpinternational\/wp-json\/wp\/v2\/posts\/2336\/revisions"}],"predecessor-version":[{"id":2346,"href":"https:\/\/www.dp.lu\/dpinternational\/wp-json\/wp\/v2\/posts\/2336\/revisions\/2346"}],"wp:featuredmedia":[{"embeddable":true,"href":"https:\/\/www.dp.lu\/dpinternational\/wp-json\/wp\/v2\/media\/2324"}],"wp:attachment":[{"href":"https:\/\/www.dp.lu\/dpinternational\/wp-json\/wp\/v2\/media?parent=2336"}],"wp:term":[{"taxonomy":"category","embeddable":true,"href":"https:\/\/www.dp.lu\/dpinternational\/wp-json\/wp\/v2\/categories?post=2336"},{"taxonomy":"post_tag","embeddable":true,"href":"https:\/\/www.dp.lu\/dpinternational\/wp-json\/wp\/v2\/tags?post=2336"}],"curies":[{"name":"wp","href":"https:\/\/api.w.org\/{rel}","templated":true}]}}