{"id":2413,"date":"2024-10-09T15:38:16","date_gmt":"2024-10-09T15:38:16","guid":{"rendered":"https:\/\/www.dp.lu\/dpinternational\/visite-du-siege-de-rlt-a-kirchberg\/"},"modified":"2024-10-09T15:56:49","modified_gmt":"2024-10-09T15:56:49","slug":"visite-du-siege-de-rlt-a-kirchberg","status":"publish","type":"post","link":"https:\/\/www.dp.lu\/dpinternational\/visite-du-siege-de-rlt-a-kirchberg\/?lang=fr","title":{"rendered":"Visite du si\u00e8ge de RTL au Kirchberg"},"content":{"rendered":"\n<p>Le 3 octobre, un groupe de membres d DP International a eu le grand plaisir de visiter le si\u00e8ge de RTL Group au Kirchberg. <strong>Cette initiative s&#8217;inscrit dans le cadre de nos \u00e9v\u00e9nements par lesquels, en plus de nos activit\u00e9s politiques, nous souhaitons mieux conna\u00eetre la vie quotidienne des organisations et des entreprises luxembourgeoises par le biais de visites guid\u00e9es.<\/strong><\/p>\n\n<p>Au si\u00e8ge de RTL, nous avons <strong>visit\u00e9 les diff\u00e9rents studios o\u00f9 sont produits les contenus utilis\u00e9s quotidiennement par une grande partie de la population luxembourgeoise, qu&#8217;il s&#8217;agisse de la t\u00e9l\u00e9vision, de la radio ou des plateformes d&#8217;actualit\u00e9s.<\/strong><\/p>\n\n<p>Nous tenons \u00e0 remercier toute l&#8217;\u00e9quipe de RTL pour cet aper\u00e7u passionnant des coulisses et pour l&#8217;accueil chaleureux qu&#8217;elle nous a r\u00e9serv\u00e9!<\/p>\n\n<figure class=\"wp-block-gallery has-nested-images columns-default is-cropped wp-block-gallery-1 is-layout-flex wp-block-gallery-is-layout-flex\">\n<figure class=\"wp-block-image size-large\"><img fetchpriority=\"high\" decoding=\"async\" width=\"768\" height=\"1024\" data-id=\"2403\" src=\"https:\/\/www.dp.lu\/dpinternational\/wp-content\/uploads\/sites\/4\/2024\/10\/IMG_5591-768x1024.jpeg\" alt=\"\" class=\"wp-image-2403\" srcset=\"https:\/\/www.dp.lu\/dpinternational\/wp-content\/uploads\/sites\/4\/2024\/10\/IMG_5591-768x1024.jpeg 768w, https:\/\/www.dp.lu\/dpinternational\/wp-content\/uploads\/sites\/4\/2024\/10\/IMG_5591-225x300.jpeg 225w, https:\/\/www.dp.lu\/dpinternational\/wp-content\/uploads\/sites\/4\/2024\/10\/IMG_5591-1152x1536.jpeg 1152w, https:\/\/www.dp.lu\/dpinternational\/wp-content\/uploads\/sites\/4\/2024\/10\/IMG_5591.jpeg 1536w\" sizes=\"(max-width: 768px) 100vw, 768px\" \/><\/figure>\n\n\n\n<figure class=\"wp-block-image size-large\"><img decoding=\"async\" width=\"1024\" height=\"768\" data-id=\"2397\" src=\"https:\/\/www.dp.lu\/dpinternational\/wp-content\/uploads\/sites\/4\/2024\/10\/IMG_5627-1024x768.jpeg\" alt=\"\" class=\"wp-image-2397\" srcset=\"https:\/\/www.dp.lu\/dpinternational\/wp-content\/uploads\/sites\/4\/2024\/10\/IMG_5627-1024x768.jpeg 1024w, https:\/\/www.dp.lu\/dpinternational\/wp-content\/uploads\/sites\/4\/2024\/10\/IMG_5627-300x225.jpeg 300w, https:\/\/www.dp.lu\/dpinternational\/wp-content\/uploads\/sites\/4\/2024\/10\/IMG_5627-768x576.jpeg 768w, https:\/\/www.dp.lu\/dpinternational\/wp-content\/uploads\/sites\/4\/2024\/10\/IMG_5627-1536x1152.jpeg 1536w, https:\/\/www.dp.lu\/dpinternational\/wp-content\/uploads\/sites\/4\/2024\/10\/IMG_5627.jpeg 2048w\" sizes=\"(max-width: 1024px) 100vw, 1024px\" \/><\/figure>\n\n\n\n<figure class=\"wp-block-image size-large\"><img decoding=\"async\" width=\"1024\" height=\"768\" data-id=\"2396\" src=\"https:\/\/www.dp.lu\/dpinternational\/wp-content\/uploads\/sites\/4\/2024\/10\/IMG_5590-1024x768.jpeg\" alt=\"\" class=\"wp-image-2396\" srcset=\"https:\/\/www.dp.lu\/dpinternational\/wp-content\/uploads\/sites\/4\/2024\/10\/IMG_5590-1024x768.jpeg 1024w, https:\/\/www.dp.lu\/dpinternational\/wp-content\/uploads\/sites\/4\/2024\/10\/IMG_5590-300x225.jpeg 300w, https:\/\/www.dp.lu\/dpinternational\/wp-content\/uploads\/sites\/4\/2024\/10\/IMG_5590-768x576.jpeg 768w, https:\/\/www.dp.lu\/dpinternational\/wp-content\/uploads\/sites\/4\/2024\/10\/IMG_5590-1536x1152.jpeg 1536w, https:\/\/www.dp.lu\/dpinternational\/wp-content\/uploads\/sites\/4\/2024\/10\/IMG_5590.jpeg 2048w\" sizes=\"(max-width: 1024px) 100vw, 1024px\" \/><\/figure>\n\n\n\n<figure class=\"wp-block-image size-large\"><img loading=\"lazy\" decoding=\"async\" width=\"1024\" height=\"819\" data-id=\"2401\" src=\"https:\/\/www.dp.lu\/dpinternational\/wp-content\/uploads\/sites\/4\/2024\/10\/IMG_5589-1024x819.jpeg\" alt=\"\" class=\"wp-image-2401\" srcset=\"https:\/\/www.dp.lu\/dpinternational\/wp-content\/uploads\/sites\/4\/2024\/10\/IMG_5589-1024x819.jpeg 1024w, https:\/\/www.dp.lu\/dpinternational\/wp-content\/uploads\/sites\/4\/2024\/10\/IMG_5589-300x240.jpeg 300w, https:\/\/www.dp.lu\/dpinternational\/wp-content\/uploads\/sites\/4\/2024\/10\/IMG_5589-768x614.jpeg 768w, https:\/\/www.dp.lu\/dpinternational\/wp-content\/uploads\/sites\/4\/2024\/10\/IMG_5589-1536x1229.jpeg 1536w, https:\/\/www.dp.lu\/dpinternational\/wp-content\/uploads\/sites\/4\/2024\/10\/IMG_5589.jpeg 1920w\" sizes=\"(max-width: 1024px) 100vw, 1024px\" \/><\/figure>\n<\/figure>\n","protected":false},"excerpt":{"rendered":"<p>Le 3 octobre, un groupe de membres du DP International a eu le grand plaisir de visiter le si\u00e8ge du groupe RTL au Kirchberg. Cette initiative s&#8217;inscrit dans le cadre de nos \u00e9v\u00e9nements par lesquels, en plus de nos activit\u00e9s politiques, nous souhaitons mieux conna\u00eetre la vie quotidienne des organisations et des entreprises luxembourgeoises par le biais de visites guid\u00e9es.<\/p>\n","protected":false},"author":42,"featured_media":2404,"comment_status":"closed","ping_status":"closed","sticky":false,"template":"","format":"standard","meta":{"footnotes":""},"categories":[65],"tags":[],"class_list":["post-2413","post","type-post","status-publish","format-standard","has-post-thumbnail","hentry","category-visite-fr","wpbf-post"],"_links":{"self":[{"href":"https:\/\/www.dp.lu\/dpinternational\/wp-json\/wp\/v2\/posts\/2413","targetHints":{"allow":["GET"]}}],"collection":[{"href":"https:\/\/www.dp.lu\/dpinternational\/wp-json\/wp\/v2\/posts"}],"about":[{"href":"https:\/\/www.dp.lu\/dpinternational\/wp-json\/wp\/v2\/types\/post"}],"author":[{"embeddable":true,"href":"https:\/\/www.dp.lu\/dpinternational\/wp-json\/wp\/v2\/users\/42"}],"replies":[{"embeddable":true,"href":"https:\/\/www.dp.lu\/dpinternational\/wp-json\/wp\/v2\/comments?post=2413"}],"version-history":[{"count":5,"href":"https:\/\/www.dp.lu\/dpinternational\/wp-json\/wp\/v2\/posts\/2413\/revisions"}],"predecessor-version":[{"id":2430,"href":"https:\/\/www.dp.lu\/dpinternational\/wp-json\/wp\/v2\/posts\/2413\/revisions\/2430"}],"wp:featuredmedia":[{"embeddable":true,"href":"https:\/\/www.dp.lu\/dpinternational\/wp-json\/wp\/v2\/media\/2404"}],"wp:attachment":[{"href":"https:\/\/www.dp.lu\/dpinternational\/wp-json\/wp\/v2\/media?parent=2413"}],"wp:term":[{"taxonomy":"category","embeddable":true,"href":"https:\/\/www.dp.lu\/dpinternational\/wp-json\/wp\/v2\/categories?post=2413"},{"taxonomy":"post_tag","embeddable":true,"href":"https:\/\/www.dp.lu\/dpinternational\/wp-json\/wp\/v2\/tags?post=2413"}],"curies":[{"name":"wp","href":"https:\/\/api.w.org\/{rel}","templated":true}]}}