{"id":2445,"date":"2024-10-12T09:36:07","date_gmt":"2024-10-12T09:36:07","guid":{"rendered":"https:\/\/www.dp.lu\/dpinternational\/botschaft-des-scheidenden-praesidenten\/"},"modified":"2024-10-17T09:18:05","modified_gmt":"2024-10-17T09:18:05","slug":"botschaft-des-scheidenden-praesidenten","status":"publish","type":"post","link":"https:\/\/www.dp.lu\/dpinternational\/botschaft-des-scheidenden-praesidenten\/?lang=de","title":{"rendered":"Botschaft des scheidenden Pr\u00e4sidenten"},"content":{"rendered":"\n<p>Liebe Mitglieder und Sympathisanten der DP International,<\/p>\n\n\n\n<div style=\"height:30px\" aria-hidden=\"true\" class=\"wp-block-spacer\"><\/div>\n\n\n\n<p><strong>In den letzten sechs Jahren hatte ich die gro\u00dfe Freude und Ehre, die DP International mitzugestalten<\/strong> &#8211; f\u00fcnf Jahre als Koordinator und nun \u00fcber ein Jahr als Vorsitzender.<\/p>\n\n\n\n<p>In dieser Zeit habe ich viele gro\u00dfartige Erfahrungen gemacht, durch die ich sowohl politisch als auch pers\u00f6nlich viel gelernt habe. Vor allem aber habe ich viele bemerkenswerte Menschen kennengelernt, die <strong>meine \u00dcberzeugung best\u00e4rkt haben, dass Nicht-Luxemburger der luxemburgischen Politik sehr viel zu bieten haben.<\/strong><\/p>\n\n\n\n<p>Nach sechs Jahren, die ich damit verbracht habe, unserer Gruppe und unseren Anliegen innerhalb der Partei mehr Sichtbarkeit zu verleihen, habe ich beschlossen, einem neuen Team die Gelegenheit zu geben, die Arbeit fortzusetzen und daf\u00fcr zu sorgen, dass unsere Gruppe mit neuen Ideen und Inspirationen weiter w\u00e4chst.<\/p>\n\n\n\n<p>I<strong>ch bin meinen Vorstandskollegen der DP International und der Parteif\u00fchrung sehr dankbar, dass sie meinem Vorschlag zugestimmt haben, Christos Floros als meinen Nachfolger zu best\u00e4tigen.<\/strong><\/p>\n\n\n\n<p>Mit ihm, dem bestehenden Vorstand, neuen Vorstandsmitgliedern und eurer Unterst\u00fctzung wird sich unsere Gruppe weiterhin dynamisch entwickeln und in der Lage sein, sich auf die Herausforderungen der kommenden Jahre vorzubereiten.<\/p>\n\n\n\n<p>Ich m\u00f6chte mich <strong>bei euch allen f\u00fcr eure unerm\u00fcdliche Unterst\u00fctzung und Teilnahme in den letzten Jahren bedanken<\/strong> und hoffe, dass auch das neue Team darauf z\u00e4hlen kann!<\/p>\n\n\n\n<p>Ich freue mich schon darauf, die weiteren Erfolge der DP International zu verfolgen und euch auf den zahlreichen Veranstaltungen wieder zu treffen!<\/p>\n\n\n\n<div style=\"height:30px\" aria-hidden=\"true\" class=\"wp-block-spacer\"><\/div>\n\n\n\n<p><strong>Bis bald!<\/strong> \ud83d\udc99<\/p>\n\n\n\n<div style=\"height:30px\" aria-hidden=\"true\" class=\"wp-block-spacer\"><\/div>\n\n\n\n<p>Liberale Gr\u00fc\u00dfe<\/p>\n\n\n\n<p>Lu\u00eds Dur\u00e3es Oliveira,<\/p>\n\n\n\n<p>Scheidender Pr\u00e4sident der DP International.<\/p>\n","protected":false},"excerpt":{"rendered":"<p>DANKE DP International! \ud83d\udc99<\/p>\n","protected":false},"author":42,"featured_media":2434,"comment_status":"closed","ping_status":"closed","sticky":false,"template":"","format":"standard","meta":{"footnotes":""},"categories":[35],"tags":[],"class_list":["post-2445","post","type-post","status-publish","format-standard","has-post-thumbnail","hentry","category-news-de","wpbf-post"],"_links":{"self":[{"href":"https:\/\/www.dp.lu\/dpinternational\/wp-json\/wp\/v2\/posts\/2445","targetHints":{"allow":["GET"]}}],"collection":[{"href":"https:\/\/www.dp.lu\/dpinternational\/wp-json\/wp\/v2\/posts"}],"about":[{"href":"https:\/\/www.dp.lu\/dpinternational\/wp-json\/wp\/v2\/types\/post"}],"author":[{"embeddable":true,"href":"https:\/\/www.dp.lu\/dpinternational\/wp-json\/wp\/v2\/users\/42"}],"replies":[{"embeddable":true,"href":"https:\/\/www.dp.lu\/dpinternational\/wp-json\/wp\/v2\/comments?post=2445"}],"version-history":[{"count":9,"href":"https:\/\/www.dp.lu\/dpinternational\/wp-json\/wp\/v2\/posts\/2445\/revisions"}],"predecessor-version":[{"id":2473,"href":"https:\/\/www.dp.lu\/dpinternational\/wp-json\/wp\/v2\/posts\/2445\/revisions\/2473"}],"wp:featuredmedia":[{"embeddable":true,"href":"https:\/\/www.dp.lu\/dpinternational\/wp-json\/wp\/v2\/media\/2434"}],"wp:attachment":[{"href":"https:\/\/www.dp.lu\/dpinternational\/wp-json\/wp\/v2\/media?parent=2445"}],"wp:term":[{"taxonomy":"category","embeddable":true,"href":"https:\/\/www.dp.lu\/dpinternational\/wp-json\/wp\/v2\/categories?post=2445"},{"taxonomy":"post_tag","embeddable":true,"href":"https:\/\/www.dp.lu\/dpinternational\/wp-json\/wp\/v2\/tags?post=2445"}],"curies":[{"name":"wp","href":"https:\/\/api.w.org\/{rel}","templated":true}]}}