{"id":2450,"date":"2024-10-12T09:36:07","date_gmt":"2024-10-12T09:36:07","guid":{"rendered":"https:\/\/www.dp.lu\/dpinternational\/mensagem-do-presidente-cessante\/"},"modified":"2024-10-17T09:22:28","modified_gmt":"2024-10-17T09:22:28","slug":"mensagem-do-presidente-cessante","status":"publish","type":"post","link":"https:\/\/www.dp.lu\/dpinternational\/mensagem-do-presidente-cessante\/?lang=pt-pt","title":{"rendered":"Mensagem do presidente cessante"},"content":{"rendered":"\n<p>Caros membros e simpatizantes do DP International,<\/p>\n\n\n\n<div style=\"height:30px\" aria-hidden=\"true\" class=\"wp-block-spacer\"><\/div>\n\n\n\n<p><strong>Nos \u00faltimos seis anos, tive o grande prazer e a honra de ajudar a moldar o DP International<\/strong>, cinco anos como coordenador e agora mais de um ano como presidente.<\/p>\n\n\n\n<p>Durante este tempo, tive muitas experi\u00eancias maravilhosas que me ensinaram muito, tanto a n\u00edvel pol\u00edtico como pessoal. Mais importante ainda, conheci muitas pessoas not\u00e1veis que <strong>refor\u00e7aram a minha convic\u00e7\u00e3o de que os n\u00e3o-luxemburgueses t\u00eam muito a oferecer ao mundo pol\u00edtico luxemburgu\u00eas.<\/strong><\/p>\n\n\n\n<p>Ap\u00f3s 6 anos dedicados a dar mais visibilidade ao nosso grupo e \u00e0 nossa causa no seio do partido, decidi dar a uma nova equipa a oportunidade de continuar o trabalho e de assegurar que o nosso grupo continue a crescer com novas ideias e nova inspira\u00e7\u00e3o.<\/p>\n\n\n\n<p><strong>Estou muito grato aos meus colegas do comit\u00e9 do DP International e \u00e0 dire\u00e7\u00e3o do partido por terem aceite a minha proposta de confirmar Christos Floros como meu sucessor.<\/strong><\/p>\n\n\n\n<p>Com ele, o atual comit\u00e9, os novos membros da comiss\u00e3o e o vosso apoio, o nosso grupo continuar\u00e1 a desenvolver-se de forma din\u00e2mica e ser\u00e1 capaz de enfrentar os desafios dos pr\u00f3ximos anos.<\/p>\n\n\n\n<p>Gostaria de <strong>AGRADECER o apoio incans\u00e1vel e a participa\u00e7\u00e3o de cada um de v\u00f3s ao longo dos \u00faltimos anos<\/strong>, e espero que a nova equipa tamb\u00e9m possa contar com essa ajuda!<\/p>\n\n\n\n<div style=\"height:30px\" aria-hidden=\"true\" class=\"wp-block-spacer\"><\/div>\n\n\n\n<p><strong>At\u00e9 breve!<\/strong> \ud83d\udc99<\/p>\n\n\n\n<div style=\"height:30px\" aria-hidden=\"true\" class=\"wp-block-spacer\"><\/div>\n\n\n\n<p>Sauda\u00e7\u00f5es liberais<\/p>\n\n\n\n<p>Lu\u00eds Dur\u00e3es Oliveira,<\/p>\n\n\n\n<p>Presidente cessante do DP International.<\/p>\n","protected":false},"excerpt":{"rendered":"<p>OBRIGADO DP International! \ud83d\udc99<\/p>\n","protected":false},"author":42,"featured_media":2436,"comment_status":"closed","ping_status":"closed","sticky":false,"template":"","format":"standard","meta":{"footnotes":""},"categories":[41],"tags":[],"class_list":["post-2450","post","type-post","status-publish","format-standard","has-post-thumbnail","hentry","category-news","wpbf-post"],"_links":{"self":[{"href":"https:\/\/www.dp.lu\/dpinternational\/wp-json\/wp\/v2\/posts\/2450","targetHints":{"allow":["GET"]}}],"collection":[{"href":"https:\/\/www.dp.lu\/dpinternational\/wp-json\/wp\/v2\/posts"}],"about":[{"href":"https:\/\/www.dp.lu\/dpinternational\/wp-json\/wp\/v2\/types\/post"}],"author":[{"embeddable":true,"href":"https:\/\/www.dp.lu\/dpinternational\/wp-json\/wp\/v2\/users\/42"}],"replies":[{"embeddable":true,"href":"https:\/\/www.dp.lu\/dpinternational\/wp-json\/wp\/v2\/comments?post=2450"}],"version-history":[{"count":6,"href":"https:\/\/www.dp.lu\/dpinternational\/wp-json\/wp\/v2\/posts\/2450\/revisions"}],"predecessor-version":[{"id":2475,"href":"https:\/\/www.dp.lu\/dpinternational\/wp-json\/wp\/v2\/posts\/2450\/revisions\/2475"}],"wp:featuredmedia":[{"embeddable":true,"href":"https:\/\/www.dp.lu\/dpinternational\/wp-json\/wp\/v2\/media\/2436"}],"wp:attachment":[{"href":"https:\/\/www.dp.lu\/dpinternational\/wp-json\/wp\/v2\/media?parent=2450"}],"wp:term":[{"taxonomy":"category","embeddable":true,"href":"https:\/\/www.dp.lu\/dpinternational\/wp-json\/wp\/v2\/categories?post=2450"},{"taxonomy":"post_tag","embeddable":true,"href":"https:\/\/www.dp.lu\/dpinternational\/wp-json\/wp\/v2\/tags?post=2450"}],"curies":[{"name":"wp","href":"https:\/\/api.w.org\/{rel}","templated":true}]}}