{"id":2452,"date":"2024-10-12T09:36:07","date_gmt":"2024-10-12T09:36:07","guid":{"rendered":"https:\/\/www.dp.lu\/dpinternational\/message-vum-scheedende-president\/"},"modified":"2024-10-17T09:34:12","modified_gmt":"2024-10-17T09:34:12","slug":"message-vum-scheedende-president","status":"publish","type":"post","link":"https:\/\/www.dp.lu\/dpinternational\/message-vum-scheedende-president\/?lang=lb-lu","title":{"rendered":"Message vum scheedende President"},"content":{"rendered":"\n<p>L\u00e9if Memberen a Sympathisante vun DP International,<\/p>\n\n\n\n<div style=\"height:30px\" aria-hidden=\"true\" class=\"wp-block-spacer\"><\/div>\n\n\n\n<p><strong>An de leschte sechs Joer hat ech d\u00e9i grouss Freed an \u00c9ier d\u2019DP International matzegestalten<\/strong> &#8211; f\u00ebnnef Joer als Koordinator an elo iwwer ee Joer als President.<\/p>\n\n\n\n<p>An d\u00ebser Z\u00e4it hunn ech vill flott Erfarunge gemaach duerch d\u00e9i ech politesch a pers\u00e9inlech vill gel\u00e9iert hunn. Virun allem sinn hunn ech ville bemierkensw\u00e4erte Leit beg\u00e9int, d\u00e9i <strong>meng Iwwerzeegung gest\u00e4erkt hunn, datt d\u2019Net-L\u00ebtzebuerger der L\u00ebtzebuerger Politik vill ze bidden hunn.<\/strong><\/p>\n\n\n\n<p>No sechs Joer an deenen ech eise Grupp an eise Causen m\u00e9i Visibilit\u00e9it bannent der Partei ginn hunn, hunn ech decid\u00e9iert enger neier Equipe d&#8217;M\u00e9iglechkeet ze ginn d&#8217;Aarbecht weiderzef\u00e9ieren an ze garant\u00e9ieren, datt eise Grupp mat neien Iddien an Inspiratioune weider wuesse kann.<\/p>\n\n\n\n<p><strong>Ech si menge\u00a0Kolleegen\u00a0aus dem Comit\u00e9\u00a0vun der DP International an der Parteileedung immens dankbar, datt si meng Propos\u00a0akzept\u00e9iert hunn, de Christos Floros als m\u00e4in Nofollger ze best\u00e4tegen.<\/strong><\/p>\n\n\n\n<p>Mat him, dem bestee\u00ebnde Comit\u00e9, neie Comit\u00e9smember an \u00e4rer \u00cbnnerst\u00ebtzung, w\u00e4ert eise Grupp sech weiderhin dynamesch entw\u00e9ckelen a sech op d&#8217;Erausfuerderunge vun den n\u00e4chste Jore virbereede k\u00ebnnen.<\/p>\n\n\n\n<p><strong>Ech soen Iech alleguerte VILLMOOLS MERCI fir \u00e4r onermiddlech \u00cbnnerst\u00ebtzung a Participatioun an de leschte Joren an hoffen<\/strong>, datt d\u00e9i nei Equipe och dorop ziele kann!<\/p>\n\n\n\n<p>Ech free\u00eb mech op d\u00e9i zuk\u00fcnfteg Erfolleger vun der DP International ze verfollegen an iech bei s\u00ebllegen Eventer er\u00ebm ze beg\u00e9inen!<\/p>\n\n\n\n<div style=\"height:30px\" aria-hidden=\"true\" class=\"wp-block-spacer\"><\/div>\n\n\n\n<p><strong>Bis ganz geschw\u00ebnn!<\/strong> \ud83d\udc99<\/p>\n\n\n\n<div style=\"height:30px\" aria-hidden=\"true\" class=\"wp-block-spacer\"><\/div>\n\n\n\n<p>Liberal Gr\u00e9iss<\/p>\n\n\n\n<p>Lu\u00eds Dur\u00e3es Oliveira,<\/p>\n\n\n\n<p>Scheedende President vun der DP International.<\/p>\n","protected":false},"excerpt":{"rendered":"<p>MERCI DP International! \ud83d\udc99<\/p>\n","protected":false},"author":42,"featured_media":2435,"comment_status":"closed","ping_status":"closed","sticky":false,"template":"","format":"standard","meta":{"footnotes":""},"categories":[32],"tags":[],"class_list":["post-2452","post","type-post","status-publish","format-standard","has-post-thumbnail","hentry","category-news","wpbf-post"],"_links":{"self":[{"href":"https:\/\/www.dp.lu\/dpinternational\/wp-json\/wp\/v2\/posts\/2452","targetHints":{"allow":["GET"]}}],"collection":[{"href":"https:\/\/www.dp.lu\/dpinternational\/wp-json\/wp\/v2\/posts"}],"about":[{"href":"https:\/\/www.dp.lu\/dpinternational\/wp-json\/wp\/v2\/types\/post"}],"author":[{"embeddable":true,"href":"https:\/\/www.dp.lu\/dpinternational\/wp-json\/wp\/v2\/users\/42"}],"replies":[{"embeddable":true,"href":"https:\/\/www.dp.lu\/dpinternational\/wp-json\/wp\/v2\/comments?post=2452"}],"version-history":[{"count":3,"href":"https:\/\/www.dp.lu\/dpinternational\/wp-json\/wp\/v2\/posts\/2452\/revisions"}],"predecessor-version":[{"id":2477,"href":"https:\/\/www.dp.lu\/dpinternational\/wp-json\/wp\/v2\/posts\/2452\/revisions\/2477"}],"wp:featuredmedia":[{"embeddable":true,"href":"https:\/\/www.dp.lu\/dpinternational\/wp-json\/wp\/v2\/media\/2435"}],"wp:attachment":[{"href":"https:\/\/www.dp.lu\/dpinternational\/wp-json\/wp\/v2\/media?parent=2452"}],"wp:term":[{"taxonomy":"category","embeddable":true,"href":"https:\/\/www.dp.lu\/dpinternational\/wp-json\/wp\/v2\/categories?post=2452"},{"taxonomy":"post_tag","embeddable":true,"href":"https:\/\/www.dp.lu\/dpinternational\/wp-json\/wp\/v2\/tags?post=2452"}],"curies":[{"name":"wp","href":"https:\/\/api.w.org\/{rel}","templated":true}]}}