{"id":2493,"date":"2024-10-17T10:31:51","date_gmt":"2024-10-17T10:31:51","guid":{"rendered":"https:\/\/www.dp.lu\/dpinternational\/communique-de-presse-christos-floros-elu-president-du-dp-international\/"},"modified":"2024-10-17T10:40:29","modified_gmt":"2024-10-17T10:40:29","slug":"communique-de-presse-christos-floros-elu-president-du-dp-international","status":"publish","type":"post","link":"https:\/\/www.dp.lu\/dpinternational\/communique-de-presse-christos-floros-elu-president-du-dp-international\/?lang=fr","title":{"rendered":"Communiqu\u00e9 de presse &#8211; Christos Floros \u00e9lu pr\u00e9sident du DP International"},"content":{"rendered":"\n<p class=\"has-black-color has-text-color has-link-color wp-elements-49228a88341ba714ba463e1d08a8a959\">Christos Floros a \u00e9t\u00e9 \u00e9lu nouveau pr\u00e9sident de DP International, la branche internationale du <a href=\"https:\/\/www.dp.lu\/\">Parti d\u00e9mocratique<\/a>.<\/p>\n\n<p class=\"has-black-color has-text-color has-link-color wp-elements-3d1d11852c57305c311f2275a8c57a3b\">M. Floros succ\u00e8de \u00e0 <a href=\"https:\/\/www.dp.lu\/dpinternational\/message-du-president-sortant\/?lang=fr\">Lu\u00eds Oliveira<\/a>, qui s&#8217;est retir\u00e9 volontairement pour laisser place \u00e0 une vision nouvelle et \u00e0 une direction dynamique au sein de l&#8217;aile internationale du parti. Le nouveau pr\u00e9sident prendra ses fonctions \u00e0 partir de novembre. <\/p>\n\n<p class=\"has-black-color has-text-color has-link-color wp-elements-b3141a3f46ca2395a5ae78dcd34df022\">M. Floros est charg\u00e9 d&#8217;accro\u00eetre le nombre de membres internationaux du parti et de promouvoir un d\u00e9bat ouvert refl\u00e9tant la diversit\u00e9 de la population luxembourgeoise.<\/p>\n\n<p class=\"has-text-align-left has-black-color has-text-color has-link-color wp-elements-6bd592550f77a9df93a03d30a73cb9b0\">Christos Floros, architecte de profession qui travaille dans le secteur technologique luxembourgeois dans le domaine du marketing et de la communication, apporte une grande exp\u00e9rience et un grand d\u00e9vouement \u00e0 son nouveau r\u00f4le. Son engagement en faveur de l&#8217;inclusion politique s&#8217;est concentr\u00e9 sur l&#8217;\u00e9largissement de la voix de tous les r\u00e9sidents au Luxembourg, y compris les r\u00e9sidents \u00e9trangers et les citoyens nouvellement naturalis\u00e9s, en encourageant la participation politique. Floros s&#8217;est auparavant pr\u00e9sent\u00e9 aux \u00e9lections du Parlement europ\u00e9en de juin 2024 en tant que candidat du Parti d\u00e9mocratique, renfor\u00e7ant ainsi son implication dans le fa\u00e7onnement du paysage politique luxembourgeois.  <\/p>\n\n<p class=\"has-black-color has-text-color has-link-color wp-elements-4d5b8011f9b21f16b92a28ab0862c344\">En assumant ce r\u00f4le de leader, Mr. Floros entend poursuivre le travail de DP International en veillant \u00e0 ce que tous les r\u00e9sidents, quelle que soit leur origine, se sentent habilit\u00e9s \u00e0 s&#8217;engager dans leurs communaut\u00e9s locales et \u00e0 ce que le parti reste repr\u00e9sentatif de la diversit\u00e9 de la population luxembourgeoise.<\/p>\n\n<blockquote class=\"wp-block-quote is-layout-flow wp-block-quote-is-layout-flow\">\n<p>\u00ab<em>Je suis honor\u00e9 d&#8217;assumer cette responsabilit\u00e9 et de diriger DP International. Ensemble, nous veillerons \u00e0 ce que le Luxembourg reste un pays inclusif et tourn\u00e9 vers l&#8217;avenir, o\u00f9 chacun se sent chez soi et o\u00f9 tous ont les moyens de participer. Je tiens \u00e0 remercier Luis pour son engagement total au cours des cinq derni\u00e8res ann\u00e9es dans cette aile incroyablement importante de notre grand parti d\u00e9mocratique et inclusif, ainsi que pour la confiance que le parti m&#8217;accorde dans la poursuite de ce travail. Ma premi\u00e8re t\u00e2che consistera \u00e0 constituer autour de moi une \u00e9quipe formidable pour mener \u00e0 bien cette mission.   <\/em>\u00bb<\/p>\n\n\n\n<p class=\"has-text-align-right\">&#8211; Christos Floros, nouveau pr\u00e9sident du DP International.<\/p>\n<\/blockquote>\n\n<div style=\"height:20px\" aria-hidden=\"true\" class=\"wp-block-spacer\"><\/div>\n\n<blockquote class=\"wp-block-quote is-layout-flow wp-block-quote-is-layout-flow\">\n<p>\u00ab<em>Je suis tr\u00e8s reconnaissant \u00e0 mes coll\u00e8gues du comit\u00e9 du DP International, ainsi qu&#8217;\u00e0 la direction du parti, d&#8217;avoir accept\u00e9 ma proposition de confirmer Christos Floros comme mon successeur. Avec lui, le comit\u00e9 actuel, les nouveaux membres du comit\u00e9 directeur et le soutien de nos membres, notre groupe continuera \u00e0 se d\u00e9velopper de mani\u00e8re dynamique et sera pr\u00eat \u00e0 relever les d\u00e9fis des ann\u00e9es \u00e0 venir. <\/em>\u00bb<\/p>\n\n\n\n<p class=\"has-text-align-right\">&#8211; Lu\u00eds Oliveira, outgoing president of DP International.<\/p>\n<\/blockquote>\n\n<div style=\"height:30px\" aria-hidden=\"true\" class=\"wp-block-spacer\"><\/div>\n\n<h3 class=\"wp-block-heading\"><strong>Projets futurs<\/strong><\/h3>\n\n<p class=\"has-black-color has-text-color has-link-color wp-elements-f69afcf21d62cc7b087324c9be6b4de7\">Sous la direction de Mr. Floros, le DP International s&#8217;efforcera de permettre \u00e0 tous les habitants de s&#8217;engager activement dans le parti, en veillant \u00e0 ce que les sections locales refl\u00e8tent la v\u00e9ritable diversit\u00e9 du Luxembourg. En se concentrant sur l&#8217;inclusion et la participation, le DP International poursuivra sa mission de faire du Luxembourg un endroit o\u00f9 chacun peut contribuer et se sentir repr\u00e9sent\u00e9. <\/p>\n\n<div style=\"height:30px\" aria-hidden=\"true\" class=\"wp-block-spacer\"><\/div>\n\n<h3 class=\"wp-block-heading\"><strong>Informations de contact<\/strong><\/h3>\n\n<p class=\"has-black-color has-text-color has-link-color wp-elements-3732576118b5cfb998b8c5b91dde83f8\">Les personnes int\u00e9ress\u00e9es et les repr\u00e9sentants des m\u00e9dias peuvent prendre contact avec DP International via le site web officiel du Parti d\u00e9mocratique :<a href=\"http:\/\/www.dp.lu\/\"> dp.lu<\/a> et\/ou par courrier \u00e9lectronique : <a href=\"mailto:international@dp.lu\">international@dp.lu<\/a>. En raison d&#8217;un programme auquel Mr. Floros participe, il ne sera disponible pour des interviews qu&#8217;apr\u00e8s le 4 novembre. <\/p>\n\n<div style=\"height:30px\" aria-hidden=\"true\" class=\"wp-block-spacer\"><\/div>\n\n<h3 class=\"wp-block-heading\"><strong>DP International<\/strong><\/h3>\n\n<p class=\"has-black-color has-text-color has-link-color wp-elements-4f29846b3b98ad4386d0120a48adbd4a\">Le DP International est l&#8217;aile internationale du parti d\u00e9mocratique luxembourgeois. Elle permet \u00e0 ses membres, r\u00e9sidents \u00e9trangers, citoyens nouvellement naturalis\u00e9s et citoyens, de participer aux discussions politiques dans un environnement multiculturel et multilingue. Le groupe s&#8217;engage \u00e0 faire en sorte que tous les r\u00e9sidents aient leur mot \u00e0 dire dans l&#8217;\u00e9laboration de l&#8217;avenir du pays. L&#8217;adh\u00e9sion est accord\u00e9e par le biais de l&#8217;adh\u00e9sion au DP &#8211; Demokratesch Partei et tous les membres du Parti d\u00e9mocratique peuvent participer \u00e0 ses activit\u00e9s.   <\/p>\n","protected":false},"excerpt":{"rendered":"<p>Christos Floros a \u00e9t\u00e9 \u00e9lu nouveau pr\u00e9sident de DP International, la section internationale du Parti d\u00e9mocratique.<\/p>\n","protected":false},"author":42,"featured_media":2484,"comment_status":"closed","ping_status":"closed","sticky":false,"template":"","format":"standard","meta":{"footnotes":""},"categories":[34],"tags":[],"class_list":["post-2493","post","type-post","status-publish","format-standard","has-post-thumbnail","hentry","category-news-fr","wpbf-post"],"_links":{"self":[{"href":"https:\/\/www.dp.lu\/dpinternational\/wp-json\/wp\/v2\/posts\/2493","targetHints":{"allow":["GET"]}}],"collection":[{"href":"https:\/\/www.dp.lu\/dpinternational\/wp-json\/wp\/v2\/posts"}],"about":[{"href":"https:\/\/www.dp.lu\/dpinternational\/wp-json\/wp\/v2\/types\/post"}],"author":[{"embeddable":true,"href":"https:\/\/www.dp.lu\/dpinternational\/wp-json\/wp\/v2\/users\/42"}],"replies":[{"embeddable":true,"href":"https:\/\/www.dp.lu\/dpinternational\/wp-json\/wp\/v2\/comments?post=2493"}],"version-history":[{"count":1,"href":"https:\/\/www.dp.lu\/dpinternational\/wp-json\/wp\/v2\/posts\/2493\/revisions"}],"predecessor-version":[{"id":2494,"href":"https:\/\/www.dp.lu\/dpinternational\/wp-json\/wp\/v2\/posts\/2493\/revisions\/2494"}],"wp:featuredmedia":[{"embeddable":true,"href":"https:\/\/www.dp.lu\/dpinternational\/wp-json\/wp\/v2\/media\/2484"}],"wp:attachment":[{"href":"https:\/\/www.dp.lu\/dpinternational\/wp-json\/wp\/v2\/media?parent=2493"}],"wp:term":[{"taxonomy":"category","embeddable":true,"href":"https:\/\/www.dp.lu\/dpinternational\/wp-json\/wp\/v2\/categories?post=2493"},{"taxonomy":"post_tag","embeddable":true,"href":"https:\/\/www.dp.lu\/dpinternational\/wp-json\/wp\/v2\/tags?post=2493"}],"curies":[{"name":"wp","href":"https:\/\/api.w.org\/{rel}","templated":true}]}}