{"id":2495,"date":"2024-10-17T10:31:51","date_gmt":"2024-10-17T10:31:51","guid":{"rendered":"https:\/\/www.dp.lu\/dpinternational\/pressemitteilung-christos-floros-zum-praesidenten-der-dp-international-gewaehlt\/"},"modified":"2024-10-17T10:50:36","modified_gmt":"2024-10-17T10:50:36","slug":"pressemitteilung-christos-floros-zum-praesidenten-der-dp-international-gewaehlt","status":"publish","type":"post","link":"https:\/\/www.dp.lu\/dpinternational\/pressemitteilung-christos-floros-zum-praesidenten-der-dp-international-gewaehlt\/?lang=de","title":{"rendered":"Pressemitteilung &#8211; Christos Floros zum Pr\u00e4sidenten der DP International gew\u00e4hlt"},"content":{"rendered":"\n<p class=\"has-black-color has-text-color has-link-color wp-elements-3ccaebabb3cd5438d81ebccb87e14f0a\">Christos Floros wurde zum neuen Vorsitzenden der DP International, des internationalen Fl\u00fcgels der <a href=\"https:\/\/www.dp.lu\/\">Demokratischen Partei<\/a>, gew\u00e4hlt.<\/p>\n\n<p class=\"has-black-color has-text-color has-link-color wp-elements-5538a3156e47ed5aa711576876783c8f\">Floros tritt die Nachfolge von <a href=\"https:\/\/www.dp.lu\/dpinternational\/botschaft-des-scheidenden-praesidenten\/?lang=de\">Lu\u00eds Oliveira<\/a> an, der freiwillig zur\u00fccktritt, um eine neue Vision und eine dynamische F\u00fchrung im internationalen Fl\u00fcgel der Partei zu erm\u00f6glichen. Der neue Pr\u00e4sident wird sein Amt ab November antreten. <\/p>\n\n<p class=\"has-black-color has-text-color has-link-color wp-elements-a7b60a8762248c31754caa2dfa3c73d2\">Floros soll die Bem\u00fchungen um die Erweiterung der internationalen Mitgliedschaft der Partei und die F\u00f6rderung einer integrativen Debatte, die die Vielfalt der luxemburgischen Bev\u00f6lkerung widerspiegelt, anf\u00fchren.<\/p>\n\n<p class=\"has-text-align-left has-black-color has-text-color has-link-color wp-elements-2e3e485887f41a4715401552e7333155\">Christos Floros, der von Beruf Architekt ist und im luxemburgischen Technologiesektor im Bereich Marketing und Kommunikation arbeitet, bringt eine F\u00fclle von Erfahrungen und Engagement in seine neue Aufgabe ein. Sein Engagement f\u00fcr die politische Inklusion hat sich darauf konzentriert, die Stimme aller Einwohner Luxemburgs, einschlie\u00dflich der ausl\u00e4ndischen Einwohner und der neu eingeb\u00fcrgerten B\u00fcrger, durch die F\u00f6rderung der politischen Beteiligung zu st\u00e4rken. Floros hat bereits bei den Wahlen zum Europ\u00e4ischen Parlament im Juni 2024 als Kandidat der Demokratischen Partei kandidiert und damit sein Engagement f\u00fcr die Gestaltung der politischen Landschaft Luxemburgs weiter gefestigt.<\/p>\n\n<p class=\"has-black-color has-text-color has-link-color wp-elements-657ab0eb4eae58f87e5c3de5db759c46\">Mit der \u00dcbernahme dieser F\u00fchrungsrolle m\u00f6chte Floros die Arbeit der DP International fortsetzen und sicherstellen, dass sich alle Einwohner, unabh\u00e4ngig von ihrer Herkunft, in ihren lokalen Gemeinschaften engagieren k\u00f6nnen und dass die Partei weiterhin die vielf\u00e4ltige Bev\u00f6lkerung Luxemburgs repr\u00e4sentiert.<\/p>\n\n<blockquote class=\"wp-block-quote is-layout-flow wp-block-quote-is-layout-flow\">\n<p>\u201e<em>Es ist mir eine Ehre, diese Verantwortung zu \u00fcbernehmen und die DP International zu leiten. Gemeinsam werden wir uns daf\u00fcr einsetzen, dass Luxemburg ein inklusives, zukunftsorientiertes Land bleibt, in dem sich jeder zu Hause f\u00fchlt und in dem alle die M\u00f6glichkeit haben, sich zu beteiligen. Ich m\u00f6chte Luis f\u00fcr sein umfassendes Engagement in den letzten 5 Jahren in diesem unglaublich wichtigen Fl\u00fcgel unserer gro\u00dfen, integrativen, demokratischen Partei danken und f\u00fcr das Vertrauen, das die Partei in mich setzt, um diese Arbeit fortzusetzen. Meine erste Aufgabe wird es sein, ein gro\u00dfartiges Team um mich herum aufzubauen, um diese Aufgabe zu erf\u00fcllen.   <\/em>\u201c<\/p>\n\n\n\n<p class=\"has-text-align-right\">&#8211; Christos Floros, neuer Pr\u00e4sident der DP International.<\/p>\n<\/blockquote>\n\n<div style=\"height:20px\" aria-hidden=\"true\" class=\"wp-block-spacer\"><\/div>\n\n<blockquote class=\"wp-block-quote is-layout-flow wp-block-quote-is-layout-flow\">\n<p>\u201e<em>Ich bin sehr dankbar, dass meine Kollegen im Vorstand der DP International sowie die Parteif\u00fchrung meinen Vorschlag angenommen haben, Christos Floros als meinen Nachfolger zu best\u00e4tigen. Mit ihm, dem jetzigen Vorstand, den neuen Vorstandsmitgliedern und der Unterst\u00fctzung durch unsere Mitglieder wird unsere Gruppe weiter dynamisch wachsen und f\u00fcr die Herausforderungen der kommenden Jahre ger\u00fcstet sein. <\/em>\u201c<\/p>\n\n\n\n<p class=\"has-text-align-right\">&#8211; Lu\u00eds Oliveira, scheidender Pr\u00e4sident der DP International.<\/p>\n<\/blockquote>\n\n<div style=\"height:30px\" aria-hidden=\"true\" class=\"wp-block-spacer\"><\/div>\n\n<h3 class=\"wp-block-heading\"><strong>Zuk\u00fcnftige Pl\u00e4ne<\/strong><\/h3>\n\n<p class=\"has-black-color has-text-color has-link-color wp-elements-d3a9382414365e2e0e6a296f6d5d8142\">Unter Floros&#8217; F\u00fchrung wird sich die DP International darauf konzentrieren, allen Einwohnern die M\u00f6glichkeit zu geben, sich aktiv in die Partei einzubringen und sicherzustellen, dass die lokalen Sektionen die wahre Vielfalt Luxemburgs widerspiegeln. Indem sie sich auf Inklusion und Partizipation konzentriert, wird die DP International ihre Mission fortsetzen, Luxemburg zu einem Ort zu machen, an dem sich jeder einbringen und vertreten f\u00fchlen kann.<\/p>\n\n<div style=\"height:30px\" aria-hidden=\"true\" class=\"wp-block-spacer\"><\/div>\n\n<h3 class=\"wp-block-heading\"><strong>Kontaktinformationen<\/strong><\/h3>\n\n<p class=\"has-black-color has-text-color has-link-color wp-elements-98f6ecc6b377d0ca0c708af8f472c29e\">Interested individuals and persons of the media can get in touch with DP International via the Democratic Party\u2019s official website:<a href=\"http:\/\/www.dp.lu\/\"> dp.lu<\/a> and\/or by email: <a href=\"mailto:international@dp.lu\">international@dp.lu<\/a>. Due to a previously scheduled programme Mr. Floros is participating in, he will be available for interviews only after November 4th. <\/p>\n\n<div style=\"height:30px\" aria-hidden=\"true\" class=\"wp-block-spacer\"><\/div>\n\n<h3 class=\"wp-block-heading\"><strong>DP International<\/strong><\/h3>\n\n<p class=\"has-black-color has-text-color has-link-color wp-elements-34c5263f0479a71d1ce9a1f6596f6a6b\">Die DP International ist der internationale Fl\u00fcgel der Demokratischen Partei Luxemburgs. Sie erm\u00f6glicht ihren Mitgliedern, den Ausl\u00e4ndern, neu eingeb\u00fcrgerten B\u00fcrgern und Staatsb\u00fcrgern, die Teilnahme an politischen Diskussionen in einem multikulturellen und mehrsprachigen Umfeld. Die Gruppe setzt sich daf\u00fcr ein, dass alle Einwohner eine Stimme bei der Gestaltung der Zukunft des Landes haben. Die Mitgliedschaft wird \u00fcber die Mitgliedschaft in der DP &#8211; Demokratesch Partei gew\u00e4hrt, und alle Mitglieder der Demokratischen Partei k\u00f6nnen an ihren Aktivit\u00e4ten teilnehmen.<\/p>\n","protected":false},"excerpt":{"rendered":"<p>Christos Floros wurde zum neuen Vorsitzenden der DP International, des internationalen Fl\u00fcgels der Demokratischen Partei, gew\u00e4hlt.<\/p>\n","protected":false},"author":42,"featured_media":2485,"comment_status":"closed","ping_status":"closed","sticky":false,"template":"","format":"standard","meta":{"footnotes":""},"categories":[35],"tags":[],"class_list":["post-2495","post","type-post","status-publish","format-standard","has-post-thumbnail","hentry","category-news-de","wpbf-post"],"_links":{"self":[{"href":"https:\/\/www.dp.lu\/dpinternational\/wp-json\/wp\/v2\/posts\/2495","targetHints":{"allow":["GET"]}}],"collection":[{"href":"https:\/\/www.dp.lu\/dpinternational\/wp-json\/wp\/v2\/posts"}],"about":[{"href":"https:\/\/www.dp.lu\/dpinternational\/wp-json\/wp\/v2\/types\/post"}],"author":[{"embeddable":true,"href":"https:\/\/www.dp.lu\/dpinternational\/wp-json\/wp\/v2\/users\/42"}],"replies":[{"embeddable":true,"href":"https:\/\/www.dp.lu\/dpinternational\/wp-json\/wp\/v2\/comments?post=2495"}],"version-history":[{"count":2,"href":"https:\/\/www.dp.lu\/dpinternational\/wp-json\/wp\/v2\/posts\/2495\/revisions"}],"predecessor-version":[{"id":2498,"href":"https:\/\/www.dp.lu\/dpinternational\/wp-json\/wp\/v2\/posts\/2495\/revisions\/2498"}],"wp:featuredmedia":[{"embeddable":true,"href":"https:\/\/www.dp.lu\/dpinternational\/wp-json\/wp\/v2\/media\/2485"}],"wp:attachment":[{"href":"https:\/\/www.dp.lu\/dpinternational\/wp-json\/wp\/v2\/media?parent=2495"}],"wp:term":[{"taxonomy":"category","embeddable":true,"href":"https:\/\/www.dp.lu\/dpinternational\/wp-json\/wp\/v2\/categories?post=2495"},{"taxonomy":"post_tag","embeddable":true,"href":"https:\/\/www.dp.lu\/dpinternational\/wp-json\/wp\/v2\/tags?post=2495"}],"curies":[{"name":"wp","href":"https:\/\/api.w.org\/{rel}","templated":true}]}}