{"id":2501,"date":"2024-10-17T10:31:51","date_gmt":"2024-10-17T10:31:51","guid":{"rendered":"https:\/\/www.dp.lu\/dpinternational\/communique-christos-floros-zum-president-vun-der-dp-international-gewielt\/"},"modified":"2024-10-17T11:15:57","modified_gmt":"2024-10-17T11:15:57","slug":"communique-christos-floros-zum-president-vun-der-dp-international-gewielt","status":"publish","type":"post","link":"https:\/\/www.dp.lu\/dpinternational\/communique-christos-floros-zum-president-vun-der-dp-international-gewielt\/?lang=lb-lu","title":{"rendered":"Communiqu\u00e9 &#8211; Christos Floros zum President vun der DP International gewielt"},"content":{"rendered":"\n<p class=\"has-black-color has-text-color has-link-color wp-elements-8ba532021795801ac6b872372b17bb60\">De Christos Floros gouf zum neie President vun der DP International, dem Internationale Fligel vun der <a href=\"https:\/\/www.dp.lu\/\">Demokratescher Partei<\/a> gewielt.<\/p>\n\n<p class=\"has-black-color has-text-color has-link-color wp-elements-3c8347b63bb7646fdc356fa6bd7709d1\">De Christos Floros g\u00ebtt domadder zum Nofollger vum <a href=\"https:\/\/www.dp.lu\/dpinternational\/message-vum-scheedende-president\/?lang=lb-lu\">Lu\u00eds Oliveira<\/a>, dee fr\u00e4iw\u00eblleg zr\u00e9ckgetrueden ass fir dem internationale Fligel vun der Partei eng fr\u00ebsch Visioun an dynamesch Leedung z&#8217;erm\u00e9iglechen. Den neie President iwwerh\u00eblt seng Aufgabe vun November un. <\/p>\n\n<p class=\"has-black-color has-text-color has-link-color wp-elements-5acf333ca5ab2f180543c8f21bf57fca\">Hie w\u00e4ert d&#8217;Efforte fir d&#8217;Erh\u00e9ijung vun der internationaler Memberschaft vun der Partei weiderf\u00e9ieren an d&#8217;F\u00ebrderung vun inklusiven Debatten asetzen, d\u00e9i d\u00e9i villf\u00e4lteg L\u00ebtzebuerger Bev\u00eblkerung reflekt\u00e9iere sollen.<\/p>\n\n<p class=\"has-text-align-left has-black-color has-text-color has-link-color wp-elements-af32c2e28ca7643785a7011be2c1ee34\">De Christos Floros, Architekt vu Beruff, schafft am L\u00ebtzebuerger Technologiesecteur am Marketing an an der Kommunikatioun, a br\u00e9ngt vill Erfarung an Engagement a seng nei Funktioun mat. S\u00e4in Engagement fir politesch Inclusioun huet sech dorop konzentr\u00e9iert, d\u2019St\u00ebmm vun allen Awunner zu L\u00ebtzebuerg auszebauen, och ausl\u00e4nnesch Awunner an nei naturalis\u00e9ierte Bierger, andeems hie politesch Participatioun encourag\u00e9iert. Hien huet sech \u00ebnner anerem schonn am Juni 2024 als Kandidat fir d&#8217;Demokratesch Partei am Europ\u00e4esche Parlament opgestallt, duerch deen hien s\u00e4in Zill d\u2019Bedeelegung an der L\u00ebtzebuerger politescher Landschaft weider ze f\u00ebrderen, weiderentw\u00e9ckelt huet.  <\/p>\n\n<p class=\"has-black-color has-text-color has-link-color wp-elements-886f5a9413c9858269653e66a39c4a85\">An d\u00ebser F\u00e9ierungsroll iwwerh\u00eblt de Floros d\u2019Aarbecht vun der DP International weiderzef\u00e9ieren, fir datt all Awunner, onofh\u00e4ngeg vum eegenen Hannergrond, sech motiv\u00e9iert fillen sech an hire lokale Communaut\u00e9iten ze engag\u00e9ieren a fir datt d\u2019Partei och weiderhi fir d\u00e9i divers Bev\u00eblkerung vu L\u00ebtzebuerg representativ bleift.<\/p>\n\n<blockquote class=\"wp-block-quote is-layout-flow wp-block-quote-is-layout-flow\">\n<p>\u201c<em>Et ass mir eng immens grouss Freet d\u00ebs Verantwortung ze iwwerhuelen an d\u2019DP International ze f\u00e9ieren. Zesumme w\u00e4erte mir dofir suergen, datt L\u00ebtzebuerg en inklusiivt, an d\u2019Zukunft geriicht Land bleift, wou jidderee sech doheem fillt a motiv\u00e9iert ass d\u2019Land matzegestalten. Ech soen dem Luis Merci fir s\u00e4in Engagement an deene leschte 5 Joer fir d\u00ebsen onheemlech wichtege Grupp vun eiser grousser, inklusiven, demokratescher Partei a fir d&#8217;Vertrauen, d\u00e9i d&#8217;Partei mir ginn huet, fir d\u00ebs Aarbecht weiderzef\u00e9ieren. Meng \u00e9ischt Aufgab w\u00e4ert et sinn eng flott Ekipp ronder\u00ebm mech ze opzebauen, fir d\u00ebs Missioun ze erreechen.   <\/em>\u201d<\/p>\n\n\n\n<p class=\"has-text-align-right\">&#8211; Christos Floros, neie President vun der DP International.<\/p>\n<\/blockquote>\n\n<div style=\"height:20px\" aria-hidden=\"true\" class=\"wp-block-spacer\"><\/div>\n\n<blockquote class=\"wp-block-quote is-layout-flow wp-block-quote-is-layout-flow\">\n<p>\u201c<em>Ech si menge Kolleegen aus dem Comit\u00e9 vun der DP International an der Parteileedung immens dankbar, datt si meng Propos akzept\u00e9iert hunn, de Christos Floros als m\u00e4in Nofollger ze best\u00e4tegen.<br\/>Mat him, dem bestee\u00ebnde Comit\u00e9, neie Comit\u00e9smember an \u00e4rer \u00cbnnerst\u00ebtzung, w\u00e4ert eise Grupp sech weiderhin dynamesch entw\u00e9ckelen a sech op d\u2019Erausfuerderunge vun den n\u00e4chste Jore virbereede k\u00ebnnen. <\/em>\u201d<\/p>\n\n\n\n<p class=\"has-text-align-right\">&#8211; Lu\u00eds Oliveira, scheedende President vun der DP International.<\/p>\n<\/blockquote>\n\n<div style=\"height:30px\" aria-hidden=\"true\" class=\"wp-block-spacer\"><\/div>\n\n<h3 class=\"wp-block-heading\"><strong>Zuk\u00fcnftegt Pl\u00e4ng<\/strong><\/h3>\n\n<p class=\"has-black-color has-text-color has-link-color wp-elements-8d5be15f2a80a84381664bf05b78b940\">\u00cbnnert der Leedung vum Christos Floros w\u00e4ert d\u2019DP International sech drop konzentr\u00e9ieren, allen Awunner weider aktiv mat der Partei a Verbindung ze setzen, sou datt eis lokal Sektiounen d\u00e9i richteg Diversit\u00e9it vu L\u00ebtzebuerg reflekt\u00e9ieren. Duerch d\u2019Fokuss\u00e9ieren op d\u2019Inklusioun an d\u2019Participatioun w\u00e4ert d\u2019DP International hir Missioun weiderf\u00e9ieren, L\u00ebtzebuerg zu enger Plaz ze maachen, wou jidderee eppes b\u00e4idroen a sech vertruede fille kann. <\/p>\n\n<div style=\"height:30px\" aria-hidden=\"true\" class=\"wp-block-spacer\"><\/div>\n\n<h3 class=\"wp-block-heading\"><strong>Kontaktinformatiounen<\/strong><\/h3>\n\n<p class=\"has-black-color has-text-color has-link-color wp-elements-a6017e7a67d500b3738e02efeeaca485\">Interess\u00e9iert Persounen a Medievertrieder k\u00ebnne sech mat der DP International iwwer den offiziellen Internetsite vun der Demokratescher Partei: <a href=\"http:\/\/www.dp.lu\/\">dp.lu<\/a> an\/oder per E-Mail: <a href=\"mailto:international@dp.lu\">international@dp.lu<\/a> a Kontakt trieden. W\u00e9inst engem scho viru M\u00e9int geplangte Programm un deem den H\u00e4r Floros deelh\u00eblt, w\u00e4ert hien er\u00e9ischt nom 4. November fir Interviewen disponibel sinn. <\/p>\n\n<div style=\"height:30px\" aria-hidden=\"true\" class=\"wp-block-spacer\"><\/div>\n\n<h3 class=\"wp-block-heading\"><strong>DP International<\/strong><\/h3>\n\n<p class=\"has-black-color has-text-color has-link-color wp-elements-afc016cbecf56323abdae178bc182acc\">D\u2019DP International ass den internationale Flillek vun der L\u00ebtzebuerger Demokratescher Partei. Si erm\u00e9iglecht hire Memberen, ausl\u00e4nnesch an nei naturalis\u00e9ierten Awunner a L\u00ebtzebuerger Bierger, u politeschen Diskussiounen deelzehuelen, an engem multikulturellen a m\u00e9isproochegen \u00cbmfeld. De Grupp engag\u00e9iert sech dofir, datt all Awunner eng St\u00ebmm huet an der Gestaltung vun der Zukunft vun eisem Land. D&#8217;Memberschaft bei eis ass duerch eng Memberschaft bei der DP &#8211; Demokratesch Partei m\u00e9iglech, esoudatt all d\u2019Parteimemberen un eisen Aktivit\u00e9iten deelhuele k\u00ebnnen.   <\/p>\n","protected":false},"excerpt":{"rendered":"<p>De Christos Floros gouf zum neie President vun der DP International, dem Internationale Fligel vun der Demokratescher Partei gewielt.<\/p>\n","protected":false},"author":42,"featured_media":2486,"comment_status":"closed","ping_status":"closed","sticky":false,"template":"","format":"standard","meta":{"footnotes":""},"categories":[32],"tags":[],"class_list":["post-2501","post","type-post","status-publish","format-standard","has-post-thumbnail","hentry","category-news","wpbf-post"],"_links":{"self":[{"href":"https:\/\/www.dp.lu\/dpinternational\/wp-json\/wp\/v2\/posts\/2501","targetHints":{"allow":["GET"]}}],"collection":[{"href":"https:\/\/www.dp.lu\/dpinternational\/wp-json\/wp\/v2\/posts"}],"about":[{"href":"https:\/\/www.dp.lu\/dpinternational\/wp-json\/wp\/v2\/types\/post"}],"author":[{"embeddable":true,"href":"https:\/\/www.dp.lu\/dpinternational\/wp-json\/wp\/v2\/users\/42"}],"replies":[{"embeddable":true,"href":"https:\/\/www.dp.lu\/dpinternational\/wp-json\/wp\/v2\/comments?post=2501"}],"version-history":[{"count":1,"href":"https:\/\/www.dp.lu\/dpinternational\/wp-json\/wp\/v2\/posts\/2501\/revisions"}],"predecessor-version":[{"id":2502,"href":"https:\/\/www.dp.lu\/dpinternational\/wp-json\/wp\/v2\/posts\/2501\/revisions\/2502"}],"wp:featuredmedia":[{"embeddable":true,"href":"https:\/\/www.dp.lu\/dpinternational\/wp-json\/wp\/v2\/media\/2486"}],"wp:attachment":[{"href":"https:\/\/www.dp.lu\/dpinternational\/wp-json\/wp\/v2\/media?parent=2501"}],"wp:term":[{"taxonomy":"category","embeddable":true,"href":"https:\/\/www.dp.lu\/dpinternational\/wp-json\/wp\/v2\/categories?post=2501"},{"taxonomy":"post_tag","embeddable":true,"href":"https:\/\/www.dp.lu\/dpinternational\/wp-json\/wp\/v2\/tags?post=2501"}],"curies":[{"name":"wp","href":"https:\/\/api.w.org\/{rel}","templated":true}]}}