{"id":2922,"date":"2025-06-18T22:09:56","date_gmt":"2025-06-18T22:09:56","guid":{"rendered":"https:\/\/www.dp.lu\/dpinternational\/defis-emergents-en-matiere-de-defense-dp-international-rencontre-gusty-graas\/"},"modified":"2025-06-18T22:42:24","modified_gmt":"2025-06-18T22:42:24","slug":"defis-emergents-en-matiere-de-defense-dp-international-rencontre-gusty-graas","status":"publish","type":"post","link":"https:\/\/www.dp.lu\/dpinternational\/defis-emergents-en-matiere-de-defense-dp-international-rencontre-gusty-graas\/?lang=fr","title":{"rendered":"D\u00e9fis \u00c9mergents en Mati\u00e8re de D\u00e9fense : DP International rencontre Gusty Graas"},"content":{"rendered":"\n<p class=\"has-link-color wp-elements-6cd413d2fea2beda80a8060aedfa7b42\">La politique de d\u00e9fense du Luxembourg et de l\u2019Europe entre dans une nouvelle phase face \u00e0 l\u2019\u00e9volution des r\u00e9alit\u00e9s g\u00e9opolitiques. Les conflits en cours ont mis en \u00e9vidence la n\u00e9cessit\u00e9 d\u2019une s\u00e9curit\u00e9 collective renforc\u00e9e. Le gouvernement luxembourgeois a r\u00e9agi avec des engagements renouvel\u00e9s : des investissements accrus et une position claire pour pr\u00e9server la paix par la dissuasion.  <\/p>\n\n<p>Dans ce contexte, et \u00e0 l\u2019approche du sommet crucial de l\u2019OTAN pr\u00e9vu pour la fin du mois, <strong>DP International a organis\u00e9 un \u00e9change ouvert sur la d\u00e9fense et la politique \u00e9trang\u00e8re avec le d\u00e9put\u00e9 Gusty Graas.<\/strong>  <br\/><br\/><\/p>\n\n<h2 class=\"wp-block-heading\">Rencontre avec Gusty Graas<\/h2>\n\n<div class=\"wp-block-columns is-layout-flex wp-container-core-columns-is-layout-28f84493 wp-block-columns-is-layout-flex\">\n<div class=\"wp-block-column is-layout-flow wp-block-column-is-layout-flow\" style=\"flex-basis:85%\">\n<p><br\/><strong>D\u00e9put\u00e9 chevronn\u00e9, Gusty Graas joue un r\u00f4le cl\u00e9 dans l\u2019orientation de la politique \u00e9trang\u00e8re et de s\u00e9curit\u00e9 du Luxembourg.<\/strong><\/p>\n\n\n\n<p>Il est pr\u00e9sident de la commission des Affaires \u00e9trang\u00e8res et europ\u00e9ennes, du Commerce ext\u00e9rieur et de la Grande R\u00e9gion, et pr\u00e9side \u00e9galement la sous-commission des Affaires europ\u00e9ennes. Il repr\u00e9sente aussi le Luxembourg \u00e0 l\u2019international, notamment en tant que vice-pr\u00e9sident de la d\u00e9l\u00e9gation luxembourgeoise \u00e0 l\u2019Assembl\u00e9e parlementaire de l\u2019OTAN. <\/p>\n<\/div>\n\n\n\n<div class=\"wp-block-column is-layout-flow wp-block-column-is-layout-flow\"><\/div>\n\n\n\n<div class=\"wp-block-column is-layout-flow wp-block-column-is-layout-flow\" style=\"flex-basis:20%\">\n<figure class=\"wp-block-image alignwide size-full\"><img fetchpriority=\"high\" decoding=\"async\" width=\"1080\" height=\"1483\" src=\"https:\/\/www.dp.lu\/dpinternational\/wp-content\/uploads\/sites\/4\/2025\/06\/WhatsApp-Image-2025-06-13-at-09.31.49.jpeg\" alt=\"\" class=\"wp-image-2893\" srcset=\"https:\/\/www.dp.lu\/dpinternational\/wp-content\/uploads\/sites\/4\/2025\/06\/WhatsApp-Image-2025-06-13-at-09.31.49.jpeg 1080w, https:\/\/www.dp.lu\/dpinternational\/wp-content\/uploads\/sites\/4\/2025\/06\/WhatsApp-Image-2025-06-13-at-09.31.49-218x300.jpeg 218w, https:\/\/www.dp.lu\/dpinternational\/wp-content\/uploads\/sites\/4\/2025\/06\/WhatsApp-Image-2025-06-13-at-09.31.49-746x1024.jpeg 746w, https:\/\/www.dp.lu\/dpinternational\/wp-content\/uploads\/sites\/4\/2025\/06\/WhatsApp-Image-2025-06-13-at-09.31.49-768x1055.jpeg 768w\" sizes=\"(max-width: 1080px) 100vw, 1080px\" \/><\/figure>\n<\/div>\n<\/div>\n\n<h2 class=\"wp-block-heading\">Dialogue Ouvert sur la S\u00e9curit\u00e9<\/h2>\n\n<p>La rencontre a permis aux membres de DP International d\u2019\u00e9changer librement leurs points de vue dans un cadre participatif. M. Graas a soulign\u00e9 l\u2019importance de DP International et a partag\u00e9 des mises \u00e0 jour approfondies sur la position de d\u00e9fense du Luxembourg et ses orientations sur les grandes questions internationales : <\/p>\n\n<ul class=\"wp-block-list\">\n<li><strong>Engagements du Luxembourg en mati\u00e8re de d\u00e9fense<\/strong> \u2013 Le Luxembourg renforce sa contribution \u00e0 la d\u00e9fense europ\u00e9enne et s\u2019engage \u00e0 atteindre les 2 % d\u2019ici la fin de l\u2019ann\u00e9e.<\/li>\n\n\n\n<li><strong>Guerre en Europe<\/strong> \u2013 M. Graas a r\u00e9affirm\u00e9 le soutien ind\u00e9fectible du Luxembourg \u00e0 la souverainet\u00e9 et au droit \u00e0 l\u2019autod\u00e9termination de l\u2019Ukraine.<\/li>\n\n\n\n<li><strong>Guerre au Moyen-Orient<\/strong> \u2013 La discussion a \u00e9galement abord\u00e9 le conflit isra\u00e9lo-palestinien et l\u2019engagement du Luxembourg en faveur de la paix et d\u2019une solution \u00e0 deux \u00c9tats.<\/li>\n<\/ul>\n\n<p>Nos membres ont enrichi la discussion par leurs perspectives personnelles et une participation active tout au long de la r\u00e9union.<br\/><\/p>\n\n<h2 class=\"wp-block-heading\">Rejoignez la Conversation <\/h2>\n\n<p>Dans un monde interconnect\u00e9, les \u00e9v\u00e9nements mondiaux ont un impact croissant sur le Luxembourg \u2013 et votre voix compte.<\/p>\n\n<p><strong>Nous vous encourageons \u00e0 <\/strong><a href=\"https:\/\/forms.gle\/gfxvwjdMoZjjNrf28\"><strong>nous rejoindre<\/strong><\/a> \u2013 <strong>en adh\u00e9rant \u00e0 DP International, vous pouvez participer \u00e0 des discussions comme celle-ci et dialoguer directement avec les d\u00e9cideurs politiques.<\/strong> Qu\u2019il s\u2019agisse de d\u00e9bats sur la d\u00e9fense, d\u2019ateliers politiques ou d\u2019\u00e9v\u00e9nements sociaux, DP International offre une plateforme ouverte pour faire entendre votre voix.<\/p>\n","protected":false},"excerpt":{"rendered":"<p>DP International a organis\u00e9 un \u00e9change ouvert sur la d\u00e9fense et la politique \u00e9trang\u00e8re avec le d\u00e9put\u00e9 Gusty Graas.<\/p>\n","protected":false},"author":1001,"featured_media":2904,"comment_status":"closed","ping_status":"closed","sticky":false,"template":"","format":"standard","meta":{"footnotes":""},"categories":[34],"tags":[],"class_list":["post-2922","post","type-post","status-publish","format-standard","has-post-thumbnail","hentry","category-news-fr","wpbf-post"],"_links":{"self":[{"href":"https:\/\/www.dp.lu\/dpinternational\/wp-json\/wp\/v2\/posts\/2922","targetHints":{"allow":["GET"]}}],"collection":[{"href":"https:\/\/www.dp.lu\/dpinternational\/wp-json\/wp\/v2\/posts"}],"about":[{"href":"https:\/\/www.dp.lu\/dpinternational\/wp-json\/wp\/v2\/types\/post"}],"author":[{"embeddable":true,"href":"https:\/\/www.dp.lu\/dpinternational\/wp-json\/wp\/v2\/users\/1001"}],"replies":[{"embeddable":true,"href":"https:\/\/www.dp.lu\/dpinternational\/wp-json\/wp\/v2\/comments?post=2922"}],"version-history":[{"count":1,"href":"https:\/\/www.dp.lu\/dpinternational\/wp-json\/wp\/v2\/posts\/2922\/revisions"}],"predecessor-version":[{"id":2923,"href":"https:\/\/www.dp.lu\/dpinternational\/wp-json\/wp\/v2\/posts\/2922\/revisions\/2923"}],"wp:featuredmedia":[{"embeddable":true,"href":"https:\/\/www.dp.lu\/dpinternational\/wp-json\/wp\/v2\/media\/2904"}],"wp:attachment":[{"href":"https:\/\/www.dp.lu\/dpinternational\/wp-json\/wp\/v2\/media?parent=2922"}],"wp:term":[{"taxonomy":"category","embeddable":true,"href":"https:\/\/www.dp.lu\/dpinternational\/wp-json\/wp\/v2\/categories?post=2922"},{"taxonomy":"post_tag","embeddable":true,"href":"https:\/\/www.dp.lu\/dpinternational\/wp-json\/wp\/v2\/tags?post=2922"}],"curies":[{"name":"wp","href":"https:\/\/api.w.org\/{rel}","templated":true}]}}