{"id":2928,"date":"2025-06-18T22:09:56","date_gmt":"2025-06-18T22:09:56","guid":{"rendered":"https:\/\/www.dp.lu\/dpinternational\/herausforderungen-der-verteidigung-dp-international-trifft-gusty-graas\/"},"modified":"2025-06-20T19:25:37","modified_gmt":"2025-06-20T19:25:37","slug":"herausforderungen-der-verteidigung-dp-international-trifft-gusty-graas","status":"publish","type":"post","link":"https:\/\/www.dp.lu\/dpinternational\/herausforderungen-der-verteidigung-dp-international-trifft-gusty-graas\/?lang=de","title":{"rendered":"Herausforderungen der Verteidigung: DP International trifft Gusty Graas"},"content":{"rendered":"\n<p class=\"has-link-color wp-elements-8b2d268556427c3fcdabf7f8cdb7ef14\">Die Verteidigungspolitik Luxemburgs und Europas tritt in eine neue Phase ein, angesichts sich wandelnder geopolitischer Realit\u00e4ten. Anhaltende Konflikte unterstreichen die Notwendigkeit st\u00e4rkerer kollektiver Sicherheit. Die luxemburgische Regierung hat mit erneuerten Verpflichtungen reagiert: erh\u00f6hte Investitionen und ein klares Bekenntnis zum Frieden durch Abschreckung.  <\/p>\n\n<p>Vor diesem Hintergrund und im Vorfeld des wichtigen NATO-Gipfels sp\u00e4ter in diesem Monat <strong>organisierte DP International einen offenen Austausch \u00fcber Verteidigungs- und Au\u00dfenpolitik mit dem Abgeordneten Gusty Graas.<\/strong>  <br\/><br\/><\/p>\n\n<h2 class=\"wp-block-heading\">Lernen Sie Gusty Graas kennen<\/h2>\n\n<div class=\"wp-block-columns is-layout-flex wp-container-core-columns-is-layout-28f84493 wp-block-columns-is-layout-flex\">\n<div class=\"wp-block-column is-layout-flow wp-block-column-is-layout-flow\" style=\"flex-basis:85%\">\n<p><br\/><strong>Gusty Graas ist ein erfahrener Abgeordneter, der eine Schl\u00fcsselrolle in der Gestaltung der Au\u00dfen- und Sicherheitspolitik Luxemburgs spielt.<\/strong><\/p>\n\n\n\n<p>Er ist Vorsitzender des Ausschusses f\u00fcr ausw\u00e4rtige und europ\u00e4ische Angelegenheiten, Au\u00dfenhandel und die Gro\u00dfregion sowie Vorsitzender des Unterausschusses f\u00fcr europ\u00e4ische Angelegenheiten. International vertritt er Luxemburg unter anderem als Vizepr\u00e4sident der luxemburgischen Delegation in der Parlamentarischen Versammlung der NATO. <\/p>\n<\/div>\n\n\n\n<div class=\"wp-block-column is-layout-flow wp-block-column-is-layout-flow\"><\/div>\n\n\n\n<div class=\"wp-block-column is-layout-flow wp-block-column-is-layout-flow\" style=\"flex-basis:20%\">\n<figure class=\"wp-block-image alignwide size-full\"><img fetchpriority=\"high\" decoding=\"async\" width=\"1080\" height=\"1483\" src=\"https:\/\/www.dp.lu\/dpinternational\/wp-content\/uploads\/sites\/4\/2025\/06\/WhatsApp-Image-2025-06-13-at-09.31.49.jpeg\" alt=\"\" class=\"wp-image-2893\" srcset=\"https:\/\/www.dp.lu\/dpinternational\/wp-content\/uploads\/sites\/4\/2025\/06\/WhatsApp-Image-2025-06-13-at-09.31.49.jpeg 1080w, https:\/\/www.dp.lu\/dpinternational\/wp-content\/uploads\/sites\/4\/2025\/06\/WhatsApp-Image-2025-06-13-at-09.31.49-218x300.jpeg 218w, https:\/\/www.dp.lu\/dpinternational\/wp-content\/uploads\/sites\/4\/2025\/06\/WhatsApp-Image-2025-06-13-at-09.31.49-746x1024.jpeg 746w, https:\/\/www.dp.lu\/dpinternational\/wp-content\/uploads\/sites\/4\/2025\/06\/WhatsApp-Image-2025-06-13-at-09.31.49-768x1055.jpeg 768w\" sizes=\"(max-width: 1080px) 100vw, 1080px\" \/><\/figure>\n<\/div>\n<\/div>\n\n<h2 class=\"wp-block-heading\">Offener Dialog zur Sicherheit<\/h2>\n\n<p>Das Treffen bot den Mitgliedern von DP International die Gelegenheit, sich offen auszutauschen. Herr Graas betonte den Wert von DP International und informierte umfassend \u00fcber die Verteidigungspolitik Luxemburgs und deren internationale Positionierung: <\/p>\n\n<ul class=\"wp-block-list\">\n<li><strong>Luxemburgs Verteidigungsverpflichtungen<\/strong> \u2013 Das Land verst\u00e4rkt seinen Beitrag zur europ\u00e4ischen Verteidigung und plant, die 2 %-Zielvorgabe bis Jahresende zu erf\u00fcllen.<\/li>\n\n\n\n<li><strong>Krieg in Europa <\/strong>\u2013 Herr Graas bekr\u00e4ftigte die unersch\u00fctterliche Unterst\u00fctzung Luxemburgs f\u00fcr die Souver\u00e4nit\u00e4t und Selbstbestimmung der Ukraine.<\/li>\n\n\n\n<li><strong>Konflikt im Nahen Osten <\/strong>\u2013 Auch der israelisch-pal\u00e4stinensische Konflikt wurde thematisiert. Luxemburg setzt sich f\u00fcr Frieden und eine Zwei-Staaten-L\u00f6sung ein.<\/li>\n<\/ul>\n\n<p>Unsere Mitglieder brachten pers\u00f6nliche Perspektiven ein und beteiligten sich engagiert an der Diskussion.<br\/><\/p>\n\n<h2 class=\"wp-block-heading\">Beteiligen Sie sich am Gespr\u00e4ch <\/h2>\n\n<p>In einer zunehmend vernetzten Welt beeinflussen globale Entwicklungen Luxemburg mehr denn je \u2013 Ihre Stimme z\u00e4hlt.<\/p>\n\n<p><strong>Wir laden Sie ein, <\/strong><a href=\"https:\/\/forms.gle\/gfxvwjdMoZjjNrf28\"><strong>sich uns anzuschlie\u00dfen<\/strong><\/a> \u2013 <strong>bei DP International k\u00f6nnen Sie an Diskussionen wie dieser teilnehmen und sich direkt mit Entscheidungstr\u00e4gern austauschen<\/strong>. Ob Verteidigungsdebatten, politische Workshops oder gesellschaftliche Veranstaltungen \u2013 DP International bietet eine offene Plattform, auf der Ihre Stimme Geh\u00f6r findet.<\/p>\n","protected":false},"excerpt":{"rendered":"<p>DP International veranstaltete einen offenen Austausch \u00fcber Verteidigung und Au\u00dfenpolitik mit dem Abgeordneten Gusty Graas.<\/p>\n","protected":false},"author":1001,"featured_media":2905,"comment_status":"closed","ping_status":"closed","sticky":false,"template":"","format":"standard","meta":{"footnotes":""},"categories":[35],"tags":[],"class_list":["post-2928","post","type-post","status-publish","format-standard","has-post-thumbnail","hentry","category-news-de","wpbf-post"],"_links":{"self":[{"href":"https:\/\/www.dp.lu\/dpinternational\/wp-json\/wp\/v2\/posts\/2928","targetHints":{"allow":["GET"]}}],"collection":[{"href":"https:\/\/www.dp.lu\/dpinternational\/wp-json\/wp\/v2\/posts"}],"about":[{"href":"https:\/\/www.dp.lu\/dpinternational\/wp-json\/wp\/v2\/types\/post"}],"author":[{"embeddable":true,"href":"https:\/\/www.dp.lu\/dpinternational\/wp-json\/wp\/v2\/users\/1001"}],"replies":[{"embeddable":true,"href":"https:\/\/www.dp.lu\/dpinternational\/wp-json\/wp\/v2\/comments?post=2928"}],"version-history":[{"count":1,"href":"https:\/\/www.dp.lu\/dpinternational\/wp-json\/wp\/v2\/posts\/2928\/revisions"}],"predecessor-version":[{"id":2929,"href":"https:\/\/www.dp.lu\/dpinternational\/wp-json\/wp\/v2\/posts\/2928\/revisions\/2929"}],"wp:featuredmedia":[{"embeddable":true,"href":"https:\/\/www.dp.lu\/dpinternational\/wp-json\/wp\/v2\/media\/2905"}],"wp:attachment":[{"href":"https:\/\/www.dp.lu\/dpinternational\/wp-json\/wp\/v2\/media?parent=2928"}],"wp:term":[{"taxonomy":"category","embeddable":true,"href":"https:\/\/www.dp.lu\/dpinternational\/wp-json\/wp\/v2\/categories?post=2928"},{"taxonomy":"post_tag","embeddable":true,"href":"https:\/\/www.dp.lu\/dpinternational\/wp-json\/wp\/v2\/tags?post=2928"}],"curies":[{"name":"wp","href":"https:\/\/api.w.org\/{rel}","templated":true}]}}