{"id":3214,"date":"2025-07-15T20:48:13","date_gmt":"2025-07-15T20:48:13","guid":{"rendered":"https:\/\/www.dp.lu\/dpinternational\/une-energie-propre-a-impact-local-a-la-decouverte-de-solarcells\/"},"modified":"2025-07-16T19:16:31","modified_gmt":"2025-07-16T19:16:31","slug":"une-energie-propre-a-impact-local-a-la-decouverte-de-solarcells","status":"publish","type":"post","link":"https:\/\/www.dp.lu\/dpinternational\/une-energie-propre-a-impact-local-a-la-decouverte-de-solarcells\/?lang=fr","title":{"rendered":"Une \u00e9nergie propre \u00e0 impact local : \u00e0 la d\u00e9couverte de SolarCells"},"content":{"rendered":"\n<p>Le Gouvernement luxembourgeois a fait de l\u2019acc\u00e9l\u00e9ration des \u00e9nergies renouvelables une priorit\u00e9 de son agenda climatique et \u00e9nerg\u00e9tique, en mettant particuli\u00e8rement l\u2019accent sur le d\u00e9veloppement du solaire. Dans cette optique, <strong>des membres de DP International ont r\u00e9cemment particip\u00e9 \u00e0 une visite de site chez SolarCells Luxembourg, une entreprise locale sp\u00e9cialis\u00e9e dans la production de panneaux photovolta\u00efques.<\/strong> Cette visite faisait partie d&#8217;une initiative conjointe men\u00e9e par le Comit\u00e9 Zentrum, les Jonk Demokraten Stad, DP Stad et le FCCD. <\/p>\n\n<h2 class=\"wp-block-heading\">Explorer des solutions locales pour la transition \u00e9nerg\u00e9tique<\/h2>\n\n<p>La visite comprenait une visite guid\u00e9e des installations de SolarCells, offrant un aper\u00e7u des aspects techniques et structurels de la production locale de panneaux solaires. <strong>Une attention particuli\u00e8re a \u00e9t\u00e9 port\u00e9e aux proc\u00e9d\u00e9s qui distinguent les panneaux photovolta\u00efques luxembourgeois des alternatives internationales \u00e0 bas co\u00fbt, notamment en ce qui concerne les normes de production, les mat\u00e9riaux et le contr\u00f4le qualit\u00e9.<\/strong><\/p>\n\n<p>Parmi les mesures pr\u00e9sent\u00e9es pour assurer durabilit\u00e9 et performance figuraient l\u2019utilisation de verre tremp\u00e9 pour une protection contre la gr\u00eale ou les temp\u00eates, ainsi que le test syst\u00e9matique de chaque panneau afin de garantir une production \u00e9nerg\u00e9tique homog\u00e8ne et une fiabilit\u00e9 \u00e0 long terme.<\/p>\n\n<p>La visite a \u00e9galement permis une r\u00e9flexion sur la mani\u00e8re dont l\u2019Union europ\u00e9enne pourrait jouer un r\u00f4le accru dans le soutien \u00e0 la production et \u00e0 l\u2019utilisation de panneaux solaires fabriqu\u00e9s en Europe.<\/p>\n\n<h2 class=\"wp-block-heading\">S&#8217;engager<\/h2>\n\n<p>Des initiatives comme celle-ci contribuent \u00e0 mieux comprendre les d\u00e9fis et les opportunit\u00e9s li\u00e9s \u00e0 la transition \u00e9nerg\u00e9tique du Luxembourg. Si vous souhaitez faire le lien entre la politique et les solutions concr\u00e8tes, nous vous invitons \u00e0 <a href=\"https:\/\/forms.gle\/gfxvwjdMoZjjNrf28\">nous rejoindre<\/a> et \u00e0 faire entendre votre voix. <\/p>\n","protected":false},"excerpt":{"rendered":"<p>Comment les panneaux solaires fabriqu\u00e9s localement offrent des aper\u00e7us sur la qualit\u00e9, la fiabilit\u00e9 et l&#8217;avenir de la politique \u00e9nerg\u00e9tique europ\u00e9enne.<\/p>\n","protected":false},"author":1001,"featured_media":3201,"comment_status":"closed","ping_status":"closed","sticky":false,"template":"","format":"standard","meta":{"footnotes":""},"categories":[65],"tags":[],"class_list":["post-3214","post","type-post","status-publish","format-standard","has-post-thumbnail","hentry","category-visite-fr","wpbf-post"],"_links":{"self":[{"href":"https:\/\/www.dp.lu\/dpinternational\/wp-json\/wp\/v2\/posts\/3214","targetHints":{"allow":["GET"]}}],"collection":[{"href":"https:\/\/www.dp.lu\/dpinternational\/wp-json\/wp\/v2\/posts"}],"about":[{"href":"https:\/\/www.dp.lu\/dpinternational\/wp-json\/wp\/v2\/types\/post"}],"author":[{"embeddable":true,"href":"https:\/\/www.dp.lu\/dpinternational\/wp-json\/wp\/v2\/users\/1001"}],"replies":[{"embeddable":true,"href":"https:\/\/www.dp.lu\/dpinternational\/wp-json\/wp\/v2\/comments?post=3214"}],"version-history":[{"count":1,"href":"https:\/\/www.dp.lu\/dpinternational\/wp-json\/wp\/v2\/posts\/3214\/revisions"}],"predecessor-version":[{"id":3215,"href":"https:\/\/www.dp.lu\/dpinternational\/wp-json\/wp\/v2\/posts\/3214\/revisions\/3215"}],"wp:featuredmedia":[{"embeddable":true,"href":"https:\/\/www.dp.lu\/dpinternational\/wp-json\/wp\/v2\/media\/3201"}],"wp:attachment":[{"href":"https:\/\/www.dp.lu\/dpinternational\/wp-json\/wp\/v2\/media?parent=3214"}],"wp:term":[{"taxonomy":"category","embeddable":true,"href":"https:\/\/www.dp.lu\/dpinternational\/wp-json\/wp\/v2\/categories?post=3214"},{"taxonomy":"post_tag","embeddable":true,"href":"https:\/\/www.dp.lu\/dpinternational\/wp-json\/wp\/v2\/tags?post=3214"}],"curies":[{"name":"wp","href":"https:\/\/api.w.org\/{rel}","templated":true}]}}