{"id":3220,"date":"2025-07-15T20:48:13","date_gmt":"2025-07-15T20:48:13","guid":{"rendered":"https:\/\/www.dp.lu\/dpinternational\/?p=3220"},"modified":"2025-07-16T19:35:42","modified_gmt":"2025-07-16T19:35:42","slug":"saubere-energie-mit-lokalem-mehrwert-zu-besuch-bei-solarcells","status":"publish","type":"post","link":"https:\/\/www.dp.lu\/dpinternational\/saubere-energie-mit-lokalem-mehrwert-zu-besuch-bei-solarcells\/?lang=de","title":{"rendered":"Saubere Energie mit lokalem Mehrwert: zu Besuch bei SolarCells"},"content":{"rendered":"\n<p>Die luxemburgische Regierung hat die Beschleunigung erneuerbarer Energien in den Mittelpunkt ihrer Klima- und Energiepolitik gestellt, mit besonderem Fokus auf die Entwicklung der Solarenergie. In diesem Sinne\u00a0<strong>nahmen Mitglieder von DP International k\u00fcrzlich an einem Besuch bei SolarCells Luxembourg teil \u2013 einem lokalen Unternehmen, das Photovoltaikmodule herstellt<\/strong>. Der Besuch war Teil einer gemeinsamen Initiative von Comit\u00e9 Zentrum, Jonk Demokraten Stad, DP Stad und FCCD.<\/p>\n\n\n\n<h3 class=\"wp-block-heading\">Lokale L\u00f6sungen f\u00fcr die Energiewende entdecken<\/h3>\n\n\n\n<p>Der Besuch beinhaltete eine F\u00fchrung durch die Produktionsst\u00e4tte von SolarCells, mit Einblicken in technische und strukturelle Aspekte der lokalen Solarproduktion.&nbsp;<strong>Besonders hervorgehoben wurden Prozesse, die luxemburgische Photovoltaikmodule von kosteng\u00fcnstigeren internationalen Alternativen unterscheiden \u2013 darunter Produktionsstandards, Materialien und Qualit\u00e4tssicherung.<\/strong><\/p>\n\n\n\n<p>Zu den vorgestellten Ma\u00dfnahmen zur Sicherung von Langlebigkeit und Effizienz geh\u00f6rten unter anderem geh\u00e4rtetes Glas als Schutz vor Hagel oder Sturm sowie systematische Tests jedes Moduls zur Sicherstellung einer gleichm\u00e4\u00dfigen Energieerzeugung.<\/p>\n\n\n\n<p>Die Diskussion w\u00e4hrend der Visite bot zudem die M\u00f6glichkeit zur Reflexion dar\u00fcber,\u00a0wie die Europ\u00e4ische Union eine st\u00e4rkere Rolle bei der Unterst\u00fctzung von Produktion und Nutzung europ\u00e4ischer Solarmodule \u00fcbernehmen k\u00f6nnte.<\/p>\n\n\n\n<h3 class=\"wp-block-heading\">Engagieren Sie sich<\/h3>\n\n\n\n<p>Solche Initiativen tragen dazu bei, die Herausforderungen und Chancen der Energiewende in Luxemburg besser zu verstehen. Wenn Sie politische Arbeit mit praxisnahen L\u00f6sungen verbinden m\u00f6chten,\u00a0<strong><a href=\"https:\/\/forms.gle\/gfxvwjdMoZjjNrf28\" data-type=\"link\" data-id=\"https:\/\/forms.gle\/gfxvwjdMoZjjNrf28\">werden Sie Teil unserer Gemeinschaft<\/a><\/strong>\u00a0und bringen Sie sich ein.<\/p>\n\n\n\n<p><\/p>\n","protected":false},"excerpt":{"rendered":"<p>Ein Blick hinter die Kulissen der Solarproduktion in Luxemburg \u2013 mit politischen und industriellen Impulsen.<\/p>\n","protected":false},"author":1001,"featured_media":3202,"comment_status":"closed","ping_status":"closed","sticky":false,"template":"","format":"standard","meta":{"footnotes":""},"categories":[70],"tags":[],"class_list":["post-3220","post","type-post","status-publish","format-standard","has-post-thumbnail","hentry","category-besichtigung-de","wpbf-post"],"_links":{"self":[{"href":"https:\/\/www.dp.lu\/dpinternational\/wp-json\/wp\/v2\/posts\/3220","targetHints":{"allow":["GET"]}}],"collection":[{"href":"https:\/\/www.dp.lu\/dpinternational\/wp-json\/wp\/v2\/posts"}],"about":[{"href":"https:\/\/www.dp.lu\/dpinternational\/wp-json\/wp\/v2\/types\/post"}],"author":[{"embeddable":true,"href":"https:\/\/www.dp.lu\/dpinternational\/wp-json\/wp\/v2\/users\/1001"}],"replies":[{"embeddable":true,"href":"https:\/\/www.dp.lu\/dpinternational\/wp-json\/wp\/v2\/comments?post=3220"}],"version-history":[{"count":1,"href":"https:\/\/www.dp.lu\/dpinternational\/wp-json\/wp\/v2\/posts\/3220\/revisions"}],"predecessor-version":[{"id":3221,"href":"https:\/\/www.dp.lu\/dpinternational\/wp-json\/wp\/v2\/posts\/3220\/revisions\/3221"}],"wp:featuredmedia":[{"embeddable":true,"href":"https:\/\/www.dp.lu\/dpinternational\/wp-json\/wp\/v2\/media\/3202"}],"wp:attachment":[{"href":"https:\/\/www.dp.lu\/dpinternational\/wp-json\/wp\/v2\/media?parent=3220"}],"wp:term":[{"taxonomy":"category","embeddable":true,"href":"https:\/\/www.dp.lu\/dpinternational\/wp-json\/wp\/v2\/categories?post=3220"},{"taxonomy":"post_tag","embeddable":true,"href":"https:\/\/www.dp.lu\/dpinternational\/wp-json\/wp\/v2\/tags?post=3220"}],"curies":[{"name":"wp","href":"https:\/\/api.w.org\/{rel}","templated":true}]}}