{"id":3235,"date":"2025-07-25T21:07:16","date_gmt":"2025-07-25T21:07:16","guid":{"rendered":"https:\/\/www.dp.lu\/dpinternational\/?p=3235"},"modified":"2025-07-26T07:02:54","modified_gmt":"2025-07-26T07:02:54","slug":"juventude-e-politica-como-maximilian-de-pauw-gerlings-impulsiona-o-dp-international","status":"publish","type":"post","link":"https:\/\/www.dp.lu\/dpinternational\/juventude-e-politica-como-maximilian-de-pauw-gerlings-impulsiona-o-dp-international\/?lang=pt-pt","title":{"rendered":"Juventude e Pol\u00edtica: Como Maximilian de Pauw Gerlings impulsiona o DP International"},"content":{"rendered":"\n<p>Desde a renova\u00e7\u00e3o da sua lideran\u00e7a no final de 2024, o DP International tem trabalhado de forma consistente em prol do seu prop\u00f3sito fundador: refor\u00e7ar a liga\u00e7\u00e3o entre os residentes internacionais e a pol\u00edtica luxemburguesa. Guiados pela convic\u00e7\u00e3o de que a prosperidade nacional floresce com a diversidade e a colabora\u00e7\u00e3o, cada passo que damos est\u00e1 enraizado nessa vis\u00e3o.<\/p>\n\n\n\n<p>Um desses passos foi um <a href=\"https:\/\/www.instagram.com\/reel\/DL7lV5EozIs\/?utm_source=ig_web_copy_link&amp;igsh=MzRlODBiNWFlZA==\" data-type=\"link\" data-id=\"https:\/\/www.instagram.com\/reel\/DL7lV5EozIs\/?utm_source=ig_web_copy_link&amp;igsh=MzRlODBiNWFlZA==\">workshop sobre&nbsp;<em>Envolvimento Pol\u00edtico<\/em>, realizado a 4 de julho<\/a> e organizado pela Secret\u00e1ria Camelia Pavel e pelo Membro do Comit\u00e9 Maximilian de Pauw Gerlings. A sess\u00e3o ofereceu uma vis\u00e3o pr\u00e1tica da participa\u00e7\u00e3o pol\u00edtica, com especial destaque para o uso das redes sociais e da comunica\u00e7\u00e3o interpessoal como ferramentas para inspirar mudan\u00e7a.<\/p>\n\n\n\n<p>Maximilian, que liderou a parte dedicada \u00e0s redes sociais, abriu o evento com clareza e assertividade, demonstrando uma presen\u00e7a ponderada e confiante que se destacou \u2014 especialmente tendo apenas 17 anos. Tendo vivido em Singapura e v\u00e1rios pa\u00edses europeus, traz-nos uma perspetiva global que enriquece o nosso trabalho. O seu interesse pela pol\u00edtica come\u00e7ou aos sete anos, em Fran\u00e7a, influenciado pelo envolvimento c\u00edvico da sua av\u00f3. Em agosto de 2023, ap\u00f3s sete anos no Luxemburgo e participa\u00e7\u00e3o ativa em iniciativas pol\u00edticas juvenis, Maximilian estava pronto para assumir um papel mais destacado.<\/p>\n\n\n\n<p>Por essa altura, Christos Floros, agora Presidente do DP International, come\u00e7ava a ganhar visibilidade online, defendendo uma participa\u00e7\u00e3o pol\u00edtica mais inclusiva e abrangente. Os seus valores e compromisso c\u00edvico comuns acabaram por uni-los naturalmente, e pouco depois Maximilian juntou-se ao Partido Democr\u00e1tico.<\/p>\n\n\n\n<p>As suas contribui\u00e7\u00f5es desde ent\u00e3o t\u00eam sido not\u00e1veis. Desde a sua participa\u00e7\u00e3o em f\u00f3runs internacionais como o&nbsp;<em><a href=\"https:\/\/www.instagram.com\/luxmun_official?igsh=MXN5Y2ljY2prY295NA==\" data-type=\"link\" data-id=\"https:\/\/www.instagram.com\/luxmun_official?igsh=MXN5Y2ljY2prY295NA==\">Model United Nations LUXMUN<\/a><\/em>&nbsp;at\u00e9 apoiar movimentos de base como o&nbsp;<em>Change for Luxembourg<\/em>, Maximilian tem constru\u00eddo uma base s\u00f3lida e uma clara vontade de agir. Mas n\u00e3o \u00e9 apenas o curr\u00edculo que o distingue \u2014 \u00e9 a sua iniciativa. Repetidamente, tem dado o passo em frente sem esperar por convite.<\/p>\n\n\n\n<p>Esse mesmo esp\u00edrito define <a href=\"https:\/\/www.dp.lu\/dpinternational\/?lang=pt-pt\">a nova dire\u00e7\u00e3o do DP Inter<\/a><a href=\"https:\/\/www.dp.lu\/dpinternational\/?lang=pt-pt\">national.<\/a> Quando nos reestrutur\u00e1mos, fizemo-lo com um princ\u00edpio claro: acolher a participa\u00e7\u00e3o de todos os que estejam prontos para contribuir. Os membros n\u00e3o s\u00e3o apenas convidados, mas incentivados a apresentar ideias e a moldar os seus pap\u00e9is atrav\u00e9s da a\u00e7\u00e3o.<\/p>\n\n\n\n<p>Hoje, Maximilian faz <a href=\"https:\/\/www.dp.lu\/dpinternational\/comite\/?lang=pt-pt\" data-type=\"link\" data-id=\"https:\/\/www.dp.lu\/dpinternational\/comite\/?lang=pt-pt\">parte do comit\u00e9<\/a> e atua tamb\u00e9m como Respons\u00e1vel de Engagement, coordenando a presen\u00e7a do DP International nas redes sociais. O seu percurso simboliza <a href=\"https:\/\/www.dp.lu\/dpinternational\/comunicado-de-imprensa-christos-floros-eleito-presidente-do-dp-international\/?lang=pt-pt\" data-type=\"link\" data-id=\"https:\/\/www.dp.lu\/dpinternational\/comunicado-de-imprensa-christos-floros-eleito-presidente-do-dp-international\/?lang=pt-pt\">a cultura que estamos a construir<\/a> \u2014 uma cultura onde a iniciativa \u00e9 valorizada, as contribui\u00e7\u00f5es s\u00e3o celebradas e a participa\u00e7\u00e3o \u00e9 o caminho a seguir, independentemente da idade ou origem.<\/p>\n\n\n\n<p><strong>Como participar<\/strong><\/p>\n\n\n\n<p>\u00c0 medida que o DP International cresce, tamb\u00e9m aumenta o espa\u00e7o para que novas pessoas participem. Se tamb\u00e9m queres fazer a tua voz contar e ajudar a definir a forma como comunicamos com o mundo, adorar\u00edamos ter-te na nossa equipa de Redes Sociais.\u00b2 Se estiveres minimamente curioso sobre o que isso significa na pr\u00e1tica, envia-nos uma mensagem privada atrav\u00e9s dos nossos canais (<a href=\"https:\/\/www.instagram.com\/dp.international\/\" data-type=\"link\" data-id=\"https:\/\/www.instagram.com\/dp.international\/\">Instagram<\/a>, <a href=\"https:\/\/www.facebook.com\/DP.international.lu\" data-type=\"link\" data-id=\"https:\/\/www.facebook.com\/DP.international.lu\">Facebook<\/a> e <a href=\"https:\/\/www.linkedin.com\/company\/dp-international-lux\/\" data-type=\"link\" data-id=\"https:\/\/www.linkedin.com\/company\/dp-international-lux\/\">LinkedIn<\/a>) ou um email para&nbsp;<a>international@dp.lu<\/a>&nbsp;at\u00e9 ao dia 3 de agosto.<\/p>\n\n\n\n<p>\u00b9 Mant\u00e9m-te a par dos nossos eventos atrav\u00e9s do nosso\u00a0<a href=\"https:\/\/www.dp.lu\/calendar\/?lang=en\" data-type=\"link\" data-id=\"https:\/\/www.dp.lu\/calendar\/?lang=en\">calend\u00e1rio de eventos<\/a><\/p>\n\n\n\n<p>\u00b2\u00a0A ades\u00e3o ao Partido Democr\u00e1tico \u00e9 necess\u00e1ria. Junta-te a n\u00f3s\u00a0<a href=\"https:\/\/www.dp.lu\/member-ginn\/?lang=en\" data-type=\"link\" data-id=\"https:\/\/www.dp.lu\/member-ginn\/?lang=en\">aqui<\/a>.<\/p>\n\n\n\n<p><\/p>\n","protected":false},"excerpt":{"rendered":"<p>Com apenas 17 anos, Maximilian de Pauw Gerlings est\u00e1 a moldar o futuro da DP International, ao transformar iniciativa em lideran\u00e7a.<\/p>\n","protected":false},"author":1001,"featured_media":3230,"comment_status":"closed","ping_status":"closed","sticky":false,"template":"","format":"standard","meta":{"footnotes":""},"categories":[41],"tags":[],"class_list":["post-3235","post","type-post","status-publish","format-standard","has-post-thumbnail","hentry","category-news","wpbf-post"],"_links":{"self":[{"href":"https:\/\/www.dp.lu\/dpinternational\/wp-json\/wp\/v2\/posts\/3235","targetHints":{"allow":["GET"]}}],"collection":[{"href":"https:\/\/www.dp.lu\/dpinternational\/wp-json\/wp\/v2\/posts"}],"about":[{"href":"https:\/\/www.dp.lu\/dpinternational\/wp-json\/wp\/v2\/types\/post"}],"author":[{"embeddable":true,"href":"https:\/\/www.dp.lu\/dpinternational\/wp-json\/wp\/v2\/users\/1001"}],"replies":[{"embeddable":true,"href":"https:\/\/www.dp.lu\/dpinternational\/wp-json\/wp\/v2\/comments?post=3235"}],"version-history":[{"count":7,"href":"https:\/\/www.dp.lu\/dpinternational\/wp-json\/wp\/v2\/posts\/3235\/revisions"}],"predecessor-version":[{"id":3253,"href":"https:\/\/www.dp.lu\/dpinternational\/wp-json\/wp\/v2\/posts\/3235\/revisions\/3253"}],"wp:featuredmedia":[{"embeddable":true,"href":"https:\/\/www.dp.lu\/dpinternational\/wp-json\/wp\/v2\/media\/3230"}],"wp:attachment":[{"href":"https:\/\/www.dp.lu\/dpinternational\/wp-json\/wp\/v2\/media?parent=3235"}],"wp:term":[{"taxonomy":"category","embeddable":true,"href":"https:\/\/www.dp.lu\/dpinternational\/wp-json\/wp\/v2\/categories?post=3235"},{"taxonomy":"post_tag","embeddable":true,"href":"https:\/\/www.dp.lu\/dpinternational\/wp-json\/wp\/v2\/tags?post=3235"}],"curies":[{"name":"wp","href":"https:\/\/api.w.org\/{rel}","templated":true}]}}