{"id":3241,"date":"2025-07-25T21:07:16","date_gmt":"2025-07-25T21:07:16","guid":{"rendered":"https:\/\/www.dp.lu\/dpinternational\/?p=3241"},"modified":"2025-07-25T22:03:46","modified_gmt":"2025-07-25T22:03:46","slug":"jeunesse-et-politique-comment-maximilian-de-pauw-gerlings-fait-avancer-dp-international","status":"publish","type":"post","link":"https:\/\/www.dp.lu\/dpinternational\/jeunesse-et-politique-comment-maximilian-de-pauw-gerlings-fait-avancer-dp-international\/?lang=fr","title":{"rendered":"Jeunesse et politique : comment Maximilian de Pauw Gerlings fait avancer DP International"},"content":{"rendered":"\n<p>Depuis le renouvellement de sa direction fin 2024, DP International travaille de mani\u00e8re constante \u00e0 la r\u00e9alisation de son objectif fondateur : renforcer le lien entre les r\u00e9sidents internationaux et la politique luxembourgeoise. Guid\u00e9s par la conviction que la prosp\u00e9rit\u00e9 nationale repose sur la diversit\u00e9 et la collaboration, chacun de nos pas s\u2019ancre dans cette vision.<\/p>\n\n\n\n<p>L\u2019un de ces pas a \u00e9t\u00e9 l\u2019atelier&nbsp;<a href=\"https:\/\/www.instagram.com\/reel\/DL7lV5EozIs\/?utm_source=ig_web_copy_link&amp;igsh=MzRlODBiNWFlZA==\" data-type=\"link\" data-id=\"https:\/\/www.instagram.com\/reel\/DL7lV5EozIs\/?utm_source=ig_web_copy_link&amp;igsh=MzRlODBiNWFlZA==\"><em>Political Engagement<\/em>&nbsp;organis\u00e9 le 4 juillet<\/a>, anim\u00e9 par la Secr\u00e9taire Camelia Pavel et le Membre du Comit\u00e9 Maximilian de Pauw Gerlings. La session a offert des perspectives concr\u00e8tes sur la participation politique, en mettant particuli\u00e8rement l\u2019accent sur l\u2019utilisation des r\u00e9seaux sociaux et de la sensibilisation personnelle pour se connecter avec les autres et inspirer le changement.<\/p>\n\n\n\n<p>Maximilian, qui a dirig\u00e9 la partie consacr\u00e9e aux r\u00e9seaux sociaux, a ouvert l\u2019\u00e9v\u00e9nement avec clart\u00e9 et assurance, d\u00e9montrant une pr\u00e9sence r\u00e9fl\u00e9chie et confiante, d\u2019autant plus remarquable qu\u2019il n\u2019a que 17 ans. Ayant v\u00e9cu \u00e0 Singapour et dans plusieurs pays europ\u00e9ens, il apporte une perspective globale qui enrichit notre travail. Son int\u00e9r\u00eat pour la politique est n\u00e9 \u00e0 l\u2019\u00e2ge de sept ans, en France, influenc\u00e9 par l\u2019engagement civique de sa grand-m\u00e8re. En ao\u00fbt 2023, apr\u00e8s sept ann\u00e9es au Luxembourg et un engagement actif dans des initiatives politiques pour les jeunes, Maximilian \u00e9tait pr\u00eat \u00e0 prendre un r\u00f4le plus important.<\/p>\n\n\n\n<p>\u00c0 la m\u00eame \u00e9poque, Christos Floros, aujourd\u2019hui Pr\u00e9sident de DP International, devenait de plus en plus actif en ligne, d\u00e9fendant une participation politique plus large et inclusive. Leurs valeurs communes et leur engagement pour la citoyennet\u00e9 les ont naturellement rapproch\u00e9s, et peu de temps apr\u00e8s, Maximilian a rejoint le Parti D\u00e9mocrate.<\/p>\n\n\n\n<p>Ses contributions depuis lors ont \u00e9t\u00e9 remarquables. Qu\u2019il s\u2019agisse de repr\u00e9senter le parti dans des forums internationaux tels que le <a href=\"https:\/\/www.instagram.com\/luxmun_official?igsh=MXN5Y2ljY2prY295NA==\" data-type=\"link\" data-id=\"https:\/\/www.instagram.com\/luxmun_official?igsh=MXN5Y2ljY2prY295NA==\">Model United Nations LUXMUN<\/a> ou de soutenir des mouvements de base comme Change for Luxembourg, Maximilian a b\u00e2ti \u00e0 la fois des bases solides et une volont\u00e9 d\u2019agir. Mais ce n\u2019est pas seulement son parcours qui le distingue \u2014 c\u2019est son initiative. \u00c0 maintes reprises, il a pris l\u2019initiative sans attendre qu\u2019on le lui demande.<\/p>\n\n\n\n<p>Ce m\u00eame esprit d\u00e9finit la<a href=\"https:\/\/www.dp.lu\/dpinternational\/?lang=fr\" data-type=\"link\" data-id=\"https:\/\/www.dp.lu\/dpinternational\/?lang=fr\"> nouvelle direction de DP International<\/a>. Lorsque nous avons restructur\u00e9 notre organisation, nous l\u2019avons fait selon un principe clair : accueillir la participation de toutes celles et ceux qui sont pr\u00eats \u00e0 s\u2019engager. Les membres ne sont pas simplement invit\u00e9s, mais encourag\u00e9s \u00e0 proposer des id\u00e9es et \u00e0 fa\u00e7onner leur propre r\u00f4le \u00e0 travers l\u2019action.<\/p>\n\n\n\n<p>Aujourd\u2019hui, Maximilian si\u00e8ge non seulement au sein de notre <a href=\"https:\/\/www.dp.lu\/dpinternational\/comite\/?lang=fr\" data-type=\"link\" data-id=\"https:\/\/www.dp.lu\/dpinternational\/comite\/?lang=fr\">comit\u00e9 \u00e9largi<\/a>, mais il occupe \u00e9galement le poste d\u2019Engagement Lead, dirigeant la pr\u00e9sence de DP International sur les r\u00e9seaux sociaux. Son parcours incarne <a href=\"https:\/\/www.dp.lu\/dpinternational\/communique-de-presse-christos-floros-elu-president-du-dp-international\/?lang=fr\" data-type=\"link\" data-id=\"https:\/\/www.dp.lu\/dpinternational\/communique-de-presse-christos-floros-elu-president-du-dp-international\/?lang=fr\">la culture que nous construisons<\/a> : une culture o\u00f9 l\u2019initiative est valoris\u00e9e, les contributions sont c\u00e9l\u00e9br\u00e9es et la participation est la voie \u00e0 suivre pour tous, quel que soit l\u2019\u00e2ge ou le parcours.<\/p>\n\n\n\n<hr class=\"wp-block-separator has-alpha-channel-opacity\" \/>\n\n\n\n<p><strong>S\u2019engager<\/strong><\/p>\n\n\n\n<p>\u00c0 mesure que DP International grandit, l\u2019espace pour que chacun s\u2019engage grandit aussi. Si toi aussi tu veux faire entendre ta voix et aider \u00e0 fa\u00e7onner nos interactions en ligne, nous serions ravis de t\u2019accueillir dans notre Social Media team.\u00b2 Si tu es ne serait-ce qu\u2019un peu curieux de ce que cela pourrait impliquer concr\u00e8tement, contacte-nous en message priv\u00e9 via nos canaux disponibles (<a href=\"https:\/\/www.instagram.com\/dp.international\/\">Instagram<\/a>, <a href=\"https:\/\/www.facebook.com\/DP.international.lu\">Facebook<\/a> et <a href=\"https:\/\/www.linkedin.com\/company\/dp-international-lux\/\" data-type=\"link\" data-id=\"https:\/\/www.linkedin.com\/company\/dp-international-lux\/\">LinkedIn<\/a>) ou par email \u00e0&nbsp;<a>international@dp.lu<\/a>&nbsp;d\u2019ici le 3 ao\u00fbt.<\/p>\n\n\n\n<p><sup>1<\/sup> Reste inform\u00e9 des \u00e9v\u00e9nements \u00e0 venir via notre <a href=\"https:\/\/www.dp.lu\/calendrier\/?lang=fr\" data-type=\"link\" data-id=\"https:\/\/www.dp.lu\/calendrier\/?lang=fr\">calendrier des \u00e9v\u00e9nements<\/a><\/p>\n\n\n\n<p><sup>2<\/sup> L\u2019adh\u00e9sion au Parti D\u00e9mocrate est requise. <a href=\"https:\/\/www.dp.lu\/member-ginn\/?lang=fr\" data-type=\"link\" data-id=\"https:\/\/www.dp.lu\/member-ginn\/?lang=fr\">Rejoins-nous ici<\/a> !<\/p>\n\n\n\n<p><\/p>\n","protected":false},"excerpt":{"rendered":"<p>\u00c0 seulement 17 ans, Maximilian de Pauw Gerlings fa\u00e7onne l\u2019avenir de DP International, transformant l\u2019initiative en leadership.<\/p>\n","protected":false},"author":1001,"featured_media":3227,"comment_status":"closed","ping_status":"closed","sticky":false,"template":"","format":"standard","meta":{"footnotes":""},"categories":[34],"tags":[],"class_list":["post-3241","post","type-post","status-publish","format-standard","has-post-thumbnail","hentry","category-news-fr","wpbf-post"],"_links":{"self":[{"href":"https:\/\/www.dp.lu\/dpinternational\/wp-json\/wp\/v2\/posts\/3241","targetHints":{"allow":["GET"]}}],"collection":[{"href":"https:\/\/www.dp.lu\/dpinternational\/wp-json\/wp\/v2\/posts"}],"about":[{"href":"https:\/\/www.dp.lu\/dpinternational\/wp-json\/wp\/v2\/types\/post"}],"author":[{"embeddable":true,"href":"https:\/\/www.dp.lu\/dpinternational\/wp-json\/wp\/v2\/users\/1001"}],"replies":[{"embeddable":true,"href":"https:\/\/www.dp.lu\/dpinternational\/wp-json\/wp\/v2\/comments?post=3241"}],"version-history":[{"count":2,"href":"https:\/\/www.dp.lu\/dpinternational\/wp-json\/wp\/v2\/posts\/3241\/revisions"}],"predecessor-version":[{"id":3244,"href":"https:\/\/www.dp.lu\/dpinternational\/wp-json\/wp\/v2\/posts\/3241\/revisions\/3244"}],"wp:featuredmedia":[{"embeddable":true,"href":"https:\/\/www.dp.lu\/dpinternational\/wp-json\/wp\/v2\/media\/3227"}],"wp:attachment":[{"href":"https:\/\/www.dp.lu\/dpinternational\/wp-json\/wp\/v2\/media?parent=3241"}],"wp:term":[{"taxonomy":"category","embeddable":true,"href":"https:\/\/www.dp.lu\/dpinternational\/wp-json\/wp\/v2\/categories?post=3241"},{"taxonomy":"post_tag","embeddable":true,"href":"https:\/\/www.dp.lu\/dpinternational\/wp-json\/wp\/v2\/tags?post=3241"}],"curies":[{"name":"wp","href":"https:\/\/api.w.org\/{rel}","templated":true}]}}