{"id":3243,"date":"2025-07-25T21:07:16","date_gmt":"2025-07-25T21:07:16","guid":{"rendered":"https:\/\/www.dp.lu\/dpinternational\/?p=3243"},"modified":"2025-07-26T07:15:17","modified_gmt":"2025-07-26T07:15:17","slug":"jugend-an-der-politik-wei-maximilian-de-pauw-gerlings-dp-international-no-vir-brengt","status":"publish","type":"post","link":"https:\/\/www.dp.lu\/dpinternational\/jugend-an-der-politik-wei-maximilian-de-pauw-gerlings-dp-international-no-vir-brengt\/?lang=lb-lu","title":{"rendered":"Jugend an der Politik: W\u00e9i Maximilian de Pauw Gerlings DP International no vir br\u00e9ngt"},"content":{"rendered":"\n<p>Z\u00ebnter senger neier Leedung Enn 2024 schafft DP International konsequent un sengem Gr\u00ebnnungszil: d\u2019Verbindung t\u00ebscht internationalen Awunnerinnen a politeschem Liewen zu L\u00ebtzebuerg ze st\u00e4erken. Gedriwwe vum Glawen, datt national Wuelstand duerch Diversit\u00e9it a Kollaboratioun entsteet, ass all Schr\u00ebtt vu mir an d\u00ebser Visioun verwuerzelt.<\/p>\n\n\n\n<p>Ee sou Schr\u00ebtt war <a href=\"https:\/\/www.instagram.com\/reel\/DL7lV5EozIs\/?utm_source=ig_web_copy_link&amp;igsh=MzRlODBiNWFlZA==\" data-type=\"link\" data-id=\"https:\/\/www.instagram.com\/reel\/DL7lV5EozIs\/?utm_source=ig_web_copy_link&amp;igsh=MzRlODBiNWFlZA==\">d\u2019Political Engagement Workshop, d\u00e9i den 4. Juli <\/a>stattfonnt huet<sup>1<\/sup>, organis\u00e9iert vu Sekret\u00e4rin Camelia Pavel a Comit\u00e9-Member Maximilian de Pauw Gerlings. D\u2019Sessioun huet konkret Abl\u00e9cker an d\u00e9i politesch Participatioun ginn, mat engem spezielle Fokus op d\u2019Notzung vu soziale Medien a pers\u00e9inlechem Kontakt fir aner ze erreechen an eng Ver\u00e4nnerung unzestoussen.<\/p>\n\n\n\n<p>Maximilian, deen de Segment iwwer sozial Medien geleet huet, huet d\u2019Evenement mat Kloerheet an Ustand opgemaach a seng iwwerluecht a selbstbewosst Pr\u00e4senz gewisen \u2013 besonnesch bemierkensw\u00e4ert fir een, dee just 17 Joer al ass. Hien huet a Singapur an an e puer europ\u00e4esche L\u00e4nner gelieft a br\u00e9ngt eng global Perspektiv mat, d\u00e9i eis Aarbecht bereet. S\u00e4in Interessi un der Politik ass mat 7 Joer a Frankr\u00e4ich entstanen, inspir\u00e9iert duerch d\u2019b\u00fcrgerschaftlech Engagement vu senger Groussmamm. Am August 2023, nodeems hien zanter 7 Joer zu L\u00ebtzebuerg gelieft an aktiv un Jugendinitiativen deelgeholl huet, war hie prett fir eng m\u00e9i grouss Roll.<\/p>\n\n\n\n<p>Ronder\u00ebm d\u00e9i selwecht Z\u00e4it gouf Christos Floros, haut President vu DP International, \u00ebmmer m\u00e9i online aktiv a pl\u00e4d\u00e9iert fir eng m\u00e9i inklusiv a breet politesch Participatioun. Hir gemeinsam W\u00e4erter an Engagement hunn si natierlech zesummebruecht, a kuerz drop ass Maximilian dem Demokratesch Partei b\u00e4igetrueden.<\/p>\n\n\n\n<p>S\u00e4it deem huet hien e bedeitende B\u00e4itrag geleescht. Vun der Representatioun bei internationalen Foren w\u00e9i dem <a href=\"https:\/\/www.instagram.com\/luxmun_official?igsh=MXN5Y2ljY2prY295NA==\" data-type=\"link\" data-id=\"https:\/\/www.instagram.com\/luxmun_official?igsh=MXN5Y2ljY2prY295NA==\">Model United Nations LUXMUN<\/a> bis zur \u00cbnnerst\u00ebtzung vu lokal Beweegunge w\u00e9i Change for Luxembourg huet Maximilian souwuel e feste Fundament w\u00e9i och d\u2019Bereetschaft gezeechent, selwer ze handelen. Awer et ass net n\u00ebmmen s\u00e4i CV, deen erausst\u00e9cht \u2013 et ass seng Initiativ. Hie m\u00e9cht \u00ebmmer er\u00ebm de Schr\u00ebtt no vir, ouni op eng Invitatioun ze waarden.<\/p>\n\n\n\n<p>D\u00ebse Geescht charakteris\u00e9iert och <a href=\"https:\/\/www.dp.lu\/dpinternational\/?lang=lb-lu\" data-type=\"link\" data-id=\"https:\/\/www.dp.lu\/dpinternational\/?lang=lb-lu\">d\u00e9i nei Richtung vu DP International<\/a>. W\u00e9i mir eis nei opgestallt hunn, hu mir dat mat engem kloere Prinzip gemaach: Participatioun vu jidderengem begr\u00e9issen, dee bereet ass, eppes b\u00e4izedroen. Membere si net n\u00ebmmen invit\u00e9iert, mee och encourag\u00e9iert, mat Iddien ze kommen a sech aktiv an hir Roll eranzebr\u00e9ngen.<\/p>\n\n\n\n<p>Haut ass Maximilian net n\u00ebmmen Deel vum <a href=\"https:\/\/www.dp.lu\/dpinternational\/comite\/?lang=lb-lu\" data-type=\"link\" data-id=\"https:\/\/www.dp.lu\/dpinternational\/comite\/?lang=lb-lu\">erweiderten Comit\u00e9<\/a>, mee och Engagement Lead, wou hien d\u2019Pr\u00e4senz vu DP International op de soziale Medien koordin\u00e9iert. S\u00e4i Parcours reflekt\u00e9iert <a href=\"https:\/\/www.dp.lu\/dpinternational\/communique-christos-floros-zum-president-vun-der-dp-international-gewielt\/?lang=lb-lu\" data-type=\"link\" data-id=\"https:\/\/www.dp.lu\/dpinternational\/communique-christos-floros-zum-president-vun-der-dp-international-gewielt\/?lang=lb-lu\">d\u00e9i Kultur, d\u00e9i mir zesumme bauen <\/a>\u2013 eng Kultur, wou Initiativ gesch\u00e4tzt g\u00ebtt, B\u00e4itr\u00e4g gefeiert ginn an d\u2019Participatioun fir jiddereen de Wee no vir ass \u2013 onofh\u00e4ngeg vum Alter oder Hannergrond.<\/p>\n\n\n\n<p><strong>Matmaachen<\/strong><\/p>\n\n\n\n<p>Esou w\u00e9i DP International wiisst, wiisst och de Raum fir M\u00ebnschen, fir sech anzebr\u00e9ngen. Wann och s du deng St\u00ebmm g\u00ebllechs maache w\u00eblls a matgestalte w\u00eblls, w\u00e9i mir mat anere kommuniz\u00e9ieren, g\u00e9ife mir eis free\u00ebn, dech an eiser Social Media team <sup>2<\/sup> ze hunn. Wann s de och n\u00ebmmen e b\u00ebssen interess\u00e9iert bass, wat dat an der Praxis bedeite k\u00e9int, da sch\u00e9ck eis eng privat Noriicht iwwer eis Plattformen (<a href=\"https:\/\/www.instagram.com\/dp.international\/\">Instagram<\/a>, <a href=\"https:\/\/www.facebook.com\/DP.international.lu\">Facebook<\/a> a <a href=\"https:\/\/www.facebook.com\/DP.international.lu\" data-type=\"link\" data-id=\"https:\/\/www.facebook.com\/DP.international.lu\">LinkedIn<\/a>) oder eng E-Mail un&nbsp;<a>international@dp.lu<\/a> bis den 3. August.<\/p>\n\n\n\n<p><sub><sup>1<\/sup><\/sub> Bleiw um neiste Stand iwwer zuk\u00fcnfteg Eventer duerch eise <a href=\"https:\/\/www.dp.lu\/kalenner\/\" data-type=\"link\" data-id=\"https:\/\/www.dp.lu\/kalenner\/\">Veranstaltungskalenner<\/a>.<br><sup>2<\/sup> D\u2019Memberschaft bei der Demokratesch Partei ass erfuerderlech. <a href=\"https:\/\/www.dp.lu\/member-ginn\/\" data-type=\"link\" data-id=\"https:\/\/www.dp.lu\/member-ginn\/\">F\u00ebnn hei m\u00e9i eraus!<\/a><\/p>\n\n\n\n<p><\/p>\n","protected":false},"excerpt":{"rendered":"<p>Er\u00e9ischt 17 Joer al, formt Maximilian de Pauw Gerlings d\u2019Zukunft vu DP International, andeems hien Initiativ a Leadership verwandelt.<\/p>\n","protected":false},"author":1001,"featured_media":3229,"comment_status":"closed","ping_status":"closed","sticky":false,"template":"","format":"standard","meta":{"footnotes":""},"categories":[32],"tags":[],"class_list":["post-3243","post","type-post","status-publish","format-standard","has-post-thumbnail","hentry","category-news","wpbf-post"],"_links":{"self":[{"href":"https:\/\/www.dp.lu\/dpinternational\/wp-json\/wp\/v2\/posts\/3243","targetHints":{"allow":["GET"]}}],"collection":[{"href":"https:\/\/www.dp.lu\/dpinternational\/wp-json\/wp\/v2\/posts"}],"about":[{"href":"https:\/\/www.dp.lu\/dpinternational\/wp-json\/wp\/v2\/types\/post"}],"author":[{"embeddable":true,"href":"https:\/\/www.dp.lu\/dpinternational\/wp-json\/wp\/v2\/users\/1001"}],"replies":[{"embeddable":true,"href":"https:\/\/www.dp.lu\/dpinternational\/wp-json\/wp\/v2\/comments?post=3243"}],"version-history":[{"count":2,"href":"https:\/\/www.dp.lu\/dpinternational\/wp-json\/wp\/v2\/posts\/3243\/revisions"}],"predecessor-version":[{"id":3254,"href":"https:\/\/www.dp.lu\/dpinternational\/wp-json\/wp\/v2\/posts\/3243\/revisions\/3254"}],"wp:featuredmedia":[{"embeddable":true,"href":"https:\/\/www.dp.lu\/dpinternational\/wp-json\/wp\/v2\/media\/3229"}],"wp:attachment":[{"href":"https:\/\/www.dp.lu\/dpinternational\/wp-json\/wp\/v2\/media?parent=3243"}],"wp:term":[{"taxonomy":"category","embeddable":true,"href":"https:\/\/www.dp.lu\/dpinternational\/wp-json\/wp\/v2\/categories?post=3243"},{"taxonomy":"post_tag","embeddable":true,"href":"https:\/\/www.dp.lu\/dpinternational\/wp-json\/wp\/v2\/tags?post=3243"}],"curies":[{"name":"wp","href":"https:\/\/api.w.org\/{rel}","templated":true}]}}