{"id":3246,"date":"2025-07-25T21:07:16","date_gmt":"2025-07-25T21:07:16","guid":{"rendered":"https:\/\/www.dp.lu\/dpinternational\/?p=3246"},"modified":"2025-07-25T22:23:10","modified_gmt":"2025-07-25T22:23:10","slug":"jugend-in-der-politik-wie-maximilian-de-pauw-gerlings-dp-international-voranbringt","status":"publish","type":"post","link":"https:\/\/www.dp.lu\/dpinternational\/jugend-in-der-politik-wie-maximilian-de-pauw-gerlings-dp-international-voranbringt\/?lang=de","title":{"rendered":"Jugend in der Politik: Wie Maximilian de Pauw Gerlings DP International voranbringt"},"content":{"rendered":"\n<p>Seit der erneuerten Leitung Ende 2024 arbeitet DP International konsequent an seinem Gr\u00fcndungsziel: die Verbindung zwischen internationalen Einwohnerinnen und Einwohnern und der luxemburgischen Politik zu st\u00e4rken. Getragen von der \u00dcberzeugung, dass nationaler Wohlstand durch Vielfalt und Zusammenarbeit entsteht, ist jeder unserer Schritte in dieser Vision verwurzelt.<\/p>\n\n\n\n<p>Ein solcher Schritt war der\u00a0<a href=\"https:\/\/www.instagram.com\/reel\/DL7lV5EozIs\/?utm_source=ig_web_copy_link&amp;igsh=MzRlODBiNWFlZA==\"><em>Political Engagement<\/em>\u00a0Workshop am 4. Juli<\/a>, organisiert von der Sekret\u00e4rin Camelia Pavel und Vorstandsmitglied Maximilian de Pauw Gerlings. Die Veranstaltung bot praktische Einblicke in politische Teilhabe \u2013 mit besonderem Fokus darauf, wie man soziale Medien und pers\u00f6nliche Ansprache nutzen kann, um andere zu erreichen und Ver\u00e4nderung anzusto\u00dfen.<\/p>\n\n\n\n<p>Maximilian, der das Segment zu den sozialen Medien leitete, er\u00f6ffnete die Veranstaltung mit Klarheit und Souver\u00e4nit\u00e4t \u2013 und bewies eine reflektierte, selbstbewusste Pr\u00e4senz, die besonders auffiel, gerade weil er erst 17 Jahre alt ist. Er hat in Singapur und mehreren europ\u00e4ischen L\u00e4ndern gelebt und bringt eine globale Perspektive mit, die unsere Arbeit bereichert. Sein Interesse an Politik wurde im Alter von sieben Jahren in Frankreich geweckt \u2013 gepr\u00e4gt durch das b\u00fcrgerschaftliche Engagement seiner Gro\u00dfmutter. Im August 2023, nach sieben Jahren in Luxemburg und aktivem Einsatz in Jugendinitiativen, war Maximilian bereit, mehr Verantwortung zu \u00fcbernehmen.<\/p>\n\n\n\n<p>Zur gleichen Zeit wurde Christos Floros, heute Pr\u00e4sident von DP International, zunehmend online aktiv und setzte sich f\u00fcr eine offenere und inklusivere politische Beteiligung ein. Ihre gemeinsamen Werte und ihr zivilgesellschaftliches Engagement f\u00fchrten sie ganz nat\u00fcrlich zusammen \u2013 kurz darauf trat Maximilian der Demokratische Partei\u00a0bei.<\/p>\n\n\n\n<p>Sein Beitrag seither ist beachtlich. Von der Teilnahme an internationalen Foren wie dem <a href=\"https:\/\/www.instagram.com\/luxmun_official?igsh=MXN5Y2ljY2prY295NA==\" data-type=\"link\" data-id=\"https:\/\/www.instagram.com\/luxmun_official?igsh=MXN5Y2ljY2prY295NA==\">Model United Nations LUXMUN <\/a>bis hin zur Unterst\u00fctzung von Basisbewegungen wie\u00a0<em>Change for Luxembourg<\/em>\u00a0\u2013 Maximilian hat sowohl ein starkes Fundament aufgebaut als auch die Bereitschaft gezeigt, selbst aktiv zu werden. Doch nicht nur sein Lebenslauf zeichnet ihn aus \u2013 sondern seine Eigeninitiative. Immer wieder ist er einen Schritt vorausgegangen, ohne auf eine Einladung zu warten.<\/p>\n\n\n\n<p>Genau dieser Geist pr\u00e4gt auch<a href=\"https:\/\/www.dp.lu\/dpinternational\/?lang=de\"> die Neuausrichtung von DP International<\/a>. Als wir unsere Struktur erneuert haben, geschah das mit einem klaren Grundsatz: Wir hei\u00dfen alle willkommen, die bereit sind, etwas beizutragen. Mitglieder werden nicht nur eingeladen, sondern ausdr\u00fccklich ermutigt, Ideen einzubringen und ihre Rollen durch eigenes Handeln zu gestalten.<\/p>\n\n\n\n<p>Heute ist Maximilian nicht nur Teil unseres <a href=\"https:\/\/www.dp.lu\/dpinternational\/vorstand\/?lang=de\" data-type=\"link\" data-id=\"https:\/\/www.dp.lu\/dpinternational\/vorstand\/?lang=de\">erweiterten Vorstands<\/a>, sondern auch Engagement Lead \u2013 und verantwortet damit die Pr\u00e4senz von DP International in den sozialen Medien. Sein Weg steht beispielhaft f\u00fcr <a href=\"https:\/\/www.dp.lu\/dpinternational\/pressemitteilung-christos-floros-zum-praesidenten-der-dp-international-gewaehlt\/?lang=de\" data-type=\"link\" data-id=\"https:\/\/www.dp.lu\/dpinternational\/pressemitteilung-christos-floros-zum-praesidenten-der-dp-international-gewaehlt\/?lang=de\">die Kultur, die wir aufbauen<\/a>: eine Kultur, in der Initiative z\u00e4hlt, Beitr\u00e4ge wertgesch\u00e4tzt werden und Teilhabe der Weg nach vorne ist \u2013 unabh\u00e4ngig von Alter oder Hintergrund.<\/p>\n\n\n\n<hr class=\"wp-block-separator has-alpha-channel-opacity\" \/>\n\n\n\n<p><strong>Beteiligen Sie sich am Gespr\u00e4ch\u00a0<\/strong><\/p>\n\n\n\n<p>Mit dem Wachstum von DP International w\u00e4chst auch der Raum f\u00fcr neue Stimmen. Wenn auch du deine Stimme einbringen und mitgestalten m\u00f6chtest, wie wir andere erreichen, w\u00fcrden wir uns freuen, dich in unserem Social Media team\u00b2 willkommen zu hei\u00dfen. Wenn du auch nur ein klein wenig neugierig bist, was das konkret bedeuten k\u00f6nnte, schreib uns eine private Nachricht \u00fcber unsere Kan\u00e4le (<a href=\"https:\/\/www.instagram.com\/dp.international\/\" data-type=\"link\" data-id=\"https:\/\/www.instagram.com\/dp.international\/\">Instagram<\/a>, <a href=\"https:\/\/www.facebook.com\/DP.international.lu\" data-type=\"link\" data-id=\"https:\/\/www.facebook.com\/DP.international.lu\">Facebook<\/a> und <a href=\"https:\/\/www.linkedin.com\/company\/dp-international-lux\/\" data-type=\"link\" data-id=\"https:\/\/www.linkedin.com\/company\/dp-international-lux\/\">LinkedIn<\/a>) oder per E-Mail an\u00a0<a>international@dp.lu<\/a>\u00a0bis zum 3. August.<\/p>\n\n\n\n<p><sup>1<\/sup> Bleib \u00fcber kommende Veranstaltungen auf dem Laufenden \u00fcber unseren <a href=\"https:\/\/www.dp.lu\/kalender\/?lang=de\" data-type=\"link\" data-id=\"https:\/\/www.dp.lu\/kalender\/?lang=de\">Veranstaltungskalender<\/a>.<br><sup>2<\/sup> Eine Mitgliedschaft in der Demokratische Partei\u00a0ist erforderlich. <a href=\"https:\/\/www.dp.lu\/member-ginn\/?lang=de\" data-type=\"link\" data-id=\"https:\/\/www.dp.lu\/member-ginn\/?lang=de\">Jetzt hier beitreten!<\/a><\/p>\n","protected":false},"excerpt":{"rendered":"<p>Mit gerade einmal 17 Jahren gestaltet Maximilian de Pauw Gerlings die Zukunft von DP International \u2013 und verwandelt Eigeninitiative in F\u00fchrungskompetenz.<\/p>\n","protected":false},"author":1001,"featured_media":3228,"comment_status":"closed","ping_status":"closed","sticky":false,"template":"","format":"standard","meta":{"footnotes":""},"categories":[35],"tags":[],"class_list":["post-3246","post","type-post","status-publish","format-standard","has-post-thumbnail","hentry","category-news-de","wpbf-post"],"_links":{"self":[{"href":"https:\/\/www.dp.lu\/dpinternational\/wp-json\/wp\/v2\/posts\/3246","targetHints":{"allow":["GET"]}}],"collection":[{"href":"https:\/\/www.dp.lu\/dpinternational\/wp-json\/wp\/v2\/posts"}],"about":[{"href":"https:\/\/www.dp.lu\/dpinternational\/wp-json\/wp\/v2\/types\/post"}],"author":[{"embeddable":true,"href":"https:\/\/www.dp.lu\/dpinternational\/wp-json\/wp\/v2\/users\/1001"}],"replies":[{"embeddable":true,"href":"https:\/\/www.dp.lu\/dpinternational\/wp-json\/wp\/v2\/comments?post=3246"}],"version-history":[{"count":1,"href":"https:\/\/www.dp.lu\/dpinternational\/wp-json\/wp\/v2\/posts\/3246\/revisions"}],"predecessor-version":[{"id":3247,"href":"https:\/\/www.dp.lu\/dpinternational\/wp-json\/wp\/v2\/posts\/3246\/revisions\/3247"}],"wp:featuredmedia":[{"embeddable":true,"href":"https:\/\/www.dp.lu\/dpinternational\/wp-json\/wp\/v2\/media\/3228"}],"wp:attachment":[{"href":"https:\/\/www.dp.lu\/dpinternational\/wp-json\/wp\/v2\/media?parent=3246"}],"wp:term":[{"taxonomy":"category","embeddable":true,"href":"https:\/\/www.dp.lu\/dpinternational\/wp-json\/wp\/v2\/categories?post=3246"},{"taxonomy":"post_tag","embeddable":true,"href":"https:\/\/www.dp.lu\/dpinternational\/wp-json\/wp\/v2\/tags?post=3246"}],"curies":[{"name":"wp","href":"https:\/\/api.w.org\/{rel}","templated":true}]}}