{"id":3259,"date":"2025-10-12T10:33:42","date_gmt":"2025-10-12T10:33:42","guid":{"rendered":"https:\/\/www.dp.lu\/dpinternational\/?p=3259"},"modified":"2025-10-12T12:25:21","modified_gmt":"2025-10-12T12:25:21","slug":"declaration-des-membres-internationaux-du-parti-democrate","status":"publish","type":"post","link":"https:\/\/www.dp.lu\/dpinternational\/declaration-des-membres-internationaux-du-parti-democrate\/?lang=fr","title":{"rendered":"D\u00e9claration des membres internationaux du Parti D\u00e9mocrate"},"content":{"rendered":"\n<p>Les membres internationaux du Parti d\u00e9mocrate publie cette d\u00e9claration, non pas pour r\u00e9agir, mais pour r\u00e9affirmer.<br>L\u2019\u00e9galit\u00e9 compte toujours, et elle ne doit jamais \u00eatre consid\u00e9r\u00e9e comme acquise.<\/p>\n\n\n\n<p>Nous nous exprimons en tant que D\u00e9mocrates, Luxembourgeois, Europ\u00e9ens et citoyens de pays du monde entier qui consid\u00e8rent le Luxembourg comme leur foyer, qui vivent et travaillent dans l\u2019une des soci\u00e9t\u00e9s les plus ouvertes et les plus diverses du monde. Nous parlons au nom des nombreuses personnes, en particulier des femmes, encore sous-repr\u00e9sent\u00e9es dans nos processus de d\u00e9cision communs, et qui font confiance \u00e0 ce parti pour d\u00e9fendre leur droit \u00e0 \u00eatre entendues.<\/p>\n\n\n\n<p>L\u2019\u00e9galit\u00e9 n\u2019est pas une question secondaire ; elle est la condition m\u00eame de la d\u00e9mocratie.<\/p>\n\n\n\n<p>Le f\u00e9minisme n\u2019est pas une id\u00e9ologie de division. C\u2019est la conviction que la libert\u00e9 n\u2019est compl\u00e8te que lorsque chacun peut participer \u00e0 la fa\u00e7onner. D\u00e9fendre les droits des femmes, c\u2019est d\u00e9fendre la d\u00e9mocratie elle-m\u00eame, car aucune d\u00e9mocratie ne peut v\u00e9ritablement se dire libre tant que la moiti\u00e9 de sa population demeure sans voix.<\/p>\n\n\n\n<p>Comme Simone Veil le rappelait \u00e0 l\u2019Europe il y a un demi-si\u00e8cle, la dignit\u00e9 et l\u2019autonomie des femmes ne sont pas n\u00e9gociables. Elles sont le fondement sur lequel repose la d\u00e9mocratie moderne. Nous honorons cet h\u00e9ritage, et nous le faisons vivre.<\/p>\n\n\n\n<p>Le f\u00e9minisme est le courage quotidien de l\u2019inclusion, et l\u2019inclusion est le souffle vital de la d\u00e9mocratie lib\u00e9rale.<\/p>\n\n\n\n<p>Nous sommes fiers d\u2019\u00eatre des membres engag\u00e9s d\u2019un parti social-lib\u00e9ral qui croit que le progr\u00e8s se construit par le dialogue, non par la division. \u00catre proche des gens, c\u2019est \u00e9couter : la femme qui cumule deux emplois, le nouvel arrivant qui apprend le luxembourgeois, le jeune qui se demande encore si la politique a une place pour lui.<\/p>\n\n\n\n<p>Une d\u00e9mocratie qui n\u2019inclut que certains finit, t\u00f4t ou tard, par ne plus parler pour personne.<\/p>\n\n\n\n<p>Nous nous tenons aux c\u00f4t\u00e9s des mouvements, ici et ailleurs, qui d\u00e9fendent les droits des femmes, l\u2019\u00e9galit\u00e9 et la libert\u00e9, et nous sommes pr\u00e9occup\u00e9s par les tentatives croissantes de remettre en cause ces avanc\u00e9es.<\/p>\n\n\n\n<p>Notre r\u00e9ponse ne doit pas \u00eatre le retrait, mais l\u2019engagement.<\/p>\n\n\n\n<p>C\u2019est cela que nous d\u00e9fendons, ensemble, en tant que D\u00e9mocrates.<\/p>\n\n\n\n<p><a href=\"https:\/\/www.dp.lu\/dpinternational\/comite\/?lang=fr\" data-type=\"link\" data-id=\"https:\/\/www.dp.lu\/dpinternational\/comite\/?lang=lb-lu\">Le Comit\u00e9<\/a><br>DP International<\/p>\n","protected":false},"excerpt":{"rendered":"<p>Les membres internationaux du Parti d\u00e9mocrate r\u00e9affirment que l\u2019\u00e9galit\u00e9 et l\u2019inclusion sont les fondements de la d\u00e9mocratie. Un appel \u00e0 d\u00e9fendre les droits des femmes, le dialogue et la participation de tous.<\/p>\n","protected":false},"author":1001,"featured_media":3280,"comment_status":"closed","ping_status":"closed","sticky":false,"template":"","format":"standard","meta":{"footnotes":""},"categories":[34],"tags":[],"class_list":["post-3259","post","type-post","status-publish","format-standard","has-post-thumbnail","hentry","category-news-fr","wpbf-post"],"_links":{"self":[{"href":"https:\/\/www.dp.lu\/dpinternational\/wp-json\/wp\/v2\/posts\/3259","targetHints":{"allow":["GET"]}}],"collection":[{"href":"https:\/\/www.dp.lu\/dpinternational\/wp-json\/wp\/v2\/posts"}],"about":[{"href":"https:\/\/www.dp.lu\/dpinternational\/wp-json\/wp\/v2\/types\/post"}],"author":[{"embeddable":true,"href":"https:\/\/www.dp.lu\/dpinternational\/wp-json\/wp\/v2\/users\/1001"}],"replies":[{"embeddable":true,"href":"https:\/\/www.dp.lu\/dpinternational\/wp-json\/wp\/v2\/comments?post=3259"}],"version-history":[{"count":4,"href":"https:\/\/www.dp.lu\/dpinternational\/wp-json\/wp\/v2\/posts\/3259\/revisions"}],"predecessor-version":[{"id":3285,"href":"https:\/\/www.dp.lu\/dpinternational\/wp-json\/wp\/v2\/posts\/3259\/revisions\/3285"}],"wp:featuredmedia":[{"embeddable":true,"href":"https:\/\/www.dp.lu\/dpinternational\/wp-json\/wp\/v2\/media\/3280"}],"wp:attachment":[{"href":"https:\/\/www.dp.lu\/dpinternational\/wp-json\/wp\/v2\/media?parent=3259"}],"wp:term":[{"taxonomy":"category","embeddable":true,"href":"https:\/\/www.dp.lu\/dpinternational\/wp-json\/wp\/v2\/categories?post=3259"},{"taxonomy":"post_tag","embeddable":true,"href":"https:\/\/www.dp.lu\/dpinternational\/wp-json\/wp\/v2\/tags?post=3259"}],"curies":[{"name":"wp","href":"https:\/\/api.w.org\/{rel}","templated":true}]}}