{"id":3262,"date":"2025-10-12T10:33:42","date_gmt":"2025-10-12T10:33:42","guid":{"rendered":"https:\/\/www.dp.lu\/dpinternational\/?p=3262"},"modified":"2025-10-12T12:30:57","modified_gmt":"2025-10-12T12:30:57","slug":"declaracao-dos-membros-internacionais-do-partido-democrata","status":"publish","type":"post","link":"https:\/\/www.dp.lu\/dpinternational\/declaracao-dos-membros-internacionais-do-partido-democrata\/?lang=pt-pt","title":{"rendered":"Declara\u00e7\u00e3o dos Membros Internacionais do Partido Democrata"},"content":{"rendered":"\n<p>A representa\u00e7\u00e3o internacional do Partido Democrata publica esta declara\u00e7\u00e3o, n\u00e3o para reagir, mas para reafirmar. A igualdade continua a ser essencial, e nunca deve ser tida como garantida.<\/p>\n\n\n\n<p>Falamos enquanto Democratas, luxemburgueses, europeus e cidad\u00e3os de pa\u00edses de todo o mundo que vivem e trabalham no Luxemburgo \u2014 um pa\u00eds que consideram seu lar, numa das sociedades mais abertas e diversas do mundo. Falamos em nome de todas as pessoas, em especial das mulheres, que continuam sub-representadas nos nossos processos de decis\u00e3o comuns e que confiam neste partido para defender o seu direito a serem ouvidas.<\/p>\n\n\n\n<p>A igualdade n\u00e3o \u00e9 uma quest\u00e3o secund\u00e1ria; \u00e9 a pr\u00f3pria condi\u00e7\u00e3o da democracia.<\/p>\n\n\n\n<p>O feminismo n\u00e3o \u00e9 uma ideologia de divis\u00e3o. \u00c9 a convic\u00e7\u00e3o de que a liberdade s\u00f3 \u00e9 plena quando todos podem participar na sua constru\u00e7\u00e3o. Defender os direitos das mulheres \u00e9 defender a pr\u00f3pria democracia, pois nenhuma democracia pode verdadeiramente considerar-se livre enquanto metade da sua popula\u00e7\u00e3o permanecer sem voz.<\/p>\n\n\n\n<p>Como Simone Veil lembrou \u00e0 Europa h\u00e1 meio s\u00e9culo, a dignidade e a autonomia das mulheres n\u00e3o s\u00e3o negoci\u00e1veis. S\u00e3o o alicerce sobre o qual assenta a democracia moderna. Honramos esse legado e levamo-lo adiante.<\/p>\n\n\n\n<p>O feminismo \u00e9 a coragem di\u00e1ria da inclus\u00e3o, e a inclus\u00e3o \u00e9 o pulso vital da democracia liberal.<\/p>\n\n\n\n<p>Temos orgulho em ser membros empenhados de um partido social-liberal que acredita que o progresso se constr\u00f3i atrav\u00e9s do di\u00e1logo, e n\u00e3o da divis\u00e3o. Estar pr\u00f3ximo das pessoas \u00e9 escut\u00e1-las: a mulher que acumula dois empregos, o rec\u00e9m-chegado que aprende luxemburgu\u00eas, o jovem que se interroga se a pol\u00edtica ainda tem espa\u00e7o para ele.<\/p>\n\n\n\n<p><strong>Uma democracia que s\u00f3 inclui alguns acabar\u00e1, com o tempo, por n\u00e3o falar por ningu\u00e9m.<\/strong><\/p>\n\n\n\n<p>Estamos ao lado dos movimentos, aqui e em todo o mundo, que defendem os direitos das mulheres, a igualdade e a liberdade, e estamos preocupados com as tentativas crescentes de fazer recuar esses avan\u00e7os.<\/p>\n\n\n\n<p>A nossa resposta n\u00e3o deve ser o afastamento, mas o envolvimento.<\/p>\n\n\n\n<p>\u00c9 isso que defendemos, juntos, enquanto Democratas.<\/p>\n\n\n\n<p><a href=\"https:\/\/www.dp.lu\/dpinternational\/comite\/?lang=pt-pt\" data-type=\"link\" data-id=\"https:\/\/www.dp.lu\/dpinternational\/comite\/?lang=pt-pt\">O Comit\u00e9<\/a><br>DP International<\/p>\n\n\n\n<p><\/p>\n","protected":false},"excerpt":{"rendered":"<p>Os membros internacionais do Partido Democrata reafirmam que a igualdade e a inclus\u00e3o s\u00e3o a base da democracia. Um apelo \u00e0 defesa dos direitos das mulheres, do di\u00e1logo e da participa\u00e7\u00e3o de todos.<\/p>\n","protected":false},"author":1001,"featured_media":3283,"comment_status":"closed","ping_status":"closed","sticky":false,"template":"","format":"standard","meta":{"footnotes":""},"categories":[41],"tags":[],"class_list":["post-3262","post","type-post","status-publish","format-standard","has-post-thumbnail","hentry","category-news","wpbf-post"],"_links":{"self":[{"href":"https:\/\/www.dp.lu\/dpinternational\/wp-json\/wp\/v2\/posts\/3262","targetHints":{"allow":["GET"]}}],"collection":[{"href":"https:\/\/www.dp.lu\/dpinternational\/wp-json\/wp\/v2\/posts"}],"about":[{"href":"https:\/\/www.dp.lu\/dpinternational\/wp-json\/wp\/v2\/types\/post"}],"author":[{"embeddable":true,"href":"https:\/\/www.dp.lu\/dpinternational\/wp-json\/wp\/v2\/users\/1001"}],"replies":[{"embeddable":true,"href":"https:\/\/www.dp.lu\/dpinternational\/wp-json\/wp\/v2\/comments?post=3262"}],"version-history":[{"count":3,"href":"https:\/\/www.dp.lu\/dpinternational\/wp-json\/wp\/v2\/posts\/3262\/revisions"}],"predecessor-version":[{"id":3288,"href":"https:\/\/www.dp.lu\/dpinternational\/wp-json\/wp\/v2\/posts\/3262\/revisions\/3288"}],"wp:featuredmedia":[{"embeddable":true,"href":"https:\/\/www.dp.lu\/dpinternational\/wp-json\/wp\/v2\/media\/3283"}],"wp:attachment":[{"href":"https:\/\/www.dp.lu\/dpinternational\/wp-json\/wp\/v2\/media?parent=3262"}],"wp:term":[{"taxonomy":"category","embeddable":true,"href":"https:\/\/www.dp.lu\/dpinternational\/wp-json\/wp\/v2\/categories?post=3262"},{"taxonomy":"post_tag","embeddable":true,"href":"https:\/\/www.dp.lu\/dpinternational\/wp-json\/wp\/v2\/tags?post=3262"}],"curies":[{"name":"wp","href":"https:\/\/api.w.org\/{rel}","templated":true}]}}