{"id":3264,"date":"2025-10-12T10:33:42","date_gmt":"2025-10-12T10:33:42","guid":{"rendered":"https:\/\/www.dp.lu\/dpinternational\/?p=3264"},"modified":"2025-10-12T12:32:26","modified_gmt":"2025-10-12T12:32:26","slug":"erklarung-vun-de-internationale-memberen-vum-demokratesche-partei","status":"publish","type":"post","link":"https:\/\/www.dp.lu\/dpinternational\/erklarung-vun-de-internationale-memberen-vum-demokratesche-partei\/?lang=lb-lu","title":{"rendered":"Erkl\u00e4rung vun de internationale Memberen vum Demokratesche Partei"},"content":{"rendered":"\n<p>D\u00e9i international Member\u00adschaft vum Demokratesche Partei publiz\u00e9iert d\u00ebs Erkl\u00e4rung net fir ze reag\u00e9ieren, mee fir nees ze best\u00e4tegen. Gl\u00e4ichheet ass nach \u00ebmmer bedeitend, an hie d\u00e4erf ni als selwerverst\u00e4ndlech ugeholl ginn.<\/p>\n\n\n\n<p>Mir schw\u00e4tzen als Demokraten, L\u00ebtzebuerger, Europ\u00e4er an Awunner vu L\u00e4nner ronder\u00ebm d\u2019Welt, d\u00e9i zu L\u00ebtzebuerg liewen a schaffen \u2014 a dat Land als hiren Heemecht ugesinn. Mir schw\u00e4tzen am Numm vun de ville Leit, besonnesch vun de Fraen, d\u00e9i nach \u00ebmmer \u00ebnnerrepr\u00e4sent\u00e9iert sinn an eise gemeinsame Entscheedungsprozesser, an d\u00e9i d\u00ebse Partei vertrauen, fir hiren Recht op h\u00e9ieren ze ginn, ze verteidegen.<\/p>\n\n\n\n<p>Gl\u00e4ichheet ass kee Zousatzthema; si ass d\u2019Virsetzung vun der Demokratie selwer.<\/p>\n\n\n\n<p>Feminismus ass keng Ideologie vun der Spaltung. Et ass de Glaawen, datt d\u2019Fr\u00e4iheet n\u00ebmmen dann komplett ass, wann jiddweree matbest\u00ebmmen kann. D\u2019Rechter vun de Fraen ze verteidegen bedeit d\u00e9i Demokratie selwer ze verteidegen, well keng Demokratie sech wierklech frei nennen kann, wann d\u00e9i h\u00ebllefeg Hallschent vun der Bev\u00eblkerung net h\u00e9ieren g\u00ebtt.<\/p>\n\n\n\n<p>W\u00e9i d\u2019Simone Veil virun engem hallwe Joerhonnert un d\u2019Europa er\u00ebnnert huet: d\u2019W\u00fcrde an d\u2019Autonomie vun de Fraen sinn net verhandelbar. Si sinn d\u2019Basis, op d\u00e4r d\u2019modern Demokratie opbaut. Mir h\u00e9ieren dat Erbe u, an mir f\u00e9ieren et weider.<\/p>\n\n\n\n<p>Feminismus ass de courag\u00e9ierte Alldag vun der Abl\u00e9ck, an Abl\u00e9ck ass de Pulsschlag vun der liberaler Demokratie.<\/p>\n\n\n\n<p>Mir si frou, aktiv Memberen vun engem sozial-liberale Partei ze sinn, dat drun gleeft, datt Fortschr\u00ebtt duerch Dialog entsteet, net duerch Divisioun. No bei de Leit ze sinn heescht: h\u00e9ieren \u2014 d\u2019Fra, d\u00e9i zwou Aarbechten huet, dee Neiburger, dee L\u00ebtzebuergesch l\u00e9iert, de jonke M\u00ebnsch, deen sech freet, ob Politik nach Plaz fir hie g\u00ebtt.<\/p>\n\n\n\n<p><strong>Eng Demokratie, d\u00e9i n\u00ebmmen e puer abilt, f\u00e4nkt iergendwann un, fir n\u00e4ischt m\u00e9i ze schw\u00e4tzen.<\/strong><\/p>\n\n\n\n<p>Mir stinn hannert Bewegung ronder\u00ebm d\u2019Welt, d\u00e9i d\u2019Rechter vun de Fraen, d\u2019Gl\u00e4ichheet an d\u2019Fr\u00e4iheet verteidegen, an mir si besuergt iwwer d\u00e9i wuessend Versich hei an eeler Plazen, d\u00ebs Fortschr\u00ebtter zer\u00e9ckzef\u00e9ieren.<\/p>\n\n\n\n<p>Eis \u00c4ntwert dierf net de R\u00e9ckzuch sinn, mee d\u2019Engagement.<\/p>\n\n\n\n<p>Dat ass, wat mir zesumme vertrieden, als Demokraten.<\/p>\n\n\n\n<p><a href=\"https:\/\/www.dp.lu\/dpinternational\/comite\/?lang=lb-lu\" data-type=\"link\" data-id=\"https:\/\/www.dp.lu\/dpinternational\/comite\/?lang=lb-lu\">De Comit\u00e9<\/a><br>DP International<\/p>\n","protected":false},"excerpt":{"rendered":"<p>D\u00e9i international Memberen vun der Demokratescher Partei best\u00e4tegen, datt Gl\u00e4ichheet an Abl\u00e9ck d\u2019Grondlage vun der Demokratie sinn. Eng Opruff fir d\u2019Rechter vun de Fraen, den Dialog an d\u2019Bedeelegung ze verdeedegen.<\/p>\n","protected":false},"author":1001,"featured_media":3282,"comment_status":"closed","ping_status":"closed","sticky":false,"template":"","format":"standard","meta":{"footnotes":""},"categories":[32],"tags":[],"class_list":["post-3264","post","type-post","status-publish","format-standard","has-post-thumbnail","hentry","category-news","wpbf-post"],"_links":{"self":[{"href":"https:\/\/www.dp.lu\/dpinternational\/wp-json\/wp\/v2\/posts\/3264","targetHints":{"allow":["GET"]}}],"collection":[{"href":"https:\/\/www.dp.lu\/dpinternational\/wp-json\/wp\/v2\/posts"}],"about":[{"href":"https:\/\/www.dp.lu\/dpinternational\/wp-json\/wp\/v2\/types\/post"}],"author":[{"embeddable":true,"href":"https:\/\/www.dp.lu\/dpinternational\/wp-json\/wp\/v2\/users\/1001"}],"replies":[{"embeddable":true,"href":"https:\/\/www.dp.lu\/dpinternational\/wp-json\/wp\/v2\/comments?post=3264"}],"version-history":[{"count":3,"href":"https:\/\/www.dp.lu\/dpinternational\/wp-json\/wp\/v2\/posts\/3264\/revisions"}],"predecessor-version":[{"id":3289,"href":"https:\/\/www.dp.lu\/dpinternational\/wp-json\/wp\/v2\/posts\/3264\/revisions\/3289"}],"wp:featuredmedia":[{"embeddable":true,"href":"https:\/\/www.dp.lu\/dpinternational\/wp-json\/wp\/v2\/media\/3282"}],"wp:attachment":[{"href":"https:\/\/www.dp.lu\/dpinternational\/wp-json\/wp\/v2\/media?parent=3264"}],"wp:term":[{"taxonomy":"category","embeddable":true,"href":"https:\/\/www.dp.lu\/dpinternational\/wp-json\/wp\/v2\/categories?post=3264"},{"taxonomy":"post_tag","embeddable":true,"href":"https:\/\/www.dp.lu\/dpinternational\/wp-json\/wp\/v2\/tags?post=3264"}],"curies":[{"name":"wp","href":"https:\/\/api.w.org\/{rel}","templated":true}]}}