{"id":3321,"date":"2025-11-10T21:52:31","date_gmt":"2025-11-10T21:52:31","guid":{"rendered":"https:\/\/www.dp.lu\/dpinternational\/les-coulisses-de-la-democratie-luxembourgeoise-une-visite-au-parlement\/"},"modified":"2025-11-11T07:12:18","modified_gmt":"2025-11-11T07:12:18","slug":"les-coulisses-de-la-democratie-luxembourgeoise-une-visite-au-parlement","status":"publish","type":"post","link":"https:\/\/www.dp.lu\/dpinternational\/les-coulisses-de-la-democratie-luxembourgeoise-une-visite-au-parlement\/?lang=fr","title":{"rendered":"Les coulisses de la d\u00e9mocratie luxembourgeoise : une visite au Parlement"},"content":{"rendered":"\n<p>Le mercredi 5 novembre, les membres et amis du DP International ont eu l\u2019occasion de visiter la Chambre des D\u00e9put\u00e9s \u2014 le v\u00e9ritable c\u0153ur de la d\u00e9mocratie luxembourgeoise.<\/p>\n\n\n\n<p>La visite a permis de poser des questions, d\u2019\u00e9changer des id\u00e9es et d\u2019observer de pr\u00e8s comment la vie parlementaire se d\u00e9roule au quotidien.<\/p>\n\n\n\n<p>L\u2019\u00e9v\u00e9nement, organis\u00e9 par la Vice-Pr\u00e9sidente charg\u00e9e des \u00e9v\u00e9nements, <a href=\"https:\/\/www.dp.lu\/dpinternational\/comite\/?lang=fr\" data-type=\"link\" data-id=\"https:\/\/www.dp.lu\/dpinternational\/committee\/\">Zamira Pode-Hirsch<\/a>, a \u00e9galement \u00e9t\u00e9 l\u2019occasion de r\u00e9affirmer la mission du DP International. Pendant la visite, le Pr\u00e9sident, <a href=\"https:\/\/www.dp.lu\/dpinternational\/comite\/?lang=fr\" data-type=\"link\" data-id=\"https:\/\/www.dp.lu\/dpinternational\/committee\/\">Christos Floros<\/a>, a rappel\u00e9 pourquoi ces initiatives sont essentielles et ce qui guide le travail de la section :<\/p>\n\n\n\n<blockquote class=\"wp-block-quote is-layout-flow wp-block-quote-is-layout-flow\">\n<p>Ce que nous essayons de faire, c\u2019est de veiller \u00e0 ce que cette Chambre nous repr\u00e9sente. Qu\u2019elle repr\u00e9sente tout le monde.<br>Notre parti a toujours d\u00e9fendu l\u2019inclusion, le progr\u00e8s et les valeurs socio-lib\u00e9rales. C\u2019est pour cela que nous nous engageons. <br>Notre priorit\u00e9 est de garantir que les voix internationales au Luxembourg puissent participer \u00e0 notre \u00e9lectorat.<br>Tel est notre objectif au DP International : vous donner une voix, donner une voix \u00e0 la communaut\u00e9 internationale.<\/p>\n<\/blockquote>\n\n\n\n<p>Cela souligne l\u2019engagement de DP International en faveur de l\u2019inclusion et de la participation citoyenne : veiller \u00e0 ce que les r\u00e9sidents internationaux soient non seulement inform\u00e9s du fonctionnement de la d\u00e9mocratie luxembourgeoise, mais aussi encourag\u00e9s \u00e0 y prendre part.<\/p>\n\n\n\n<p><strong>Rejoignez la Conversation<\/strong><\/p>\n\n\n\n<p>Des visites comme celle-ci nous rappellent que la d\u00e9mocratie vit \u00e0 travers ceux qui s\u2019y int\u00e9ressent. <strong>Nous vous invitons \u00e0<\/strong> <a href=\"https:\/\/forms.gle\/gfxvwjdMoZjjNrf28\"><strong>nous rejoindre<\/strong><\/a> \u2014 en adh\u00e9rant au DP International, vous pouvez participer \u00e0 des visites, d\u00e9bats et discussions qui rapprochent la vie d\u00e9mocratique luxembourgeoise de sa communaut\u00e9 internationale.<\/p>\n","protected":false},"excerpt":{"rendered":"<p>\u00c0 la d\u00e9couverte de la Chambre des D\u00e9put\u00e9s pour mieux comprendre le fonctionnement concret de la d\u00e9mocratie luxembourgeoise. <\/p>\n","protected":false},"author":1001,"featured_media":3310,"comment_status":"closed","ping_status":"closed","sticky":false,"template":"","format":"standard","meta":{"footnotes":""},"categories":[18],"tags":[],"class_list":["post-3321","post","type-post","status-publish","format-standard","has-post-thumbnail","hentry","category-event-fr","wpbf-post"],"_links":{"self":[{"href":"https:\/\/www.dp.lu\/dpinternational\/wp-json\/wp\/v2\/posts\/3321","targetHints":{"allow":["GET"]}}],"collection":[{"href":"https:\/\/www.dp.lu\/dpinternational\/wp-json\/wp\/v2\/posts"}],"about":[{"href":"https:\/\/www.dp.lu\/dpinternational\/wp-json\/wp\/v2\/types\/post"}],"author":[{"embeddable":true,"href":"https:\/\/www.dp.lu\/dpinternational\/wp-json\/wp\/v2\/users\/1001"}],"replies":[{"embeddable":true,"href":"https:\/\/www.dp.lu\/dpinternational\/wp-json\/wp\/v2\/comments?post=3321"}],"version-history":[{"count":6,"href":"https:\/\/www.dp.lu\/dpinternational\/wp-json\/wp\/v2\/posts\/3321\/revisions"}],"predecessor-version":[{"id":3339,"href":"https:\/\/www.dp.lu\/dpinternational\/wp-json\/wp\/v2\/posts\/3321\/revisions\/3339"}],"wp:featuredmedia":[{"embeddable":true,"href":"https:\/\/www.dp.lu\/dpinternational\/wp-json\/wp\/v2\/media\/3310"}],"wp:attachment":[{"href":"https:\/\/www.dp.lu\/dpinternational\/wp-json\/wp\/v2\/media?parent=3321"}],"wp:term":[{"taxonomy":"category","embeddable":true,"href":"https:\/\/www.dp.lu\/dpinternational\/wp-json\/wp\/v2\/categories?post=3321"},{"taxonomy":"post_tag","embeddable":true,"href":"https:\/\/www.dp.lu\/dpinternational\/wp-json\/wp\/v2\/tags?post=3321"}],"curies":[{"name":"wp","href":"https:\/\/api.w.org\/{rel}","templated":true}]}}