{"id":3326,"date":"2025-11-10T21:52:31","date_gmt":"2025-11-10T21:52:31","guid":{"rendered":"https:\/\/www.dp.lu\/dpinternational\/?p=3326"},"modified":"2025-11-11T07:14:46","modified_gmt":"2025-11-11T07:14:46","slug":"por-dentro-da-democracia-luxemburguesa-uma-visita-ao-parlamento","status":"publish","type":"post","link":"https:\/\/www.dp.lu\/dpinternational\/por-dentro-da-democracia-luxemburguesa-uma-visita-ao-parlamento\/?lang=pt-pt","title":{"rendered":"Por Dentro da Democracia Luxemburguesa: uma Visita ao Parlamento"},"content":{"rendered":"\n<p>Na quarta-feira, 5 de novembro, membros e amigos do DP International tiveram a oportunidade de visitar a C\u00e2mara dos Deputados \u2014 o verdadeiro cora\u00e7\u00e3o da democracia luxemburguesa.<\/p>\n\n\n\n<p>A visita permitiu esclarecer perguntas, trocar ideias e observar de perto como decorre a vida parlamentar no dia a dia.<\/p>\n\n\n\n<p>O evento, organizado pela Vice-Presidente de Eventos, <a href=\"https:\/\/www.dp.lu\/dpinternational\/comite\/?lang=pt-pt\" data-type=\"link\" data-id=\"https:\/\/www.dp.lu\/dpinternational\/comite\/?lang=pt-pt\">Zamira Pode-Hirsch<\/a>, foi tamb\u00e9m uma oportunidade para reafirmar a miss\u00e3o do DP International. Durante a visita, o Presidente, <a href=\"https:\/\/www.dp.lu\/dpinternational\/comite\/?lang=pt-pt\" data-type=\"link\" data-id=\"https:\/\/www.dp.lu\/dpinternational\/comite\/?lang=pt-pt\">Christos Floros<\/a>, recordou o porqu\u00ea de estas iniciativas serem importantes e o que motiva o trabalho do grupo:<\/p>\n\n\n\n<blockquote class=\"wp-block-quote is-layout-flow wp-block-quote-is-layout-flow\">\n<p>\u201cO que procuramos fazer \u00e9 garantir que esta c\u00e2mara nos represente. Que represente todos.<br>O nosso partido sempre defendeu a inclus\u00e3o, o progresso e os valores social-liberais. \u00c9 por isso que nos organizamos, \u00e9 por isso que fazemos este trabalho.<br>A nossa prioridade \u00e9 garantir que as vozes internacionais no Luxemburgo possam participar no nosso eleitorado.<br>Esse \u00e9 o objetivo do DP International: dar-lhe uma voz, dar uma voz \u00e0 comunidade internacional.\u201d<\/p>\n<\/blockquote>\n\n\n\n<p>Isto refor\u00e7a o compromisso do DP International com a inclus\u00e3o e a participa\u00e7\u00e3o c\u00edvica: garantir que os residentes internacionais n\u00e3o s\u00f3 compreendam como a democracia luxemburguesa funciona, mas tamb\u00e9m se sintam capacitados a participar nela.<\/p>\n\n\n\n<p><strong>Junte-se \u00e0 Conversa<\/strong><\/p>\n\n\n\n<p>Visitas como esta lembram-nos que a democracia vive atrav\u00e9s das pessoas que nela se envolvem. <strong><a href=\"https:\/\/docs.google.com\/forms\/d\/e\/1FAIpQLSdG3HMJQqxBc9G3QvgXsFjIfirv2PDz398d0fIZIU77n2phZQ\/viewform\" data-type=\"link\" data-id=\"https:\/\/docs.google.com\/forms\/d\/e\/1FAIpQLSdG3HMJQqxBc9G3QvgXsFjIfirv2PDz398d0fIZIU77n2phZQ\/viewform\">Junte-se a n\u00f3s<\/a><\/strong> \u2014 ao aderir ao DP International, pode participar em visitas, debates e discuss\u00f5es que aproximam a vida democr\u00e1tica do Luxemburgo da sua comunidade internacional.<\/p>\n\n\n\n<p><\/p>\n","protected":false},"excerpt":{"rendered":"<p>Uma visita \u00e0 C\u00e2mara dos Deputados para compreender de perto como funciona, na pr\u00e1tica, a democracia luxemburguesa.<\/p>\n","protected":false},"author":1001,"featured_media":3313,"comment_status":"closed","ping_status":"closed","sticky":false,"template":"","format":"standard","meta":{"footnotes":""},"categories":[37],"tags":[],"class_list":["post-3326","post","type-post","status-publish","format-standard","has-post-thumbnail","hentry","category-sem-categoria","wpbf-post"],"_links":{"self":[{"href":"https:\/\/www.dp.lu\/dpinternational\/wp-json\/wp\/v2\/posts\/3326","targetHints":{"allow":["GET"]}}],"collection":[{"href":"https:\/\/www.dp.lu\/dpinternational\/wp-json\/wp\/v2\/posts"}],"about":[{"href":"https:\/\/www.dp.lu\/dpinternational\/wp-json\/wp\/v2\/types\/post"}],"author":[{"embeddable":true,"href":"https:\/\/www.dp.lu\/dpinternational\/wp-json\/wp\/v2\/users\/1001"}],"replies":[{"embeddable":true,"href":"https:\/\/www.dp.lu\/dpinternational\/wp-json\/wp\/v2\/comments?post=3326"}],"version-history":[{"count":2,"href":"https:\/\/www.dp.lu\/dpinternational\/wp-json\/wp\/v2\/posts\/3326\/revisions"}],"predecessor-version":[{"id":3340,"href":"https:\/\/www.dp.lu\/dpinternational\/wp-json\/wp\/v2\/posts\/3326\/revisions\/3340"}],"wp:featuredmedia":[{"embeddable":true,"href":"https:\/\/www.dp.lu\/dpinternational\/wp-json\/wp\/v2\/media\/3313"}],"wp:attachment":[{"href":"https:\/\/www.dp.lu\/dpinternational\/wp-json\/wp\/v2\/media?parent=3326"}],"wp:term":[{"taxonomy":"category","embeddable":true,"href":"https:\/\/www.dp.lu\/dpinternational\/wp-json\/wp\/v2\/categories?post=3326"},{"taxonomy":"post_tag","embeddable":true,"href":"https:\/\/www.dp.lu\/dpinternational\/wp-json\/wp\/v2\/tags?post=3326"}],"curies":[{"name":"wp","href":"https:\/\/api.w.org\/{rel}","templated":true}]}}