{"id":3328,"date":"2025-11-10T21:52:31","date_gmt":"2025-11-10T21:52:31","guid":{"rendered":"https:\/\/www.dp.lu\/dpinternational\/?p=3328"},"modified":"2025-11-11T07:08:24","modified_gmt":"2025-11-11T07:08:24","slug":"hannert-de-kulisse-vun-der-letzebuerger-demokratie-eng-visitt-an-dchamber","status":"publish","type":"post","link":"https:\/\/www.dp.lu\/dpinternational\/hannert-de-kulisse-vun-der-letzebuerger-demokratie-eng-visitt-an-dchamber\/?lang=lb-lu","title":{"rendered":"Hannert de Kulisse vun der l\u00ebtzebuerger Demokratie: eng Visitt an d\u2019Chamber"},"content":{"rendered":"\n<p>De M\u00ebttwoch, den 5. November, haten d\u2019Memberen an d\u2019Fr\u00ebnn vu DP International d\u2019Gelee\u00ebnheet, d\u2019Chamber vun den Deput\u00e9ierten ze besichen \u2014 d\u2019H\u00e4erz vun der l\u00ebtzebuerger Demokratie.<\/p>\n\n\n\n<p>D\u2019Visitt huet d\u2019M\u00e9iglechkeet ginn, Froen ze stellen, Iddien auszetauschen an aus noer Distanz ze gesinn, w\u00e9i dat parlamentarescht Liewen am Alldag ofleeft.<\/p>\n\n\n\n<p>D\u2019Evenement gouf vun der Vizepresidentin fir Eventer, <a href=\"https:\/\/www.dp.lu\/dpinternational\/comite\/?lang=lb-lu\" data-type=\"link\" data-id=\"https:\/\/www.dp.lu\/dpinternational\/comite\/?lang=lb-lu\">Zamira Pode Hirsch<\/a>, organis\u00e9iert, an huet och derzou ged\u00e9ngt, d\u2019Missioun vun DP International ze \u00ebnnerstr\u00e4ichen. W\u00e4rend der Visitt huet de President, <a href=\"https:\/\/www.dp.lu\/dpinternational\/comite\/?lang=lb-lu\">Christos Floros<\/a>, drun er\u00ebnnert, firwat esou Initiativen wichteg sinn an wat d\u2019Aarbecht vun der Sektioun motiv\u00e9iert:<\/p>\n\n\n\n<blockquote class=\"wp-block-quote is-layout-flow wp-block-quote-is-layout-flow\">\n<p>\u201eWat mir prob\u00e9ieren, ass s\u00e9cherzestellen, datt d\u00ebs Chamber eis alleguer vertr\u00ebtt.<br>Eis Partei steet \u00ebmmer fir Inclusioun, Fortschr\u00ebtt an sozialliberal W\u00e4erter. Dofir organis\u00e9ieren mir eis, dofir maache mir d\u00ebs Aarbecht.<br>Eis Haaptpriorit\u00e9it ass s\u00e9cherzestellen, datt d\u00e9i international St\u00ebmmen zu L\u00ebtzebuerg k\u00ebnnen un eiser Demokratie deelhuelen.<br>Dat ass eist Zil bei DP International: Iech eng St\u00ebmm ze ginn, der internationaler Communaut\u00e9it eng St\u00ebmm ze ginn.\u201c<\/p>\n<\/blockquote>\n\n\n\n<p>Dat \u00ebnnerstr\u00e4icht d\u2019Engagement vun DP International fir Inclusioun a biergerlecht Engagement: fir s\u00e9cherzestellen, datt international Residenten net n\u00ebmmen verstinn, w\u00e9i d\u2019Demokratie zu L\u00ebtzebuerg funktion\u00e9iert, mee och encourag\u00e9iert ginn, dorunner deelzehuelen.<\/p>\n\n\n\n<p><strong>Maacht mat an der Diskussioun<\/strong><\/p>\n\n\n\n<p>Visitten ew\u00e9i d\u00ebs er\u00ebnneren eis drun, datt Demokratie duerch d\u2019Leit lieft, d\u00e9i sech dofir interess\u00e9ieren.<a href=\"https:\/\/docs.google.com\/forms\/d\/e\/1FAIpQLSdG3HMJQqxBc9G3QvgXsFjIfirv2PDz398d0fIZIU77n2phZQ\/viewform\"> <strong>Maacht mat <\/strong><\/a>\u2014 andeems Dir Member vu DP International gitt, k\u00ebnnt Dir u Visitten, Debatten an Diskussiounen deelhuelen, d\u00e9i d\u2019l\u00ebtzebuerger Demokratie m\u00e9i no bei hir international Communaut\u00e9it br\u00e9ngen.<\/p>\n","protected":false},"excerpt":{"rendered":"<p>Eng Visitt an d\u2019Chamber, fir aus noer Distanz ze erliewen, w\u00e9i d\u2019l\u00ebtzebuerger Demokratie am Alldag funktion\u00e9iert.<\/p>\n","protected":false},"author":1001,"featured_media":3312,"comment_status":"closed","ping_status":"closed","sticky":false,"template":"","format":"standard","meta":{"footnotes":""},"categories":[1],"tags":[],"class_list":["post-3328","post","type-post","status-publish","format-standard","has-post-thumbnail","hentry","category-event","wpbf-post"],"_links":{"self":[{"href":"https:\/\/www.dp.lu\/dpinternational\/wp-json\/wp\/v2\/posts\/3328","targetHints":{"allow":["GET"]}}],"collection":[{"href":"https:\/\/www.dp.lu\/dpinternational\/wp-json\/wp\/v2\/posts"}],"about":[{"href":"https:\/\/www.dp.lu\/dpinternational\/wp-json\/wp\/v2\/types\/post"}],"author":[{"embeddable":true,"href":"https:\/\/www.dp.lu\/dpinternational\/wp-json\/wp\/v2\/users\/1001"}],"replies":[{"embeddable":true,"href":"https:\/\/www.dp.lu\/dpinternational\/wp-json\/wp\/v2\/comments?post=3328"}],"version-history":[{"count":3,"href":"https:\/\/www.dp.lu\/dpinternational\/wp-json\/wp\/v2\/posts\/3328\/revisions"}],"predecessor-version":[{"id":3336,"href":"https:\/\/www.dp.lu\/dpinternational\/wp-json\/wp\/v2\/posts\/3328\/revisions\/3336"}],"wp:featuredmedia":[{"embeddable":true,"href":"https:\/\/www.dp.lu\/dpinternational\/wp-json\/wp\/v2\/media\/3312"}],"wp:attachment":[{"href":"https:\/\/www.dp.lu\/dpinternational\/wp-json\/wp\/v2\/media?parent=3328"}],"wp:term":[{"taxonomy":"category","embeddable":true,"href":"https:\/\/www.dp.lu\/dpinternational\/wp-json\/wp\/v2\/categories?post=3328"},{"taxonomy":"post_tag","embeddable":true,"href":"https:\/\/www.dp.lu\/dpinternational\/wp-json\/wp\/v2\/tags?post=3328"}],"curies":[{"name":"wp","href":"https:\/\/api.w.org\/{rel}","templated":true}]}}