{"id":431,"date":"2023-03-01T10:00:00","date_gmt":"2023-03-01T10:00:00","guid":{"rendered":"https:\/\/www.dp.lu\/esch\/?p=431"},"modified":"2023-03-13T22:36:32","modified_gmt":"2023-03-13T22:36:32","slug":"eis-kandidatelescht-fir-dgemengewalen-am-juni-ass-eraus","status":"publish","type":"post","link":"https:\/\/www.dp.lu\/esch\/eis-kandidatelescht-fir-dgemengewalen-am-juni-ass-eraus\/","title":{"rendered":"Eis Kandidatel\u00ebscht fir d&#8217;Gemengewalen am Juni ass eraus."},"content":{"rendered":"\n<p>Den 28ten Februar um 20 Auer owes hunn mir eis 19 Kandidate pr\u00e4sent\u00e9iert. Mir hunn mam Daliah Scholl a mam Pim Knaff eng Duebelsp\u00ebtzt.<br><br><br>D&#8217;Sp\u00ebtzekandidaten:<br><br>Pim KNAFF<br><br>\u2022 Sch\u00e4ffen, D\u00e9put\u00e9ierten<br>\u2022 Affekot<br>\u2022 57 Joer<br><br>Daliah SCHOLL<br>\u2022 Gemengeconseill\u00e8re<br>\u2022 Musikerin, Fl\u00fbtistin<br>\u2022 49 Joer<br><br>Di aner Kandidaten:<br><br>Michael AGOSTINI, 33, Diplomingenieur<br>Jean-Marc ASSA, 49, Jurist<br>Maria CARDOSO, 51, Ugestallten<br>Melissa DIAS, 27, Affekot<br>Vital FERNANDES, 70, an der Pensioun<br>Bob GRETHEN, 50, Bankugestallten<br>Christian KLEIN, 43, Informatiker<br>Michel KMIOTEK, 36, Entrepreneur<br>Ren\u00e9 dit Bridi QUINTUS, 77, Restaurateur e.r.<br>Carmen RASQUIN, 56, Kin\u00e9sith\u00e9rapeute<br>Claudine SCHMITT, 54, Patronne vun engem Weiderbildungsinstitut<br>Marie-Alix SCHUMACHER, 72, Sozialaarbechterin e.r.<br>Amela SKENDEROVIC, 27, Engleschproff<br>Alain SPIES, 56, Gemengebeamten<br>Simon THACKERAY, 53, Informatiker<br>Ren\u00e9e WAGNER \u00c9POUSE ZINNEN, 73, an der Pensioun<br>Pascal WELTER, 56, Ugestallten<\/p>\n\n\n\n<p>M\u00e9i derzou e.a. beim Tageblatt:<br><a href=\"https:\/\/www.tageblatt.lu\/headlines\/die-blauen-sind-ueberzeugt-zur-veraenderung-der-minettemetropole-beigetragen-zu-haben\/\">Die Blauen sind \u00fcberzeugt zur Ver\u00e4nderung der &#8220;Minettemetropole&#8221; beigetragen zu haben<\/a><\/p>\n","protected":false},"excerpt":{"rendered":"<p>Den 28ten Februar um 20 Auer owes hunn mir eis 19 Kandidate pr\u00e4sent\u00e9iert. Mir hunn mam Daliah Scholl a mam Pim Knaff eng Duebelsp\u00ebtzt.<\/p>\n","protected":false},"author":371,"featured_media":436,"comment_status":"closed","ping_status":"closed","sticky":true,"template":"","format":"standard","meta":{"footnotes":""},"categories":[1],"tags":[],"class_list":["post-431","post","type-post","status-publish","format-standard","has-post-thumbnail","hentry","category-news","wpbf-post"],"_links":{"self":[{"href":"https:\/\/www.dp.lu\/esch\/wp-json\/wp\/v2\/posts\/431","targetHints":{"allow":["GET"]}}],"collection":[{"href":"https:\/\/www.dp.lu\/esch\/wp-json\/wp\/v2\/posts"}],"about":[{"href":"https:\/\/www.dp.lu\/esch\/wp-json\/wp\/v2\/types\/post"}],"author":[{"embeddable":true,"href":"https:\/\/www.dp.lu\/esch\/wp-json\/wp\/v2\/users\/371"}],"replies":[{"embeddable":true,"href":"https:\/\/www.dp.lu\/esch\/wp-json\/wp\/v2\/comments?post=431"}],"version-history":[{"count":6,"href":"https:\/\/www.dp.lu\/esch\/wp-json\/wp\/v2\/posts\/431\/revisions"}],"predecessor-version":[{"id":460,"href":"https:\/\/www.dp.lu\/esch\/wp-json\/wp\/v2\/posts\/431\/revisions\/460"}],"wp:featuredmedia":[{"embeddable":true,"href":"https:\/\/www.dp.lu\/esch\/wp-json\/wp\/v2\/media\/436"}],"wp:attachment":[{"href":"https:\/\/www.dp.lu\/esch\/wp-json\/wp\/v2\/media?parent=431"}],"wp:term":[{"taxonomy":"category","embeddable":true,"href":"https:\/\/www.dp.lu\/esch\/wp-json\/wp\/v2\/categories?post=431"},{"taxonomy":"post_tag","embeddable":true,"href":"https:\/\/www.dp.lu\/esch\/wp-json\/wp\/v2\/tags?post=431"}],"curies":[{"name":"wp","href":"https:\/\/api.w.org\/{rel}","templated":true}]}}