{"id":331,"date":"2023-05-24T20:56:37","date_gmt":"2023-05-24T20:56:37","guid":{"rendered":"https:\/\/www.dp.lu\/kayl-teiteng\/?p=331"},"modified":"2023-05-24T21:37:35","modified_gmt":"2023-05-24T21:37:35","slug":"eise-walprogramm","status":"publish","type":"post","link":"https:\/\/www.dp.lu\/kayl-teiteng\/eise-walprogramm\/","title":{"rendered":"Eise Walprogramm"},"content":{"rendered":"\n<p class=\"has-black-color has-text-color\">Hei fannt d\u00e4r eisen Walprogramm.<\/p>\n\n\n\n<p class=\"has-black-color has-text-color\">Mat enger gesonder M\u00ebschung vun Erfarung a jugendlecher Begeeschterung geet eng h\u00e9ich motiv\u00e9iert Equippe vun der DP an d\u2018Gemengewale vum 11. Juni 2023.<\/p>\n\n\n\n<!--more-->\n\n\n\n<p class=\"has-black-color has-text-color\">Vill ze oft g\u00ebtt gesot mer h\u00e4tten ze w\u00e9ineg Fraen an der Politik oder eis Jugend g\u00e9if sech fir n\u00e4ischt interess\u00e9ieren. Dat d\u00ebst net onbed\u00e9ngt stemmt, dat beweist eis Kandidatel\u00ebscht. Mer hunn 7 Fraen a 6 M\u00e4nner an eisem Team. 5 vun eise Kandidaten si ganz jonk a br\u00e9ngen e neie Schwong an nei Iddien an eis Lokalpolitik.<\/p>\n\n\n\n<div data-wp-interactive=\"core\/file\" class=\"wp-block-file\"><object data-wp-bind--hidden=\"!state.hasPdfPreview\" hidden class=\"wp-block-file__embed\" data=\"https:\/\/www.dp.lu\/kayl-teiteng\/wp-content\/uploads\/sites\/30\/2023\/05\/DP-Kal-Teiteng-Walprogramm-a-Kandidaten-2023-rdcd.pdf\" type=\"application\/pdf\" style=\"width:100%;height:600px\" aria-label=\"Embed of DP-Kal-Teiteng-Walprogramm-a-Kandidaten-2023-rdcd.\"><\/object><a id=\"wp-block-file--media-f172fda4-84fa-4e2e-826b-dcf967911cf9\" href=\"https:\/\/www.dp.lu\/kayl-teiteng\/wp-content\/uploads\/sites\/30\/2023\/05\/DP-Kal-Teiteng-Walprogramm-a-Kandidaten-2023-rdcd.pdf\">DP-Kal-Teiteng-Walprogramm-a-Kandidaten-2023-rdcd<\/a><a href=\"https:\/\/www.dp.lu\/kayl-teiteng\/wp-content\/uploads\/sites\/30\/2023\/05\/DP-Kal-Teiteng-Walprogramm-a-Kandidaten-2023-rdcd.pdf\" class=\"wp-block-file__button wp-element-button\" download aria-describedby=\"wp-block-file--media-f172fda4-84fa-4e2e-826b-dcf967911cf9\">Download<\/a><\/div>\n\n\n\n<p><\/p>\n","protected":false},"excerpt":{"rendered":"<p>Hei fannt d\u00e4r eisen Walprogramm. Mat enger gesonder M\u00ebschung vun Erfarung a jugendlecher Begeeschterung geet eng h\u00e9ich motiv\u00e9iert Equippe vun der DP an d\u2018Gemengewale vum 11. Juni 2023.<\/p>\n","protected":false},"author":626,"featured_media":336,"comment_status":"closed","ping_status":"closed","sticky":true,"template":"","format":"standard","meta":{"footnotes":""},"categories":[1],"tags":[],"class_list":["post-331","post","type-post","status-publish","format-standard","has-post-thumbnail","hentry","category-news","wpbf-post"],"_links":{"self":[{"href":"https:\/\/www.dp.lu\/kayl-teiteng\/wp-json\/wp\/v2\/posts\/331","targetHints":{"allow":["GET"]}}],"collection":[{"href":"https:\/\/www.dp.lu\/kayl-teiteng\/wp-json\/wp\/v2\/posts"}],"about":[{"href":"https:\/\/www.dp.lu\/kayl-teiteng\/wp-json\/wp\/v2\/types\/post"}],"author":[{"embeddable":true,"href":"https:\/\/www.dp.lu\/kayl-teiteng\/wp-json\/wp\/v2\/users\/626"}],"replies":[{"embeddable":true,"href":"https:\/\/www.dp.lu\/kayl-teiteng\/wp-json\/wp\/v2\/comments?post=331"}],"version-history":[{"count":2,"href":"https:\/\/www.dp.lu\/kayl-teiteng\/wp-json\/wp\/v2\/posts\/331\/revisions"}],"predecessor-version":[{"id":335,"href":"https:\/\/www.dp.lu\/kayl-teiteng\/wp-json\/wp\/v2\/posts\/331\/revisions\/335"}],"wp:featuredmedia":[{"embeddable":true,"href":"https:\/\/www.dp.lu\/kayl-teiteng\/wp-json\/wp\/v2\/media\/336"}],"wp:attachment":[{"href":"https:\/\/www.dp.lu\/kayl-teiteng\/wp-json\/wp\/v2\/media?parent=331"}],"wp:term":[{"taxonomy":"category","embeddable":true,"href":"https:\/\/www.dp.lu\/kayl-teiteng\/wp-json\/wp\/v2\/categories?post=331"},{"taxonomy":"post_tag","embeddable":true,"href":"https:\/\/www.dp.lu\/kayl-teiteng\/wp-json\/wp\/v2\/tags?post=331"}],"curies":[{"name":"wp","href":"https:\/\/api.w.org\/{rel}","templated":true}]}}