{"id":395,"date":"2022-12-21T14:18:34","date_gmt":"2022-12-21T14:18:34","guid":{"rendered":"https:\/\/www.dp.lu\/lenster\/?p=395"},"modified":"2023-01-03T16:43:24","modified_gmt":"2023-01-03T16:43:24","slug":"de-budget-2023-e-kuerzen-iwwerbleck","status":"publish","type":"post","link":"https:\/\/www.dp.lu\/lenster\/de-budget-2023-e-kuerzen-iwwerbleck\/","title":{"rendered":"De Budget 2023 &#8211; e kuerzen Iwwerbl\u00e9ck"},"content":{"rendered":"\n<p class=\"has-black-color has-text-color\">\u00c9ierg\u00e4izeg, verantwortungsvoll, virausschauend, adapt\u00e9iert, diversifi\u00e9iert \u2013 fir ons d\u00e9i passend&nbsp;Charakteristike vum&nbsp;Budget,&nbsp;dee mir am Dezember ausgeschafft hunn.<\/p>\n\n\n\n<p class=\"has-black-color has-text-color\">Et&nbsp;sinn natierlech di bekannte Projeten, w\u00e9i d\u2019Maison Relais, d\u2019Museksschoul an d\u2019Cr\u00e8che d\u00e9i \u00ebmgesat ginn. D\u2019Schoul zu L\u00ebnster g\u00ebtt ausgebaut an ons Wunnengen an&nbsp;Haiser an der JongM\u00ebtt an zu Guedber gi f\u00e4erdeg gestallt.<\/p>\n\n\n\n<p class=\"has-black-color has-text-color\">Ma et sinn och dr\u00e9ngend noutwenneg Infrastrukturen d\u00e9i erneiert oder gebaut musse ginn, sief et verschidde Stroossen, eng zentral Plaz zu Beidweiler, 30er Zonen bei onse Schoulen. Och de Site vun der Schoul an der Buerg g\u00ebtt op de Leescht&nbsp;geholl fir hei d\u00e9i n\u00e9ideg Plaz fir d\u2019Zukunft ze schafen.<\/p>\n\n\n\n<p class=\"has-black-color has-text-color\">S\u00e4it d\u00ebsem Joer ass um Niveau vun Energie spueren nach eng Sch\u00ebpp b\u00e4igeluecht ginn. Net&nbsp;n\u00ebmme ginn&nbsp;d\u2019Heizunge progressiv op erneierbar Energien \u00ebmgestallt, mee och ons Sportsterrainen Op Fr\u00e9inen kr\u00e9ien eng LED-Beliichtung. De Moment verbrauchen d\u00e9i genau souvill Energie w\u00e9i ons gesamt-\u00ebffentlech Beliichtung vun der ganzer Gemeng!<\/p>\n\n\n\n<p class=\"has-black-color has-text-color\">Och duerch d\u2019Staarkreenetude ginn et weider Bestriewungen um Niveau vun den Upassungen un de Klimawandel gemaach. Enner anerem g\u00ebtt d\u2019Schwaarz Iernz weider&nbsp;renatur\u00e9iert, dat och fir d\u2019Biodiversit\u00e9it ze st\u00e4erken.<\/p>\n\n\n\n<figure class=\"wp-block-image size-large\"><img fetchpriority=\"high\" decoding=\"async\" width=\"1024\" height=\"768\" src=\"https:\/\/www.dp.lu\/lenster\/wp-content\/uploads\/sites\/28\/2022\/12\/IMG_1846-1024x768.jpg\" alt=\"\" class=\"wp-image-396\" srcset=\"https:\/\/www.dp.lu\/lenster\/wp-content\/uploads\/sites\/28\/2022\/12\/IMG_1846-1024x768.jpg 1024w, https:\/\/www.dp.lu\/lenster\/wp-content\/uploads\/sites\/28\/2022\/12\/IMG_1846-300x225.jpg 300w, https:\/\/www.dp.lu\/lenster\/wp-content\/uploads\/sites\/28\/2022\/12\/IMG_1846-768x576.jpg 768w, https:\/\/www.dp.lu\/lenster\/wp-content\/uploads\/sites\/28\/2022\/12\/IMG_1846.jpg 1100w\" sizes=\"(max-width: 1024px) 100vw, 1024px\" \/><\/figure>\n\n\n\n<p class=\"has-black-color has-text-color\">Schlussendlech, deele mir dir mat vill Freed mat, dass dat fr\u00e9iert Paschtoueschhaus, dem&nbsp;sougenannte \u201cBorrigs Schlass\u201d, vun 1764 mat sengen Annexen an dem Park matten am K\u00e4r vu L\u00ebnster kaf ginn ass. Dest&nbsp;\u00ebnnerstr\u00e4icht eng vun&nbsp;onse Priorit\u00e9iten : Den Erhalt vun onsem Patrimoine an den&nbsp;Developpement vum Zentrum mat all sengen&nbsp;Opportunit\u00e9iten. Dese Kaf mark\u00e9iert s\u00e9cherlech en historesche Moment fir ons Gemeng : d\u00ebse Patrimoine&nbsp;w\u00e4ert ons an de n\u00e4chste Generatiounen erhale bl\u00e9iwen! <\/p>\n\n\n\n<p class=\"has-black-color has-text-color\">Am Numm vun der DP L\u00ebnster w\u00ebnschen mir dir bes\u00ebnnlech Feierdeeg am Krees vun denger Famill a Fr\u00ebnn an e gudde Rutsch an dat neit Joer.<\/p>\n","protected":false},"excerpt":{"rendered":"<p>\u00c9ierg\u00e4izeg, verantwortungsvoll, virausschauend, adapt\u00e9iert, diversifi\u00e9iert \u2013 fir ons d\u00e9i passend&nbsp;Charakteristike vum&nbsp;Budget,&nbsp;dee mir am Dezember ausgeschafft hunn. Et&nbsp;sinn natierlech di bekannte Projeten, w\u00e9i d\u2019Maison Relais, d\u2019Museksschoul an d\u2019Cr\u00e8che d\u00e9i \u00ebmgesat ginn. D\u2019Schoul zu L\u00ebnster g\u00ebtt ausgebaut an ons Wunnengen an&nbsp;Haiser an der JongM\u00ebtt an zu Guedber gi f\u00e4erdeg gestallt. Ma et sinn och dr\u00e9ngend noutwenneg Infrastrukturen [&hellip;]<\/p>\n","protected":false},"author":55,"featured_media":434,"comment_status":"closed","ping_status":"closed","sticky":false,"template":"","format":"standard","meta":{"footnotes":""},"categories":[1],"tags":[21,19,20,22,23],"class_list":["post-395","post","type-post","status-publish","format-standard","has-post-thumbnail","hentry","category-news","tag-borrigs-schlass","tag-budget","tag-domaine-schwall","tag-jonglenster","tag-parc","wpbf-post"],"_links":{"self":[{"href":"https:\/\/www.dp.lu\/lenster\/wp-json\/wp\/v2\/posts\/395","targetHints":{"allow":["GET"]}}],"collection":[{"href":"https:\/\/www.dp.lu\/lenster\/wp-json\/wp\/v2\/posts"}],"about":[{"href":"https:\/\/www.dp.lu\/lenster\/wp-json\/wp\/v2\/types\/post"}],"author":[{"embeddable":true,"href":"https:\/\/www.dp.lu\/lenster\/wp-json\/wp\/v2\/users\/55"}],"replies":[{"embeddable":true,"href":"https:\/\/www.dp.lu\/lenster\/wp-json\/wp\/v2\/comments?post=395"}],"version-history":[{"count":4,"href":"https:\/\/www.dp.lu\/lenster\/wp-json\/wp\/v2\/posts\/395\/revisions"}],"predecessor-version":[{"id":435,"href":"https:\/\/www.dp.lu\/lenster\/wp-json\/wp\/v2\/posts\/395\/revisions\/435"}],"wp:featuredmedia":[{"embeddable":true,"href":"https:\/\/www.dp.lu\/lenster\/wp-json\/wp\/v2\/media\/434"}],"wp:attachment":[{"href":"https:\/\/www.dp.lu\/lenster\/wp-json\/wp\/v2\/media?parent=395"}],"wp:term":[{"taxonomy":"category","embeddable":true,"href":"https:\/\/www.dp.lu\/lenster\/wp-json\/wp\/v2\/categories?post=395"},{"taxonomy":"post_tag","embeddable":true,"href":"https:\/\/www.dp.lu\/lenster\/wp-json\/wp\/v2\/tags?post=395"}],"curies":[{"name":"wp","href":"https:\/\/api.w.org\/{rel}","templated":true}]}}