{"id":409,"date":"2022-12-27T17:49:45","date_gmt":"2022-12-27T17:49:45","guid":{"rendered":"https:\/\/www.dp.lu\/lenster\/?p=409"},"modified":"2023-01-03T16:42:13","modified_gmt":"2023-01-03T16:42:13","slug":"nei-situatioun-am-kar-vu-lenster-dat-seet-ddp","status":"publish","type":"post","link":"https:\/\/www.dp.lu\/lenster\/nei-situatioun-am-kar-vu-lenster-dat-seet-ddp\/","title":{"rendered":"Nei Situatioun am K\u00e4r vu L\u00ebnster &#8211; dat seet d&#8217;DP"},"content":{"rendered":"\n<p>Duerch de Kaf vum Domaine Schwall, dem&nbsp;fr\u00e9iere Paschtoueschhaus, mat sengen Annexen an dem Park, verdeelt op engem Terrain vu 96 Ar, erginn sech der Gemeng n\u00e9i&nbsp;M\u00e9iglechkeete wat d\u2019Gestaltung vum Zentrum ugeet.<\/p>\n\n\n\n<p><\/p>\n\n\n\n<h2 class=\"wp-block-heading\">Wat ass geplangt ?<\/h2>\n\n\n\n<p>An enger&nbsp;\u00e9ischter Phase soll de Park der \u00cbffentlechkeet zoug\u00e4nglech&nbsp;gemaach ginn. De Park mat sengem Bambestand&nbsp;bitt den Awunner e&nbsp;w\u00e4ertvolle R\u00e9ckzuch un, naturno, roueg, eng Plaz fir ze verweilen a L\u00e9it ze beg\u00e9inen. D\u00ebst wichtegt&nbsp;Puzzelst\u00e9ck soll de <strong>gr\u00e9nge&nbsp;K\u00e4r vu L\u00ebnster<\/strong> erg\u00e4nzen, deen sech vum Park&nbsp;nieft der Gemeng bis de Schluss&nbsp;vu L\u00ebnsterM\u00ebtt erstreckt.<\/p>\n\n\n\n<figure class=\"wp-block-image size-large\"><img fetchpriority=\"high\" decoding=\"async\" width=\"1024\" height=\"298\" src=\"https:\/\/www.dp.lu\/lenster\/wp-content\/uploads\/sites\/28\/2022\/12\/Plang-1-1024x298.png\" alt=\"\" class=\"wp-image-413\" srcset=\"https:\/\/www.dp.lu\/lenster\/wp-content\/uploads\/sites\/28\/2022\/12\/Plang-1-1024x298.png 1024w, https:\/\/www.dp.lu\/lenster\/wp-content\/uploads\/sites\/28\/2022\/12\/Plang-1-300x87.png 300w, https:\/\/www.dp.lu\/lenster\/wp-content\/uploads\/sites\/28\/2022\/12\/Plang-1-768x223.png 768w, https:\/\/www.dp.lu\/lenster\/wp-content\/uploads\/sites\/28\/2022\/12\/Plang-1.png 1100w\" sizes=\"(max-width: 1024px) 100vw, 1024px\" \/><\/figure>\n\n\n\n<p><\/p>\n\n\n\n<h2 class=\"wp-block-heading\">E Parkhaus &#8211; oder&nbsp;\u00e9ischter net?<\/h2>\n\n\n\n<p>Duerch den Ausbau vun der Gemeng, vun der Schoul an der Maison Relais, si mir als Gemeng verflicht, Parkplazen ze&nbsp;schafe \u2013 dat \u00e4nnert sech net.<\/p>\n\n\n\n<p><strong>D\u2019Propose vun der DP ass et op d\u2019Parkhaus ze verzichten<\/strong> andeems mir de Parking bei der Loupescht vergr\u00e9isseren, ouni d\u00e9i bestoend Beem hannert dem Haus Rischette&nbsp;ewech mussen ze huelen. Zesumme mat enger neier Gestaltung vun der doduerch entstoender \u00ebffentlech Plaz, an engem&nbsp;adapt\u00e9ierte Parkreglement sollte mir et&nbsp;f\u00e4erdeg&nbsp;br\u00e9nge fir de <strong>beschtm\u00e9igleche Komprom\u00ebss fir all Acteur<\/strong> ze realis\u00e9ieren.<\/p>\n\n\n\n<figure class=\"wp-block-image size-large\"><img decoding=\"async\" width=\"1024\" height=\"516\" src=\"https:\/\/www.dp.lu\/lenster\/wp-content\/uploads\/sites\/28\/2022\/12\/HR-2-1024x516.jpg\" alt=\"\" class=\"wp-image-419\" srcset=\"https:\/\/www.dp.lu\/lenster\/wp-content\/uploads\/sites\/28\/2022\/12\/HR-2-1024x516.jpg 1024w, https:\/\/www.dp.lu\/lenster\/wp-content\/uploads\/sites\/28\/2022\/12\/HR-2-300x151.jpg 300w, https:\/\/www.dp.lu\/lenster\/wp-content\/uploads\/sites\/28\/2022\/12\/HR-2-768x387.jpg 768w, https:\/\/www.dp.lu\/lenster\/wp-content\/uploads\/sites\/28\/2022\/12\/HR-2.jpg 1100w\" sizes=\"(max-width: 1024px) 100vw, 1024px\" \/><\/figure>\n","protected":false},"excerpt":{"rendered":"<p>Duerch de Kaf vum Domaine Schwall, dem&nbsp;fr\u00e9iere Paschtoueschhaus, mat sengen Annexen an dem Park, verdeelt op engem Terrain vu 96 Ar, erginn sech der Gemeng n\u00e9i&nbsp;M\u00e9iglechkeete wat d\u2019Gestaltung vum Zentrum ugeet. Wat ass geplangt ? An enger&nbsp;\u00e9ischter Phase soll de Park der \u00cbffentlechkeet zoug\u00e4nglech&nbsp;gemaach ginn. De Park mat sengem Bambestand&nbsp;bitt den Awunner e&nbsp;w\u00e4ertvolle R\u00e9ckzuch un, [&hellip;]<\/p>\n","protected":false},"author":55,"featured_media":433,"comment_status":"closed","ping_status":"closed","sticky":false,"template":"","format":"standard","meta":{"footnotes":""},"categories":[1],"tags":[22,26,24,25,27],"class_list":["post-409","post","type-post","status-publish","format-standard","has-post-thumbnail","hentry","category-news","tag-jonglenster","tag-park","tag-parkhaus","tag-parking","tag-zentrum","wpbf-post"],"_links":{"self":[{"href":"https:\/\/www.dp.lu\/lenster\/wp-json\/wp\/v2\/posts\/409","targetHints":{"allow":["GET"]}}],"collection":[{"href":"https:\/\/www.dp.lu\/lenster\/wp-json\/wp\/v2\/posts"}],"about":[{"href":"https:\/\/www.dp.lu\/lenster\/wp-json\/wp\/v2\/types\/post"}],"author":[{"embeddable":true,"href":"https:\/\/www.dp.lu\/lenster\/wp-json\/wp\/v2\/users\/55"}],"replies":[{"embeddable":true,"href":"https:\/\/www.dp.lu\/lenster\/wp-json\/wp\/v2\/comments?post=409"}],"version-history":[{"count":3,"href":"https:\/\/www.dp.lu\/lenster\/wp-json\/wp\/v2\/posts\/409\/revisions"}],"predecessor-version":[{"id":420,"href":"https:\/\/www.dp.lu\/lenster\/wp-json\/wp\/v2\/posts\/409\/revisions\/420"}],"wp:featuredmedia":[{"embeddable":true,"href":"https:\/\/www.dp.lu\/lenster\/wp-json\/wp\/v2\/media\/433"}],"wp:attachment":[{"href":"https:\/\/www.dp.lu\/lenster\/wp-json\/wp\/v2\/media?parent=409"}],"wp:term":[{"taxonomy":"category","embeddable":true,"href":"https:\/\/www.dp.lu\/lenster\/wp-json\/wp\/v2\/categories?post=409"},{"taxonomy":"post_tag","embeddable":true,"href":"https:\/\/www.dp.lu\/lenster\/wp-json\/wp\/v2\/tags?post=409"}],"curies":[{"name":"wp","href":"https:\/\/api.w.org\/{rel}","templated":true}]}}