{"id":442,"date":"2023-03-20T07:42:31","date_gmt":"2023-03-20T07:42:31","guid":{"rendered":"https:\/\/www.dp.lu\/lenster\/?p=442"},"modified":"2023-03-22T19:02:54","modified_gmt":"2023-03-22T19:02:54","slug":"presentatioun-vun-onse-kandidate-fir-dgemengewalen","status":"publish","type":"post","link":"https:\/\/www.dp.lu\/lenster\/presentatioun-vun-onse-kandidate-fir-dgemengewalen\/","title":{"rendered":"Presentatioun vun onse Kandidate fir d&#8217;Gemengewalen"},"content":{"rendered":"\n<p>Ons Ekipp, dat si 7 Dammen, 6 M\u00e4nner, mat enger breeder Panoplie u Kompetenzen a Perspektiven. Mir hunn eng Visioun, de politesche W\u00ebllen, di n\u00e9ideg Kompetenzen, dat n\u00e9idegt W\u00ebssen, d\u00e9i n\u00e9ideg Energie an Entscheedungskraaft &#8211; a virun allem :<br><strong>Mir kennen ons Gemeng!<\/strong><\/p>\n\n\n\n<p>Iwwerzeegt&nbsp;iech selwer!<\/p>\n\n\n\n<p>De <strong>Ben Ries<\/strong> ass Gonnerenger, 39 Joer al, Papp vun 2 Kanner an als Beruff Ekonomiesproff. 2017 an de Gemengerot gewielt, ass&nbsp;hie s\u00e4it 2020 am Sch\u00e4fferot. Hie steet 100% hannert der Gemeng Jongl\u00ebnster an huet sech a kuerzer Z\u00e4it voll an d&#8217;Aarbecht vum Sch\u00e4fferot eragekn\u00e9it, wou hien&nbsp;d&#8217;Inter\u00eate vun de Bierger verdeedegt a sech fir si asetzt. Och leit et him um H\u00e4erz d&#8217;Servicer vun der Gemeng ze modernis\u00e9ieren. An de leschten 3 Joer huet hie sech vollst\u00e4nneg an Dossieren erageschafft an ass bereet, seng Verantwortung fir d&#8217;Gemeng Jongl\u00ebnster weider auszebauen. S\u00e4in Asaz, seng Kompetenz a seng l\u00e9isungsorient\u00e9iert Denkweis sinn di richteg Instrumenter fir d&#8217;Ausf\u00eblle vu senger T\u00e2che. Dofir ass de <strong>Ben&nbsp;<\/strong>onsen <strong>Sp\u00ebtzekandidat<\/strong>!<\/p>\n\n\n\n<div class=\"wp-block-group is-layout-constrained wp-block-group-is-layout-constrained\">\n<div class=\"wp-block-columns is-layout-flex wp-container-core-columns-is-layout-28f84493 wp-block-columns-is-layout-flex\">\n<div class=\"wp-block-column is-layout-flow wp-block-column-is-layout-flow\" style=\"flex-basis:100%\">\n<div class=\"wp-block-columns is-layout-flex wp-container-core-columns-is-layout-28f84493 wp-block-columns-is-layout-flex\">\n<div class=\"wp-block-column is-layout-flow wp-block-column-is-layout-flow\" style=\"flex-basis:100%\">\n<figure class=\"wp-block-gallery has-nested-images columns-default is-cropped wp-block-gallery-1 is-layout-flex wp-block-gallery-is-layout-flex\">\n<figure class=\"wp-block-image size-large\"><img decoding=\"async\" data-id=\"457\" src=\"https:\/\/www.dp.lu\/lenster\/wp-content\/uploads\/sites\/28\/2023\/03\/Jonglenster-Ries-Ben-1-1024x1024.jpg\" alt=\"\" class=\"wp-image-457\" \/><\/figure>\n\n\n\n<figure class=\"wp-block-image size-large\"><img decoding=\"async\" data-id=\"471\" src=\"https:\/\/www.dp.lu\/lenster\/wp-content\/uploads\/sites\/28\/2023\/03\/Jonglenster-Bausch-Karine-1-1024x1024.jpg\" alt=\"\" class=\"wp-image-471\" \/><\/figure>\n\n\n\n<figure class=\"wp-block-image size-large\"><img decoding=\"async\" data-id=\"469\" src=\"https:\/\/www.dp.lu\/lenster\/wp-content\/uploads\/sites\/28\/2023\/03\/jonglenster-Degraux-Christiane-1-1024x1024.jpg\" alt=\"\" class=\"wp-image-469\" \/><\/figure>\n<\/figure>\n<\/div>\n<\/div>\n<\/div>\n<\/div>\n<\/div>\n\n\n\n<p>D&#8217;<strong>Karine Bausch<\/strong> wunnt s\u00e4it 1988 an der Buerg an ass 2020 als Presidentin vun eiser Sektioun gewielt ginn. D&#8217;Karine huet 45 Joer, ass eng aktiv Mamm vun 3 Kanner a schafft als Frans\u00e9ischproff. \u00cbnner anerem ass hat Presidentin vun der Jugend- a Sportskommissioun, Sekret\u00e4rin vun der Schoulkommissioun, Presidentin vun der Elterevereenegung aus der Buerg (APEB) an och nach Elterevertrieder um lokalen Niveau. D&#8217;Karine ass immens engag\u00e9iert an all deem wat et m\u00e9cht, a freet sech di \u00e9ischte K\u00e9ier mat an d&#8217;Walen ze goen.<\/p>\n\n\n\n<p>D&#8217;<strong>Christiane Degraux<\/strong>, 58 Joer a vun Amber, brauch ee scho bal net m\u00e9i virzestellen.&nbsp;\u00cbmmer fr\u00ebndlech, engag\u00e9iert,&nbsp;zevirkommend a vill ze Fouss \u00ebnnerwee, suergt hatt sech em d&#8217;Awunner aus onser Gemeng.&nbsp;Zemools di mi kl\u00e9ng Dierfer an&nbsp;d&#8217;Zesummeliewe leien him um H\u00e4erz. Ma och d&#8217;Kanner sinn him immens wichteg. Zanter ville&nbsp;Jore schafft d&#8217;Christiane an enger Maison Relais an et&nbsp;m\u00ebscht him eng Freed sech fir si anzesetzen! D&#8217;Christiane&nbsp;setzt sech net n\u00ebmmen am Gemengerot an, hatt ass och an der Kommissioun fir Senioren a Soziales an am Comit\u00e9 de g\u00e9rance vum Club Senior. Privat ass et och ganz&nbsp;aktive Member bei de L\u00ebnster Tr\u00ebppler an am Comit\u00e9 vun den Amber Leit.<br><\/p>\n\n\n\n<figure class=\"wp-block-gallery has-nested-images columns-default is-cropped wp-block-gallery-2 is-layout-flex wp-block-gallery-is-layout-flex\">\n<figure class=\"wp-block-image size-large\"><img decoding=\"async\" data-id=\"447\" src=\"https:\/\/www.dp.lu\/lenster\/wp-content\/uploads\/sites\/28\/2023\/03\/Jonglenster-Chergui-Tarik-1024x1024.jpg\" alt=\"\" class=\"wp-image-447\" \/><\/figure>\n\n\n\n<figure class=\"wp-block-image size-large\"><img decoding=\"async\" data-id=\"443\" src=\"https:\/\/www.dp.lu\/lenster\/wp-content\/uploads\/sites\/28\/2023\/03\/Jonglenster-Baum-Gilles-1024x1024.jpg\" alt=\"\" class=\"wp-image-443\" \/><\/figure>\n\n\n\n<figure class=\"wp-block-image size-large\"><img decoding=\"async\" data-id=\"445\" src=\"https:\/\/www.dp.lu\/lenster\/wp-content\/uploads\/sites\/28\/2023\/03\/Jonglenster-Bour-Mara-1024x1024.jpg\" alt=\"\" class=\"wp-image-445\" \/><\/figure>\n<\/figure>\n\n\n\n<p>De <strong>Gilles Baum<\/strong>, 50 Joer a vu Jongl\u00ebnster ass Gemengeconseiller, Deput\u00e9ierten a Fraktiounspresident. Hie war bis 2020 Sch\u00e4ffen an huet du seng Plaz fir de Ben Ries fr\u00e4i gemaach. S\u00e4it 2000 ass hien am Gemengerot an ass fir ons eng immens w\u00e4ertvoll H\u00ebllef. Mir si frou op seng Erfarung k\u00ebnnen zer\u00e9ckzegr\u00e4ifen. Wann d&#8217;Gemeng mol \u00cbnnerst\u00ebtzung um nationalen Niveau brauch, k\u00ebnne mir ons op de Gilles verloossen.<br><br>Den <strong>Dr. Tarik Chergui<\/strong> ass\u00a0s\u00e4it 2017 fir d&#8217;DP am Gemengerot. Als\u00a0Generaliste an Urgentiste ass\u00a0hie par\u00a0Nature no bei de Leit\u00a0a g\u00ebtt ons \u00ebmmer er\u00ebm w\u00e4ertvollen Input. Mir k\u00ebnnen ons op seng Expertise &#8211;\u00a0besonnesch um Niveau vun der Sant\u00e9 &#8211; verloossen, eng Expertise d\u00e9i een net oft an der Gemengepolitik er\u00ebmf\u00ebnnt.<br><br>D&#8217;<strong>Mara Bour<\/strong> ass ons j\u00e9ngste Kandidatin. Mat 20 Joer ass hatt awer scho politesch aktiv, an dat besonnesch am B\u00fcro vun der JDL an als Member vun der JDL Osten. D&#8217;Mara stud\u00e9iert den Ament Politikw\u00ebssenschaften zu Amsterdam. D\u00ebst br\u00e9ngt net n\u00ebmme fr\u00ebsche Wand an ons Sektioun mee och d&#8217;Perspektive vun der Jugend. Hatt setzt sech definitiv fir d&#8217;Interesse vun der Jugend an a mir si frou hatt derb\u00e4i ze hunn.<\/p>\n\n\n\n<figure class=\"wp-block-gallery has-nested-images columns-default is-cropped wp-block-gallery-3 is-layout-flex wp-block-gallery-is-layout-flex\">\n<figure class=\"wp-block-image size-large\"><img decoding=\"async\" data-id=\"455\" src=\"https:\/\/www.dp.lu\/lenster\/wp-content\/uploads\/sites\/28\/2023\/03\/Jonglenster-Weber-Lis-1024x1024.jpg\" alt=\"\" class=\"wp-image-455\" \/><\/figure>\n\n\n\n<figure class=\"wp-block-image size-large\"><img decoding=\"async\" data-id=\"454\" src=\"https:\/\/www.dp.lu\/lenster\/wp-content\/uploads\/sites\/28\/2023\/03\/Jonglenster-Schroeder-Marc-1024x1024.jpg\" alt=\"\" class=\"wp-image-454\" \/><\/figure>\n\n\n\n<figure class=\"wp-block-image size-large\"><img decoding=\"async\" data-id=\"451\" src=\"https:\/\/www.dp.lu\/lenster\/wp-content\/uploads\/sites\/28\/2023\/03\/Jonglenster-Muller-Jules-1024x1024.jpg\" alt=\"\" class=\"wp-image-451\" \/><\/figure>\n<\/figure>\n\n\n\n<p>D&#8217;<strong>Lis Weber<\/strong> ass 45 Joer al, wunnt zu Jongl\u00ebnster an ass Expert-Comptabel. Schonn zanter ville Joren ass d&#8217;Lis politesch bei der DP aktiv. S\u00e4it 2017 ass d&#8217;Lis Sekret\u00e4rin vun der Finanzkommissioun an h\u00e4lt \u00ebmmer e kritescht A op de Budget. D\u00e9i Kompetenze kommen och ons als Sektioun zegutt well d&#8217;Lis och Tresori\u00e8re vun onse Kees ass. Als Mamm vu 2 Kanner, ass d&#8217;Lis och nach Member vun der Schoulkommissioun a setzt sech do fir d&#8217;Wuelbefanne vun de Sch\u00fcler an.<\/p>\n\n\n\n<p><br>De <strong>Marc Schroeder<\/strong>, 57 Joer, wunnt zu Gonnereng an ass Dr\u00e9cker vu Beruff. De Marc ass&nbsp;souwuel politesch w\u00e9i och sportlech aktiv! Hien ass President vun der Verk\u00e9ierskommissioun a Member vun der Bautekommissioun. Hie setzt sech och fir Duerfliewen an ass Member vum Gonnerenger Duerfclub. An&nbsp;senger Fr\u00e4iz\u00e4it k\u00ebnnt dir hien um&nbsp;V\u00eblo gesinn, oder am D\u00ebschtennis zu L\u00ebnster.<br><br>De <strong>Jules Muller<\/strong>, 71 Joer,&nbsp;opgewuess zu L\u00ebnster, wunnt&nbsp;z\u00ebnter 1988 zu Gonnereng, ass vu Beruff hier Ingenieur am ITC an Energie Ber\u00e4ich. Hien ass engag\u00e9iert, a Saachen Energietransitioun an D\u00e9velopement durable dat a ganz verschiddene Ber\u00e4icher : \u00ebnner anerem ass hien President vun EquiEnercoop, sengem H\u00e4erzensprojet, President vun der Bierger Musek, President vun der Natur- an \u00cbmweltkommissioun a Member vun der Finanzkommissioun. De Jules huet also ganz breet gef\u00e4chert Kompetenzen a mir si frou hien als Kandidat an der Ekipp ze hunn.<\/p>\n\n\n\n<div class=\"wp-block-columns is-layout-flex wp-container-core-columns-is-layout-28f84493 wp-block-columns-is-layout-flex\">\n<div class=\"wp-block-column is-layout-flow wp-block-column-is-layout-flow\" style=\"flex-basis:100%\">\n<figure class=\"wp-block-gallery has-nested-images columns-default is-cropped wp-block-gallery-4 is-layout-flex wp-block-gallery-is-layout-flex\">\n<figure class=\"wp-block-image size-large\"><img decoding=\"async\" data-id=\"453\" src=\"https:\/\/www.dp.lu\/lenster\/wp-content\/uploads\/sites\/28\/2023\/03\/Jonglenster-Schmit-Laurence-1024x1024.jpg\" alt=\"\" class=\"wp-image-453\" \/><\/figure>\n\n\n\n<figure class=\"wp-block-image size-large\"><img decoding=\"async\" data-id=\"450\" src=\"https:\/\/www.dp.lu\/lenster\/wp-content\/uploads\/sites\/28\/2023\/03\/Jonglenster-Loureiro-Luisa-1024x1024.jpg\" alt=\"\" class=\"wp-image-450\" \/><\/figure>\n\n\n\n<figure class=\"wp-block-image size-large is-style-default\"><img decoding=\"async\" data-id=\"449\" src=\"https:\/\/www.dp.lu\/lenster\/wp-content\/uploads\/sites\/28\/2023\/03\/Jonglenster-Frisch-Philippe-1024x1024.jpg\" alt=\"\" class=\"wp-image-449\" \/><\/figure>\n<\/figure>\n<\/div>\n<\/div>\n\n\n\n<p>D&#8217;<strong>Laurence Schmit<\/strong> huet 53 Joer an ass 1989 vu Bartreng an ons Gemeng gepl\u00ebnnert. Hatt wunnt mat sengem Mann a sengen 3 erwuessene Kanner zu Beidweiler a war bis kierzlech zanter laange Joren an der Kulturkommissioun aktiv. Als L\u00e9ierin well d&#8217;Laurence nieft dem Schouleschen och sozial W\u00e4erter mat op de Wee ginn. Eng weider Priorit\u00e9it ass him d&#8217;Nohaltegkeet.<br><br>D&#8217;<strong>Luisa Loureiro<\/strong> vu Jongl\u00ebnster huet 53 Joer, ass Mamm vun 2 Kanner an ass berufflech als Staatsbeamtin aktiv. S\u00e4it 2 Joer k\u00ebnne mir am Comit\u00e9 op dem Luisa s\u00e4in Apport zielen a mir sinn houfreg hatt an onser Ekipp derb\u00e4i ze hunn. D&#8217;Luisa setzt sech an der Sports- a Jugendkommissioun fir d&#8217;Besoine vun onser Bierger an. Ma och um sozialen Niveau ass d&#8217;Luisa engag\u00e9iert, an dat \u00ebnnert anerem iwwert Trooperplay asbl. Do ass hatt Sekret\u00e4rin, genau esou w\u00e9i bei der LSWCC asbl.<br><br>De <strong>Philippe Frisch<\/strong>, 27 Joer al, wunnt s\u00e4it klengem un zu Guedber a w\u00e4ert och an Zukunft zesumme mat senger Partnerin do wunne bleiwen. Hie war 15 Joer laang am Ver\u00e4insport&nbsp; als D\u00ebschtennisspiller aktiv a geet a senger Fr\u00e4iz\u00e4it och g\u00e4ren duerch d&#8217;Guedber B\u00ebscher lafen. Berufflech ass hien als Instrukter fir en sozialen \u00cbmwelt-Atelier verantwortlech, wou hien de sozial benodeelegte M\u00ebnsche mat H\u00ebllef vu verschiddene Projeten op den Aarbechtsmarch\u00e9 virbereet. De soziale Volet l\u00e4it him deemno besonnesch um H\u00e4erz. De Philippe ass och an der Sozialkommissioun &amp; an der Natur- &amp; \u00cbmweltkommissioun aktiv.<br>Nieweb\u00e4i m\u00e9cht hien den Ament e Fernstudium an der Sozialp\u00e4dagogik. De Philippe geet d\u00e9i \u00e9ischte K\u00e9ier mat an d&#8217;Walen a mir sinn immens frou dass hien ons Ekipp verst\u00e4erkt.<\/p>\n\n\n\n<figure class=\"wp-block-image size-large is-resized\"><img fetchpriority=\"high\" decoding=\"async\" src=\"https:\/\/www.dp.lu\/lenster\/wp-content\/uploads\/sites\/28\/2023\/03\/Jonglenster-Breser-Gaby-1024x1024.jpg\" alt=\"\" class=\"wp-image-446\" width=\"315\" height=\"315\" \/><\/figure>\n\n\n\n<p>Mam <strong>Gaby Breser<\/strong>, 51 Joer, a Bankbeamtin aus der Buerg, present\u00e9ieren mir ons 7. Damm op onser L\u00ebscht. Berufflech huet d&#8217;Gaby vill mat Finanzen ze dinn an h\u00eblleft ons op deem Niveau&nbsp;g\u00e4re weider. Awer net n\u00ebmmen an deem Volet ass hatt fir ons eng&nbsp;staark H\u00ebllef. Och de Sport an d&#8217;Kultur l\u00e9ien him uewen. S\u00e4in Asaz weist d&#8217;Gaby \u00ebmmer er\u00ebm an der Kulturkommissioun an am Comit\u00e9 vum D\u00ebschtennis Buergl\u00ebnster.<\/p>\n","protected":false},"excerpt":{"rendered":"<p>Ons Ekipp, dat si 7 Dammen, 6 M\u00e4nner, mat enger breeder Panoplie u Kompetenzen a Perspektiven. Mir hunn eng Visioun, de politesche W\u00ebllen, di n\u00e9ideg Kompetenzen, dat n\u00e9idegt W\u00ebssen, d\u00e9i n\u00e9ideg Energie an Entscheedungskraaft &#8211; a virun allem :Mir kennen ons Gemeng! Iwwerzeegt&nbsp;iech selwer! De Ben Ries ass Gonnerenger, 39 Joer al, Papp vun 2 [&hellip;]<\/p>\n","protected":false},"author":55,"featured_media":484,"comment_status":"closed","ping_status":"closed","sticky":false,"template":"","format":"standard","meta":{"footnotes":""},"categories":[1],"tags":[41,40,43,50,42,39,49,35,22,36,48,46,38,47,45,44],"class_list":["post-442","post","type-post","status-publish","format-standard","has-post-thumbnail","hentry","category-news","tag-baum","tag-bausch","tag-bour","tag-breser","tag-chergui","tag-degraux","tag-frisch","tag-gemengewalen","tag-jonglenster","tag-kandidaten","tag-loureiro","tag-muller","tag-ries","tag-schmit","tag-schroeder","tag-weber","wpbf-post"],"_links":{"self":[{"href":"https:\/\/www.dp.lu\/lenster\/wp-json\/wp\/v2\/posts\/442","targetHints":{"allow":["GET"]}}],"collection":[{"href":"https:\/\/www.dp.lu\/lenster\/wp-json\/wp\/v2\/posts"}],"about":[{"href":"https:\/\/www.dp.lu\/lenster\/wp-json\/wp\/v2\/types\/post"}],"author":[{"embeddable":true,"href":"https:\/\/www.dp.lu\/lenster\/wp-json\/wp\/v2\/users\/55"}],"replies":[{"embeddable":true,"href":"https:\/\/www.dp.lu\/lenster\/wp-json\/wp\/v2\/comments?post=442"}],"version-history":[{"count":16,"href":"https:\/\/www.dp.lu\/lenster\/wp-json\/wp\/v2\/posts\/442\/revisions"}],"predecessor-version":[{"id":493,"href":"https:\/\/www.dp.lu\/lenster\/wp-json\/wp\/v2\/posts\/442\/revisions\/493"}],"wp:featuredmedia":[{"embeddable":true,"href":"https:\/\/www.dp.lu\/lenster\/wp-json\/wp\/v2\/media\/484"}],"wp:attachment":[{"href":"https:\/\/www.dp.lu\/lenster\/wp-json\/wp\/v2\/media?parent=442"}],"wp:term":[{"taxonomy":"category","embeddable":true,"href":"https:\/\/www.dp.lu\/lenster\/wp-json\/wp\/v2\/categories?post=442"},{"taxonomy":"post_tag","embeddable":true,"href":"https:\/\/www.dp.lu\/lenster\/wp-json\/wp\/v2\/tags?post=442"}],"curies":[{"name":"wp","href":"https:\/\/api.w.org\/{rel}","templated":true}]}}