{"id":574,"date":"2023-05-26T06:49:05","date_gmt":"2023-05-26T06:49:05","guid":{"rendered":"https:\/\/www.dp.lu\/lenster\/?p=574"},"modified":"2023-05-26T18:55:53","modified_gmt":"2023-05-26T18:55:53","slug":"380kv","status":"publish","type":"post","link":"https:\/\/www.dp.lu\/lenster\/380kv\/","title":{"rendered":"380kV"},"content":{"rendered":"\n<p>DP setzt sech weider mat Nodrock dofir an dass d\u2019H\u00e9ichspannungsleitung duerch ons Gemeng <strong>sou weit w\u00e9i m\u00e9iglech vun de Wunnhaiser<\/strong> ewech k\u00ebnnt.<br><\/p>\n\n\n\n<p>S\u00e4itdeem de Projet public ass, g\u00ebtt enk mat de verschiddene Biergerinitiativen a Bierger zesumme geschafft. <br><strong>Transparenz <\/strong>a <strong>Solidarit\u00e9it <\/strong>sinn an d\u00ebsem Dossier di 2 wichtegst Bestanddeeler.<br><\/p>\n\n\n\n<p>DP, virop mam <strong>Christiane Degraux<\/strong>, ass s\u00e4it M\u00e9int onermiddlech am Asaz fir op allen Niveauen sech fir d\u2019Awunner anzesetzen.<br>D\u2019Biergerinitiative krut op verschidden Nofroen immens entt\u00e4uschende Feedback vum \u00cbmwelt- &amp; Gesondheets Minist\u00e8re.<br><\/p>\n\n\n\n<p>D\u2019Problematik vun der Distanz g\u00ebtt do \u00ebnnerschat.<br><\/p>\n\n\n\n<figure class=\"wp-block-image size-large\"><img fetchpriority=\"high\" decoding=\"async\" width=\"1024\" height=\"735\" src=\"https:\/\/www.dp.lu\/lenster\/wp-content\/uploads\/sites\/28\/2023\/05\/Capture-1024x735.jpg\" alt=\"\" class=\"wp-image-575\" srcset=\"https:\/\/www.dp.lu\/lenster\/wp-content\/uploads\/sites\/28\/2023\/05\/Capture-1024x735.jpg 1024w, https:\/\/www.dp.lu\/lenster\/wp-content\/uploads\/sites\/28\/2023\/05\/Capture-300x215.jpg 300w, https:\/\/www.dp.lu\/lenster\/wp-content\/uploads\/sites\/28\/2023\/05\/Capture-768x551.jpg 768w, https:\/\/www.dp.lu\/lenster\/wp-content\/uploads\/sites\/28\/2023\/05\/Capture.jpg 1149w\" sizes=\"(max-width: 1024px) 100vw, 1024px\" \/><\/figure>\n\n\n\n<p>Mat engem Br\u00e9if un d&#8217;Madamm Minister <strong>Paulette Lenert<\/strong> an dem Premierminister <strong>Xavier Bettel<\/strong> ass prob\u00e9iert ginn op Geh\u00e9ier a Versteesdemech ze stoussen. Dat ass geschitt, eng Entrevue t\u00ebschent den Acteuren w\u00e4ert\u00a0h\u00e9chstwarscheinlech stattfannen.<br><\/p>\n\n\n\n<p>Mir sinn iwwerzeegt dass mir eng L\u00e9isung an deem Dossier fannen!<\/p>\n","protected":false},"excerpt":{"rendered":"<p>DP setzt sech weider mat Nodrock dofir an dass d\u2019H\u00e9ichspannungsleitung duerch ons Gemeng sou weit w\u00e9i m\u00e9iglech vun de Wunnhaiser ewech k\u00ebnnt.<\/p>\n","protected":false},"author":55,"featured_media":576,"comment_status":"closed","ping_status":"closed","sticky":false,"template":"","format":"standard","meta":{"footnotes":""},"categories":[1],"tags":[29,31,34,37],"class_list":["post-574","post","type-post","status-publish","format-standard","has-post-thumbnail","hentry","category-news","tag-380kv","tag-creos","tag-dp","tag-junglinster","wpbf-post"],"_links":{"self":[{"href":"https:\/\/www.dp.lu\/lenster\/wp-json\/wp\/v2\/posts\/574","targetHints":{"allow":["GET"]}}],"collection":[{"href":"https:\/\/www.dp.lu\/lenster\/wp-json\/wp\/v2\/posts"}],"about":[{"href":"https:\/\/www.dp.lu\/lenster\/wp-json\/wp\/v2\/types\/post"}],"author":[{"embeddable":true,"href":"https:\/\/www.dp.lu\/lenster\/wp-json\/wp\/v2\/users\/55"}],"replies":[{"embeddable":true,"href":"https:\/\/www.dp.lu\/lenster\/wp-json\/wp\/v2\/comments?post=574"}],"version-history":[{"count":6,"href":"https:\/\/www.dp.lu\/lenster\/wp-json\/wp\/v2\/posts\/574\/revisions"}],"predecessor-version":[{"id":584,"href":"https:\/\/www.dp.lu\/lenster\/wp-json\/wp\/v2\/posts\/574\/revisions\/584"}],"wp:featuredmedia":[{"embeddable":true,"href":"https:\/\/www.dp.lu\/lenster\/wp-json\/wp\/v2\/media\/576"}],"wp:attachment":[{"href":"https:\/\/www.dp.lu\/lenster\/wp-json\/wp\/v2\/media?parent=574"}],"wp:term":[{"taxonomy":"category","embeddable":true,"href":"https:\/\/www.dp.lu\/lenster\/wp-json\/wp\/v2\/categories?post=574"},{"taxonomy":"post_tag","embeddable":true,"href":"https:\/\/www.dp.lu\/lenster\/wp-json\/wp\/v2\/tags?post=574"}],"curies":[{"name":"wp","href":"https:\/\/api.w.org\/{rel}","templated":true}]}}